{"id":51020,"date":"2025-08-30T02:50:21","date_gmt":"2025-08-30T02:50:21","guid":{"rendered":"https:\/\/www.europesays.com\/pt\/51020\/"},"modified":"2025-08-30T02:50:21","modified_gmt":"2025-08-30T02:50:21","slug":"morte-de-otavio-vai-ao-ar-na-proxima-semana-em-a-viagem-saiba-como-sera","status":"publish","type":"post","link":"https:\/\/www.europesays.com\/pt\/51020\/","title":{"rendered":"Morte de Ot\u00e1vio vai ao ar na pr\u00f3xima semana em A Viagem; saiba como ser\u00e1"},"content":{"rendered":"<p>A morte de <a href=\"https:\/\/natelinha.uol.com.br\/novelas\/a-viagem\/personagem\/otavio\" rel=\"nofollow noopener\" target=\"_blank\">Ot\u00e1vio<\/a> (Antonio Fagundes) em <a href=\"https:\/\/natelinha.uol.com.br\/novelas\/a-viagem\" rel=\"nofollow noopener\" target=\"_blank\">A Viagem<\/a> vai ao ar na pr\u00f3xima semana na reprise da novela no Vale a Pena Ver de Novo, na Globo. A sequ\u00eancia marca uma virada na trama, que deve seguir em exibi\u00e7\u00e3o at\u00e9 novembro.<\/p>\n<p>Diagnosticado com uma doen\u00e7a incur\u00e1vel e terminal, Ot\u00e1vio sobrevive \u00e0 enfermidade, mas ser\u00e1 v\u00edtima de um acidente de carro provocado por <a href=\"https:\/\/natelinha.uol.com.br\/novelas\/a-viagem\/personagem\/alexandre\" rel=\"nofollow noopener\" target=\"_blank\">Alexandre<\/a> (Guilherme Fontes) na estrada. O advogado estar\u00e1 sozinho, voltando da fazenda.<\/p>\n<p>+ <a href=\"https:\/\/natelinha.uol.com.br\/novelas\/2025\/08\/29\/america-belissima-e-mais-8-novelas-que-estrearam-ha-20-anos-para-ver-no-streaming--230511.php\" rel=\"nofollow noopener\" target=\"_blank\">Am\u00e9rica, Bel\u00edssima e mais: 8 novelas que estrearam h\u00e1 20 anos para ver no streaming<\/a><\/p>\n<p>continua depois da publicidade<\/p>\n<p><img decoding=\"async\" loading=\"lazy\" class=\"horizontal\" src=\"https:\/\/www.europesays.com\/pt\/wp-content\/uploads\/2025\/08\/globo-a-viagem-alexandre-guilherme-fontes_8739.jpeg\" alt=\"imagem-texto\"\/><\/p>\n<p>O esp\u00edrito de Alexandre aparece primeiro na boleia de um caminh\u00e3o, influenciando o motorista. Depois, ele surge em uma rodovia, provocando o acidente de carro com o rival. O vil\u00e3o sorri diante da trag\u00e9dia de seu inimigo.<\/p>\n<p>+\u00a0<a href=\"https:\/\/natelinha.uol.com.br\/novelas\/2025\/08\/20\/o-momento-hilario-na-cena-do-velorio-de-otavio-em-a-viagem-230157.php\" rel=\"nofollow noopener\" target=\"_blank\">O momento hil\u00e1rio na cena do vel\u00f3rio de Ot\u00e1vio em A Viagem<\/a><\/p>\n<p>+ <a href=\"https:\/\/natelinha.uol.com.br\/novelas\/2025\/08\/27\/alem-de-otavio-quais-personagens-ainda-vao-morrer-em-a-viagem-veja-a-lista-230475.php\" rel=\"nofollow noopener\" target=\"_blank\">Al\u00e9m de Ot\u00e1vio: Quais personagens ainda v\u00e3o morrer em A Viagem? Veja a lista<\/a><\/p>\n<p>+\u00a0<a href=\"https:\/\/natelinha.uol.com.br\/novelas\/2025\/08\/26\/a-viagem-apos-matar-otavio-alexandre-faz-nova-vitima-saiba-quem-230416.php\" rel=\"nofollow noopener\" target=\"_blank\">Ap\u00f3s matar Ot\u00e1vio, Alexandre faz nova v\u00edtima em A Viagem; saiba quem<\/a><\/p>\n<p>+ <a href=\"https:\/\/natelinha.uol.com.br\/novelas\/2025\/08\/21\/a-viagem-revela-vidas-passadas-de-alexandre-otavio-e-dina-veja-a-cena-230212.php\" rel=\"nofollow noopener\" target=\"_blank\">A Viagem revela vidas passadas de Alexandre, Ot\u00e1vio e Din\u00e1; veja a cena<\/a><\/p>\n<p><img decoding=\"async\" loading=\"lazy\" class=\"horizontal\" src=\"https:\/\/www.europesays.com\/pt\/wp-content\/uploads\/2025\/08\/otavio-morre-em-a-viagem_36.jpeg\" alt=\"Morte de Ot\u00e1vio vai ao ar na pr\u00f3xima semana em A Viagem; saiba como ser\u00e1\"\/><\/p>\n<p>Cenas depois, <a href=\"https:\/\/natelinha.uol.com.br\/novelas\/2025\/08\/28\/a-viagem-otavio-morre-chega-no-ceu-e-tem-grande-surpresa-230527.php\" rel=\"nofollow noopener\" target=\"_blank\">Ot\u00e1vio aparecer\u00e1 chegando no Nosso Lar, onde percebe que morreu<\/a>. Por l\u00e1, ter\u00e1 um encontro com a falecida mulher, J\u00falia (Rejane Goulart), e com o pai, Andr\u00e9 (Lafayette Galv\u00e3o).<\/p>\n<p>continua depois da publicidade<\/p>\n<p><a href=\"https:\/\/natelinha.uol.com.br\/novelas\/a-viagem\/personagem\/alberto\" rel=\"nofollow noopener\" target=\"_blank\">Alberto<\/a> (Cl\u00e1udio Cavalcanti) chega ao local do acidente e constata a trag\u00e9dia. Ele ser\u00e1 respons\u00e1vel por dar a not\u00edcia aos filhos do amigo,\u00a0<a href=\"https:\/\/natelinha.uol.com.br\/novelas\/a-viagem\/personagem\/tato\" rel=\"nofollow noopener\" target=\"_blank\">Tato<\/a>\u00a0(Felipe Martins) e\u00a0<a href=\"https:\/\/natelinha.uol.com.br\/novelas\/a-viagem\/personagem\/dudu\" rel=\"nofollow noopener\" target=\"_blank\">Dudu<\/a>\u00a0(Daniel \u00c1vila).<\/p>\n<p><a href=\"https:\/\/natelinha.uol.com.br\/novelas\/a-viagem\/personagem\/dina\" rel=\"nofollow noopener\" target=\"_blank\">Din\u00e1<\/a>\u00a0(Christiane Torloni) tamb\u00e9m surgir\u00e1 inconsol\u00e1vel ap\u00f3s perder seu grande amor. <a href=\"https:\/\/natelinha.uol.com.br\/novelas\/2025\/08\/07\/a-viagem-otavio-morre-e-dina-se-revolta-que-deus-e-esse-229597.php\" rel=\"nofollow noopener\" target=\"_blank\">Ela mostra revolta com Deus<\/a> e implora pela ajuda de Ot\u00e1vio, dizendo que quer ir se encontrar com Ot\u00e1vio onde ele estiver.<\/p>\n<p>                                <img decoding=\"async\" loading=\"lazy\" class=\"horizontal\" alt=\"Imagem da thumbnail do v\u00eddeo\" src=\"https:\/\/www.europesays.com\/pt\/wp-content\/uploads\/2025\/08\/1756522221_217_hqdefault.jpg\"\/><\/p>\n<p>Exibida na Globo em 1994,\u00a0<a href=\"https:\/\/natelinha.uol.com.br\/novelas\/a-viagem\" rel=\"nofollow noopener\" target=\"_blank\">A Viagem<\/a>\u00a0foi escrita por Ivani Ribeiro (1922-1995), com colabora\u00e7\u00e3o de Solange Castro Neves, baseada na novela hom\u00f4nima da autora, exibida pela Tupi em 1975. A dire\u00e7\u00e3o \u00e9 de Ign\u00e1cio Coqueiro e Maur\u00edcio Farias, com dire\u00e7\u00e3o geral de Wolf Maya.<\/p>\n<p>continua depois da publicidade<\/p>\n<p>O\u00a0<strong>NaTelinha<\/strong>\u00a0divulga todos os dias os resumos dos cap\u00edtulos, detalhes dos personagens, entrevistas exclusivas com o elenco e spoilers da novela A Viagem.\u00a0<a href=\"https:\/\/natelinha.uol.com.br\/novelas\" rel=\"nofollow noopener\" target=\"_blank\">Confira!<\/a><\/p>\n","protected":false},"excerpt":{"rendered":"A morte de Ot\u00e1vio (Antonio Fagundes) em A Viagem vai ao ar na pr\u00f3xima semana na reprise da&hellip;\n","protected":false},"author":2,"featured_media":51021,"comment_status":"","ping_status":"","sticky":false,"template":"","format":"standard","meta":{"footnotes":""},"categories":[142],"tags":[2872,14885,114,115,753,13638,32,33,151],"class_list":{"0":"post-51020","1":"post","2":"type-post","3":"status-publish","4":"format-standard","5":"has-post-thumbnail","7":"category-tv","8":"tag-a-viagem","9":"tag-antonio-fagundes","10":"tag-entertainment","11":"tag-entretenimento","12":"tag-globo","13":"tag-otavio-a-viagem","14":"tag-portugal","15":"tag-pt","16":"tag-tv"},"share_on_mastodon":{"url":"","error":""},"_links":{"self":[{"href":"https:\/\/www.europesays.com\/pt\/wp-json\/wp\/v2\/posts\/51020","targetHints":{"allow":["GET"]}}],"collection":[{"href":"https:\/\/www.europesays.com\/pt\/wp-json\/wp\/v2\/posts"}],"about":[{"href":"https:\/\/www.europesays.com\/pt\/wp-json\/wp\/v2\/types\/post"}],"author":[{"embeddable":true,"href":"https:\/\/www.europesays.com\/pt\/wp-json\/wp\/v2\/users\/2"}],"replies":[{"embeddable":true,"href":"https:\/\/www.europesays.com\/pt\/wp-json\/wp\/v2\/comments?post=51020"}],"version-history":[{"count":0,"href":"https:\/\/www.europesays.com\/pt\/wp-json\/wp\/v2\/posts\/51020\/revisions"}],"wp:featuredmedia":[{"embeddable":true,"href":"https:\/\/www.europesays.com\/pt\/wp-json\/wp\/v2\/media\/51021"}],"wp:attachment":[{"href":"https:\/\/www.europesays.com\/pt\/wp-json\/wp\/v2\/media?parent=51020"}],"wp:term":[{"taxonomy":"category","embeddable":true,"href":"https:\/\/www.europesays.com\/pt\/wp-json\/wp\/v2\/categories?post=51020"},{"taxonomy":"post_tag","embeddable":true,"href":"https:\/\/www.europesays.com\/pt\/wp-json\/wp\/v2\/tags?post=51020"}],"curies":[{"name":"wp","href":"https:\/\/api.w.org\/{rel}","templated":true}]}}