{"id":510214,"date":"2026-09-03T11:27:04","date_gmt":"2026-09-03T11:27:04","guid":{"rendered":"https:\/\/www.europesays.com\/pt\/510214\/"},"modified":"2026-09-03T11:27:04","modified_gmt":"2026-09-03T11:27:04","slug":"ataque-em-times-square-erin-a-vitima-mortal-estava-no-primeiro-dia-de-trabalho-apos-licenca-de-maternidade-e-deixa-uma-bebe-de-cinco-meses-celebridades","status":"publish","type":"post","link":"https:\/\/www.europesays.com\/pt\/510214\/","title":{"rendered":"Ataque em Times Square: Erin, a v\u00edtima mortal, estava no primeiro dia de trabalho ap\u00f3s licen\u00e7a de maternidade e deixa uma beb\u00e9 de cinco meses &#8211; Celebridades"},"content":{"rendered":"<p class=\"\">&#13;<br \/>\n        A mulher que foi <b>morta \u00e0 facada em Times Square<\/b>, o local mais movimentado e tur\u00edstico de Nova Iorque, na tarde da passada segunda-feira, dia 31, estava <b>no seu primeiro dia de trabalho depois de ter estado em licen\u00e7a de maternidade.<\/b>&#13;\n    <\/p>\n<p class=\"\">&#13;<br \/>\n        <b>Erin Piacenti<\/b>, de 32 anos, tinha tido <b>uma beb\u00e9 h\u00e1 apenas cinco meses<\/b> e era casada h\u00e1 dois anos com Frank Piacenti. Segundo o &#8216;The New York Times&#8217;, tudo aconteceu por volta das 16h30, hora local.&#13;\n    <\/p>\n<p class=\"\">&#13;<br \/>\n        Erin estava a caminho da sua casa, em Nova J\u00e9rsia, quando foi <b>surpreendida por Pamela Cisneros,<\/b> de 49 anos, que <b>sofria de problemas mentais<\/b> &#8211; segundo o que a sua fam\u00edlia revelou depois \u00e0 imprensa norte-americana. <b>Erin foi esfaqueada na barriga<\/b>, tendo sido ainda transportada com vida para\u00a0o Bellevue Hospital, <b>onde viria a morrer.<\/b>&#13;\n    <\/p>\n<p>                            &#13;<br \/>\n                                <img decoding=\"async\" src=\"https:\/\/www.europesays.com\/pt\/wp-content\/uploads\/2026\/09\/img_590x373uu2026-09-03-10-25-02-411218-im-639240279233341846.png\" loading=\"lazy\" class=\"img-responsive\" alt=\"Pamela Cisneros: \u00e0 esquerda, numa fotografia antiga; \u00e0 direita, momentos antes de ser morta pela pol\u00edcia\"\/>&#13;<\/p>\n<p>&#13;<br \/>\n                                Pamela Cisneros: \u00e0 esquerda, numa fotografia antiga; \u00e0 direita, momentos antes de ser morta pela pol\u00edcia&#13;<br \/>\n                                    Foto: Instagram\/DR&#13;\n                            <\/p>\n<p class=\"\">&#13;<br \/>\n        <b>Cisneros foi morta a tiro pela pol\u00edcia no local, depois de resistir \u00e0 deten\u00e7\u00e3o.<\/b> A mulher, que tinha tr\u00eas filhos e vivia no bairro de Queens, feriu ainda <b>um homem de 68 anos, Tak Kam<\/b>, que continua internado mas fora de perigo.&#13;\n    <\/p>\n<p class=\"\">&#13;<br \/>\n        <b>BANQUEIRA E CORALISTA<\/b>&#13;\n    <\/p>\n<p class=\"\">&#13;<br \/>\n        Erin Piacenti trabalhava <b>no departamento de Business Selection and Conflicts do Bank of America<\/b> desde fevereiro de 2025, depois de ter passado por um escrit\u00f3rio de advogados pela Morgan Stanley.&#13;\n    <\/p>\n<p class=\"\">&#13;<br \/>\n        O Bank of America j\u00e1 lamentou a morte da executiva. \u201c<b>Estamos chocados e profundamente tristes com a tr\u00e1gica perda da nossa colega<\/b>\u201d, afirmou a institui\u00e7\u00e3o, citada pela ag\u00eancia Reuters.&#13;\n    <\/p>\n<p class=\"\">&#13;<br \/>\n        Durante os anos na universidade, onde se licenciou em Ci\u00eancia Pol\u00edtica e fez uma especializa\u00e7\u00e3o em Hist\u00f3ria, Erin integrou a Alpha Phi e <b>o coro Dischord A Cappella, onde era contralto.<\/b>&#13;\n    <\/p>\n<p class=\"\">&#13;<br \/>\n        Erin casou-se em 2024 com Frank Piacenti. O casal celebrara o segundo anivers\u00e1rio de casamento <b>no passado dia 10 de agosto.<\/b>&#13;\n    <\/p>\n<p>    &#13;<br \/>\n        &#13;<br \/>\n        &#13;<br \/>\n&#13;<\/p>\n","protected":false},"excerpt":{"rendered":"&#13; A mulher que foi morta \u00e0 facada em Times Square, o local mais movimentado e tur\u00edstico de&hellip;\n","protected":false},"author":2,"featured_media":510215,"comment_status":"","ping_status":"","sticky":false,"template":"","format":"standard","meta":{"footnotes":"","_share_on_mastodon":"0"},"categories":[50],"tags":[41790,81757,27,28,77845,15,16,14,25,26,21,22,42283,19378,67848,61368,62,40987,12,13,19,20,81270,23,24,60300,17,18,29,30,31,63,64,65],"class_list":["post-510214","post","type-post","status-publish","format-standard","has-post-thumbnail","category-mundo","tag-bank-of-america","tag-bellevue-hospital","tag-breaking-news","tag-breakingnews","tag-em-caso-de-morte","tag-featured-news","tag-featurednews","tag-headlines","tag-latest-news","tag-latestnews","tag-main-news","tag-mainnews","tag-morgan-stanley","tag-morta","tag-morte-da-filha","tag-morte-tragica","tag-mundo","tag-new-york-magazine","tag-news","tag-noticias","tag-noticias-principais","tag-noticiasprincipais","tag-pamela-cisneros","tag-principais-noticias","tag-principaisnoticias","tag-times-square","tag-top-stories","tag-topstories","tag-ultimas","tag-ultimas-noticias","tag-ultimasnoticias","tag-world","tag-world-news","tag-worldnews"],"share_on_mastodon":{"url":"","error":"Validation failed: Text character limit of 500 exceeded"},"_links":{"self":[{"href":"https:\/\/www.europesays.com\/pt\/wp-json\/wp\/v2\/posts\/510214","targetHints":{"allow":["GET"]}}],"collection":[{"href":"https:\/\/www.europesays.com\/pt\/wp-json\/wp\/v2\/posts"}],"about":[{"href":"https:\/\/www.europesays.com\/pt\/wp-json\/wp\/v2\/types\/post"}],"author":[{"embeddable":true,"href":"https:\/\/www.europesays.com\/pt\/wp-json\/wp\/v2\/users\/2"}],"replies":[{"embeddable":true,"href":"https:\/\/www.europesays.com\/pt\/wp-json\/wp\/v2\/comments?post=510214"}],"version-history":[{"count":0,"href":"https:\/\/www.europesays.com\/pt\/wp-json\/wp\/v2\/posts\/510214\/revisions"}],"wp:featuredmedia":[{"embeddable":true,"href":"https:\/\/www.europesays.com\/pt\/wp-json\/wp\/v2\/media\/510215"}],"wp:attachment":[{"href":"https:\/\/www.europesays.com\/pt\/wp-json\/wp\/v2\/media?parent=510214"}],"wp:term":[{"taxonomy":"category","embeddable":true,"href":"https:\/\/www.europesays.com\/pt\/wp-json\/wp\/v2\/categories?post=510214"},{"taxonomy":"post_tag","embeddable":true,"href":"https:\/\/www.europesays.com\/pt\/wp-json\/wp\/v2\/tags?post=510214"}],"curies":[{"name":"wp","href":"https:\/\/api.w.org\/{rel}","templated":true}]}}