{"id":51028,"date":"2025-08-30T03:04:15","date_gmt":"2025-08-30T03:04:15","guid":{"rendered":"https:\/\/www.europesays.com\/pt\/51028\/"},"modified":"2025-08-30T03:04:15","modified_gmt":"2025-08-30T03:04:15","slug":"greys-anatomy-fotos-sinalizam-sobreviventes-de-explosao","status":"publish","type":"post","link":"https:\/\/www.europesays.com\/pt\/51028\/","title":{"rendered":"Grey&#8217;s Anatomy | Fotos sinalizam sobreviventes de explos\u00e3o"},"content":{"rendered":"<p>Pouco a pouco, os mist\u00e9rios em torno dos sobreviventes da explos\u00e3o que encerrou a 21\u00aa temporada de\u00a0<strong>Grey&#8217;s Anatomy<\/strong> come\u00e7am a se elucidar.<\/p>\n<p>Fotos in\u00e9ditas dos primeiros epis\u00f3dios do 22\u00ba ano foram divulgadas nesta sexta-feira (29) pelo portal Entertainment Weekly, mostrando &#8216;vivinhos da silva&#8217; alguns personagens que correram risco de vida na\u00a0season finale.<\/p>\n<p>Os personagens que aparecem s\u00e3os e salvos s\u00e3o Meredith Grey (<strong>Ellen Pompeo<\/strong>), Amelia Shepherd (<strong>Caterina Scorsone<\/strong>),\u00a0Winston Ndugu (<strong>Anthony Hill<\/strong>) e Simone Griffith (<strong>Alexis Floyd<\/strong>).<\/p>\n<p>&#8220;Obviamente, ser\u00e1 preciso reconstruir o hospital. Ent\u00e3o, vamos abordar as consequ\u00eancias por mais tempo do que apenas o primeiro epis\u00f3dio, com certeza \u2014 o trauma emocional e a necessidade de reconstruir o hospital&#8221;, detalhou a produtora da s\u00e9rie,\u00a0<strong>Meg Marinis<\/strong>.<\/p>\n<p>Ela tamb\u00e9m falou sobre a possibilidade de Link (<strong>Chris Carmack<\/strong>) n\u00e3o ter sobrevivido ao desastre, j\u00e1 que ele estava em sala de cirurgia quando a explos\u00e3o aconteceu.<\/p>\n<p>&#8220;Vimos claramente Link em perigo iminente. Teremos que ver se Link sobreviver\u00e1 a essa explos\u00e3o&#8221;, despistou.<\/p>\n<p>A destrui\u00e7\u00e3o do Grey Sloan Memorial foi provocada pelo familiar de um paciente, que fez v\u00e1rias pessoas ref\u00e9ns dentro da cl\u00ednica para depois explodir o local, usando um tanque de gasolina.<\/p>\n<p>A 22\u00aa temporada de\u00a0Grey&#8217;s Anatomy, vale lembrar, estreia em 9 de outubro nos Estados Unidos.<\/p>\n<p>      <strong>Tudo sobre\u00a0Grey&#8217;s Anatomy<\/strong><\/p>\n<p>A 21\u00aa temporada de\u00a0Grey&#8217;s Anatomy\u00a0apresentou\u00a0Michael Thomas Grant\u00a0(Zoey\u2019s Extraordinary Playlist) como James, o novo capel\u00e3o gay do hospital.<\/p>\n<p>Enquanto isso,\u00a0Jake Borelli, que interpretou o m\u00e9dico gay\u00a0Levi Schmitt\u00a0por sete temporadas, e\u00a0Midori Francis, que interpretou a m\u00e9dica bi\u00a0Mika Yasuda\u00a0por duas, retornaram apenas por tempo suficiente para encerrar as hist\u00f3rias de seus personagens.<\/p>\n<p data-gtm-vis-first-on-screen67967661_30=\"5135\" data-gtm-vis-has-fired67967661_30=\"1\" data-gtm-vis-total-visible-time67967661_30=\"100\">A 21\u00aa temporada de Grey&#8217;s Anatomy est\u00e1 em exibi\u00e7\u00e3o exclusivamente no\u00a0Sony Channel. Todas as temporadas anteriores est\u00e3o dispon\u00edveis no\u00a0Disney+.<\/p>\n<p>\u00a0<\/p>\n","protected":false},"excerpt":{"rendered":"Pouco a pouco, os mist\u00e9rios em torno dos sobreviventes da explos\u00e3o que encerrou a 21\u00aa temporada de\u00a0Grey&#8217;s Anatomy&hellip;\n","protected":false},"author":2,"featured_media":51029,"comment_status":"","ping_status":"","sticky":false,"template":"","format":"standard","meta":{"footnotes":""},"categories":[142],"tags":[114,115,32,33,151],"class_list":{"0":"post-51028","1":"post","2":"type-post","3":"status-publish","4":"format-standard","5":"has-post-thumbnail","7":"category-tv","8":"tag-entertainment","9":"tag-entretenimento","10":"tag-portugal","11":"tag-pt","12":"tag-tv"},"share_on_mastodon":{"url":"","error":""},"_links":{"self":[{"href":"https:\/\/www.europesays.com\/pt\/wp-json\/wp\/v2\/posts\/51028","targetHints":{"allow":["GET"]}}],"collection":[{"href":"https:\/\/www.europesays.com\/pt\/wp-json\/wp\/v2\/posts"}],"about":[{"href":"https:\/\/www.europesays.com\/pt\/wp-json\/wp\/v2\/types\/post"}],"author":[{"embeddable":true,"href":"https:\/\/www.europesays.com\/pt\/wp-json\/wp\/v2\/users\/2"}],"replies":[{"embeddable":true,"href":"https:\/\/www.europesays.com\/pt\/wp-json\/wp\/v2\/comments?post=51028"}],"version-history":[{"count":0,"href":"https:\/\/www.europesays.com\/pt\/wp-json\/wp\/v2\/posts\/51028\/revisions"}],"wp:featuredmedia":[{"embeddable":true,"href":"https:\/\/www.europesays.com\/pt\/wp-json\/wp\/v2\/media\/51029"}],"wp:attachment":[{"href":"https:\/\/www.europesays.com\/pt\/wp-json\/wp\/v2\/media?parent=51028"}],"wp:term":[{"taxonomy":"category","embeddable":true,"href":"https:\/\/www.europesays.com\/pt\/wp-json\/wp\/v2\/categories?post=51028"},{"taxonomy":"post_tag","embeddable":true,"href":"https:\/\/www.europesays.com\/pt\/wp-json\/wp\/v2\/tags?post=51028"}],"curies":[{"name":"wp","href":"https:\/\/api.w.org\/{rel}","templated":true}]}}