{"id":51039,"date":"2025-08-30T03:18:27","date_gmt":"2025-08-30T03:18:27","guid":{"rendered":"https:\/\/www.europesays.com\/pt\/51039\/"},"modified":"2025-08-30T03:18:27","modified_gmt":"2025-08-30T03:18:27","slug":"deveria-aprender-com-a-tais","status":"publish","type":"post","link":"https:\/\/www.europesays.com\/pt\/51039\/","title":{"rendered":"&#8216;Deveria aprender com a Ta\u00eds&#8217;"},"content":{"rendered":"<p>\n                        Bella Campos resolveu reagir a uma cr\u00edtica feita contra uma fala dela sobre Vale Tudo e levou outra resposta\n                    <\/p>\n<p class=\"text\">O jornalista <strong>Thiago Pasqualotto<\/strong> compartilhou pelas redes sociais um trecho da entrevista que <strong>Bella Campos<\/strong> deu para o site Omelete na qual a atriz diz n\u00e3o considerar a Maria de F\u00e1tima, personagem que interpreta em <strong>Vale Tudo<\/strong>, uma vil\u00e3.<\/p>\n<p><img loading=\"lazy\" decoding=\"async\" alt=\"F\u00e1tima (Bella Campos) de Vale Tudo\" class=\"img-7a40c3610ab7120a2b8ec8adc9861bb9hhy0he8e\" height=\"435\" src=\"https:\/\/www.europesays.com\/pt\/wp-content\/uploads\/2025\/08\/886347761-maria-de-fatima-bella-campos-de-vale-tudo.jpg\"  title=\"F\u00e1tima (Bella Campos) de Vale Tudo\" width=\"774\"\/><\/p>\n<p>F\u00e1tima (Bella Campos) de Vale Tudo<\/p>\n<p>Foto: Reprodu\u00e7\u00e3o\/TV Globo \/ Contigo<\/p>\n<p class=\"text\">&#8220;Eu n\u00e3o considero Maria de F\u00e1tima uma vil\u00e3, eu tamb\u00e9m considero ela uma v\u00edtima desse momento que a gente vive de ver tantos jovens achando que podem, achando com uma certa coer\u00eancia, assim, que podem vencer se tornando digitais influencers. A gente v\u00ea a internet mudando a vida de tantas pessoas para positivo&#8221;, declara a estrela.<\/p>\n<p class=\"text\">&#8220;Que loucura a Bella Campos n\u00e3o considerar a Maria de F\u00e1tima uma vil\u00e3. Ela roubou a m\u00e3e, ela deu o golpe do ba\u00fa, ela adulterou o rem\u00e9dio de diabetes da melhor amiga dela, que ela tamb\u00e9m esfaqueou pelas costas&#8230; Ser\u00e1 que a gente est\u00e1 vendo a mesma novela?&#8221;, indagou o comunicador.<\/p>\n<p class=\"text\">A famosa fez quest\u00e3o de rebater o apresentador. &#8220;T\u00e1 bom, Thiago, a gente j\u00e1 entendeu que voc\u00ea quer tacar hate, vai, taca!&#8221;, ironizou Campos. &#8220;Quero n\u00e3o, inclusive sempre falei que voc\u00ea surpreendeu positivamente na novela. Achar a sua resposta equivocada n\u00e3o \u00e9 tacar hate, Bella!&#8221;, retrucou Pasqualotto.<\/p>\n<p class=\"text\">&#8220;Que gera\u00e7\u00e3o fraca \u00e9 essa? Discordar de uma fala equivocada \u00e9 tacar hate? Deveria aprender com a Ta\u00eds que deu uma aula de coer\u00eancia, firmeza e coragem hoje&#8221;, enfatizou Thiago ainda, citando a entrevista que Ta\u00eds Araujo deu para a Quem sobre o fato de Raquel ter voltado a vender sandu\u00edche na praia.<\/p>\n<p class=\"text\">&#8220;Confesso que recebi com um susto. Porque n\u00e3o era a trama original. Ent\u00e3o, para mim, a Raquel ia numa curva ascendente. Quando vi aquilo, falei, &#8216;u\u00e9, vai voltar para a praia, gente&#8217;. A\u00ed eu entendi que tamb\u00e9m falei, &#8216;ok, mas ela est\u00e1 escrevendo uma parte da hist\u00f3ria&#8217;. Vamos embora fazer&#8221;, disse a <a href=\"https:\/\/www.instagram.com\/taisdeverdade\/?hl=pt-br\" target=\"_blank\" rel=\"nofollow noopener\">esposa<\/a> de <a href=\"https:\/\/www.terra.com.br\/tudo-sobre\/lazaro-ramos\" target=\"_self\" rel=\"nofollow noopener\">L\u00e1zaro Ramos<\/a>.<\/p>\n<p class=\"text\">&#8220;Quando peguei a Raquel para fazer, falei, &#8216;cara, a narrativa dessa mulher \u00e9 a cara do Brasil. E ela vai ter uma ascens\u00e3o social a partir do trabalho. Vai ser linda e ela vai ascender e ela vai permanecer&#8217;. Isso vai ser uma narrativa muito nova do que a gente v\u00ea sobre representa\u00e7\u00e3o da mulher da negra na teledramaturgia brasileira. Quando vejo que isso n\u00e3o aconteceu, como uma artista que quer contar uma nova narrativa de pa\u00eds, e a dramaturgia proporciona isso, confesso que fico triste e frustrada&#8221;, assumiu Ta\u00eds.<\/p>\n<blockquote class=\"instagram-media\" data-instgrm-captioned=\"\" data-instgrm-permalink=\"https:\/\/www.instagram.com\/reel\/DN1OXZqXh-W\/?utm_source=ig_embed&amp;utm_campaign=loading\" data-instgrm-version=\"14\" style=\" background:#FFF; border:0; border-radius:3px; box-shadow:0 0 1px 0 rgba(0,0,0,0.5),0 1px 10px 0 rgba(0,0,0,0.15); margin: 1px; max-width:540px; min-width:326px; padding:0; width:99.375%; width:-webkit-calc(100% - 2px); width:calc(100% - 2px);\"><p>\n<a href=\"https:\/\/www.instagram.com\/reel\/DN1OXZqXh-W\/?utm_source=ig_embed&amp;utm_campaign=loading\" style=\" background:#FFFFFF; line-height:0; padding:0 0; text-align:center; text-decoration:none; width:100%;\" target=\"_blank\" rel=\"nofollow noopener\"><\/p>\n<p>       Ver essa foto no Instagram <\/p>\n<p> <\/a><\/p>\n<p class=\"text\" style=\" color:#c9c8cd; font-family:Arial,sans-serif; font-size:14px; line-height:17px; margin-bottom:0; margin-top:8px; overflow:hidden; padding:8px 0 7px; text-align:center; text-overflow:ellipsis; white-space:nowrap;\"><a href=\"https:\/\/www.instagram.com\/reel\/DN1OXZqXh-W\/?utm_source=ig_embed&amp;utm_campaign=loading\" style=\" color:#c9c8cd; font-family:Arial,sans-serif; font-size:14px; font-style:normal; font-weight:normal; line-height:17px; text-decoration:none;\" target=\"_blank\" rel=\"nofollow noopener\">Uma publica\u00e7\u00e3o compartilhada por Thiago Pasqualotto (@thiago_p)<\/a><\/p>\n<\/blockquote>\n<blockquote class=\"twitter-tweet\" id=\"1961260773247733873?ref_src=twsrc%5Etfw\">\n<p class=\"text\" dir=\"ltr\" lang=\"pt\">Que gera\u00e7\u00e3o fraca \u00e9 essa? Discordar de 1 fala equivocada \u00e9 tacar hate??<\/p>\n<p class=\"text\">Deveria aprender com a Ta\u00eds que deu uma aula de coer\u00eancia, firmeza e coragem hoje. <a href=\"https:\/\/t.co\/SqCZCoMyBG\" target=\"_blank\" rel=\"nofollow\">pic.twitter.com\/SqCZCoMyBG<\/a><\/p>\n<p class=\"text\">\u2014 Thiago Pasqualotto (@thiago_p) <a href=\"https:\/\/twitter.com\/thiago_p\/status\/1961260773247733873?ref_src=twsrc%5Etfw\" target=\"_blank\" rel=\"nofollow noopener\">August 29, 2025<\/a><\/p>\n<\/blockquote>\n<p>                            <script async src=\"https:\/\/platform.twitter.com\/widgets.js\" charset=\"utf-8\"><\/script><script async src=\"\/\/www.instagram.com\/embed.js\"><\/script><\/p>\n","protected":false},"excerpt":{"rendered":"Bella Campos resolveu reagir a uma cr\u00edtica feita contra uma fala dela sobre Vale Tudo e levou outra&hellip;\n","protected":false},"author":2,"featured_media":51040,"comment_status":"","ping_status":"","sticky":false,"template":"","format":"standard","meta":{"footnotes":""},"categories":[142],"tags":[114,115,32,33,151],"class_list":{"0":"post-51039","1":"post","2":"type-post","3":"status-publish","4":"format-standard","5":"has-post-thumbnail","7":"category-tv","8":"tag-entertainment","9":"tag-entretenimento","10":"tag-portugal","11":"tag-pt","12":"tag-tv"},"share_on_mastodon":{"url":"","error":""},"_links":{"self":[{"href":"https:\/\/www.europesays.com\/pt\/wp-json\/wp\/v2\/posts\/51039","targetHints":{"allow":["GET"]}}],"collection":[{"href":"https:\/\/www.europesays.com\/pt\/wp-json\/wp\/v2\/posts"}],"about":[{"href":"https:\/\/www.europesays.com\/pt\/wp-json\/wp\/v2\/types\/post"}],"author":[{"embeddable":true,"href":"https:\/\/www.europesays.com\/pt\/wp-json\/wp\/v2\/users\/2"}],"replies":[{"embeddable":true,"href":"https:\/\/www.europesays.com\/pt\/wp-json\/wp\/v2\/comments?post=51039"}],"version-history":[{"count":0,"href":"https:\/\/www.europesays.com\/pt\/wp-json\/wp\/v2\/posts\/51039\/revisions"}],"wp:featuredmedia":[{"embeddable":true,"href":"https:\/\/www.europesays.com\/pt\/wp-json\/wp\/v2\/media\/51040"}],"wp:attachment":[{"href":"https:\/\/www.europesays.com\/pt\/wp-json\/wp\/v2\/media?parent=51039"}],"wp:term":[{"taxonomy":"category","embeddable":true,"href":"https:\/\/www.europesays.com\/pt\/wp-json\/wp\/v2\/categories?post=51039"},{"taxonomy":"post_tag","embeddable":true,"href":"https:\/\/www.europesays.com\/pt\/wp-json\/wp\/v2\/tags?post=51039"}],"curies":[{"name":"wp","href":"https:\/\/api.w.org\/{rel}","templated":true}]}}