{"id":5104,"date":"2025-07-28T09:51:13","date_gmt":"2025-07-28T09:51:13","guid":{"rendered":"https:\/\/www.europesays.com\/pt\/5104\/"},"modified":"2025-07-28T09:51:13","modified_gmt":"2025-07-28T09:51:13","slug":"cidade-mais-inclusiva-mais-corajosa","status":"publish","type":"post","link":"https:\/\/www.europesays.com\/pt\/5104\/","title":{"rendered":"cidade &#8216;mais inclusiva, mais corajosa&#8217;"},"content":{"rendered":"\n<p class=\" content-text__container theme-color-primary-first-letter\" data-track-category=\"Link no Texto\" data-track-links=\"\"> Nascido em Burkina Faso, na \u00c1frica Ocidental, Di\u00e9b\u00e9do Francis K\u00e9r\u00e9 \u00e9 reconhecido por seu estilo pioneiro e \u00fanico, com foco nos modos sustent\u00e1veis de constru\u00e7\u00e3o. Em 2022, venceu o pr\u00eamio Pritzker, maior honraria da arquitetura mundial. Convidado a assinar o projeto da Biblioteca do Saber, na regi\u00e3o portu\u00e1ria, visitou o Rio em maio. Em entrevista concedida ao GLOBO por e-mail, K\u00e9r\u00e9 fala sobre como v\u00ea o futuro da cidade. <\/p>\n<ul class=\"content-unordered-list\">\n<li><strong>O Rio em cem anos<\/strong>: <a class=\"\" href=\"https:\/\/oglobo.globo.com\/rio\/noticia\/2025\/07\/20\/o-rio-em-cem-anos-da-expansao-que-acompanhou-os-trilhos-de-trens-e-bondes-ao-povoamento-em-massa-na-zona-oeste.ghtml\" rel=\"nofollow noopener\" target=\"_blank\">da expans\u00e3o que acompanhou os trilhos de trens e bondes ao povoamento em massa na Zona Oeste<\/a><\/li>\n<li><strong>Sua Majestade, o Rei dos buracos<\/strong>: <a class=\"\" href=\"https:\/\/oglobo.globo.com\/rio\/noticia\/2025\/07\/06\/sua-majestade-o-rei-dos-buracos-ruas-de-campo-grande-herdam-trono-dado-pelo-globo-em-sua-primeira-edicao-publicada-ha-cem-anos.ghtml\" rel=\"nofollow noopener\" target=\"_blank\">ruas de Campo Grande herdam \u2018trono\u2019 dado pelo GLOBO em sua primeira edi\u00e7\u00e3o, publicada h\u00e1 cem anos<\/a><\/li>\n<\/ul>\n<p class=\" content-text__container \" data-track-category=\"Link no Texto\" data-track-links=\"\"> <strong>De que forma voc\u00ea imagina o Rio daqui a 100 anos?<\/strong> <\/p>\n<p class=\" content-text__container \" data-track-category=\"Link no Texto\" data-track-links=\"\"> Tive a oportunidade de conhecer diferentes partes do Rio e sentir sua vida cultural vibrante. Se eu imaginar essa grande cidade daqui a cem anos, quero que ela seja ainda mais inclusiva, mais corajosa, mostrando ao mundo um caminho em que a diversidade se torne um catalisador. Diante dessa diversidade incr\u00edvel, espero que se torne um exemplo de cidade multicultural e multi\u00e9tnica vivendo em harmonia. Um lugar para onde pessoas do mundo inteiro olhem em busca de inspira\u00e7\u00e3o. Para isso, precisa se tornar mais aberta, mais acess\u00edvel. Imagino espa\u00e7os p\u00fablicos que transcendam os bairros, onde todos se sintam seguros para se encontrar, se conectar e pertencer. <\/p>\n<p class=\" content-text__container \" data-track-category=\"Link no Texto\" data-track-links=\"\"> <strong>Dada a complexa combina\u00e7\u00e3o de assentamentos informais, paisagens ic\u00f4nicas e \u00e1reas urbanas densas do Rio, que inova\u00e7\u00f5es voc\u00ea acredita que poderiam ajudar a cidade a evoluir de forma sustent\u00e1vel ao longo do pr\u00f3ximo s\u00e9culo?<\/strong> <\/p>\n<p class=\" content-text__container \" data-track-category=\"Link no Texto\" data-track-links=\"\"> Com a mistura complexa de assentamentos informais e \u00e1reas densas do Rio, a inova\u00e7\u00e3o mais importante \u00e9 levar infraestrutura onde ela \u00e9 necess\u00e1ria. Precisamos de vias, saneamento, espa\u00e7os p\u00fablicos seguros, para que as pessoas possam realmente se sentir em casa. Essas \u00e1reas precisam estar melhor conectadas ao restante da cidade, permitindo trocas, deslocamentos e oportunidades. <\/p>\n<p class=\" content-text__container \" data-track-category=\"Link no Texto\" data-track-links=\"\"> Os assentamentos informais precisam respirar. O planejamento urbano deve trazer frescor, seguran\u00e7a e identidade. Dar \u00e0s pessoas orgulho do lugar onde vivem. N\u00e3o s\u00e3o necess\u00e1rias interven\u00e7\u00f5es massivas, mas a\u00e7\u00f5es pequenas e precisas, como uma acupuntura urbana. Devemos encontrar uma maneira de desenvolver um sistema habitacional modular, simples e sustent\u00e1vel, que se encaixe na realidade dos assentamentos informais. <\/p>\n<p class=\" content-text__container \" data-track-category=\"Link no Texto\" data-track-links=\"\"> Ao longo do pr\u00f3ximo s\u00e9culo, as pessoas devem ter a chance de criar seus filhos sem medo, garantir seu sustento, celebrar quem s\u00e3o. Quando as comunidades prosperam, o Rio todo se fortalece. <\/p>\n<p class=\" content-text__container \" data-track-category=\"Link no Texto\" data-track-links=\"\"> <strong>Qual o papel da arquitetura na constru\u00e7\u00e3o de um futuro mais inclusivo para metr\u00f3poles como o Rio?<\/strong> <\/p>\n<p class=\" content-text__container \" data-track-category=\"Link no Texto\" data-track-links=\"\"> A arquitetura pode ser um verdadeiro catalisador do desenvolvimento social. Quando as cidades s\u00e3o pensadas para empoderar as pessoas, elas se apropriam delas, protegem-nas, sentem que pertencem \u00e0quele lugar. Porque participaram da sua constru\u00e7\u00e3o. Precisamos enxergar a arquitetura n\u00e3o apenas como edif\u00edcios, mas como um processo que fortalece as comunidades. Passo a passo, ao longo de cem anos, isso pode construir orgulho. Um orgulho que pode inspirar o Rio e muitas outras cidades ao redor do mundo. <\/p>\n","protected":false},"excerpt":{"rendered":"Nascido em Burkina Faso, na \u00c1frica Ocidental, Di\u00e9b\u00e9do Francis K\u00e9r\u00e9 \u00e9 reconhecido por seu estilo pioneiro e \u00fanico,&hellip;\n","protected":false},"author":2,"featured_media":5105,"comment_status":"","ping_status":"","sticky":false,"template":"","format":"standard","meta":{"footnotes":""},"categories":[144],"tags":[207,205,206,203,201,202,204,114,115,32,33],"class_list":{"0":"post-5104","1":"post","2":"type-post","3":"status-publish","4":"format-standard","5":"has-post-thumbnail","7":"category-arte-e-design","8":"tag-arte","9":"tag-arte-e-design","10":"tag-artedesign","11":"tag-arts","12":"tag-arts-and-design","13":"tag-artsanddesign","14":"tag-design","15":"tag-entertainment","16":"tag-entretenimento","17":"tag-portugal","18":"tag-pt"},"share_on_mastodon":{"url":"","error":""},"_links":{"self":[{"href":"https:\/\/www.europesays.com\/pt\/wp-json\/wp\/v2\/posts\/5104","targetHints":{"allow":["GET"]}}],"collection":[{"href":"https:\/\/www.europesays.com\/pt\/wp-json\/wp\/v2\/posts"}],"about":[{"href":"https:\/\/www.europesays.com\/pt\/wp-json\/wp\/v2\/types\/post"}],"author":[{"embeddable":true,"href":"https:\/\/www.europesays.com\/pt\/wp-json\/wp\/v2\/users\/2"}],"replies":[{"embeddable":true,"href":"https:\/\/www.europesays.com\/pt\/wp-json\/wp\/v2\/comments?post=5104"}],"version-history":[{"count":0,"href":"https:\/\/www.europesays.com\/pt\/wp-json\/wp\/v2\/posts\/5104\/revisions"}],"wp:featuredmedia":[{"embeddable":true,"href":"https:\/\/www.europesays.com\/pt\/wp-json\/wp\/v2\/media\/5105"}],"wp:attachment":[{"href":"https:\/\/www.europesays.com\/pt\/wp-json\/wp\/v2\/media?parent=5104"}],"wp:term":[{"taxonomy":"category","embeddable":true,"href":"https:\/\/www.europesays.com\/pt\/wp-json\/wp\/v2\/categories?post=5104"},{"taxonomy":"post_tag","embeddable":true,"href":"https:\/\/www.europesays.com\/pt\/wp-json\/wp\/v2\/tags?post=5104"}],"curies":[{"name":"wp","href":"https:\/\/api.w.org\/{rel}","templated":true}]}}