{"id":510428,"date":"2026-09-03T14:46:25","date_gmt":"2026-09-03T14:46:25","guid":{"rendered":"https:\/\/www.europesays.com\/pt\/510428\/"},"modified":"2026-09-03T14:46:25","modified_gmt":"2026-09-03T14:46:25","slug":"portugal-deixa-de-receber-carne-do-brasil-agricultores-pedem-medidas-contra-a-ue-e-uma-investigacao-ao-azeite-importado","status":"publish","type":"post","link":"https:\/\/www.europesays.com\/pt\/510428\/","title":{"rendered":"Portugal deixa de receber carne do Brasil. Agricultores pedem medidas contra a UE e uma investiga\u00e7\u00e3o ao azeite importado"},"content":{"rendered":"<p>                89% das quase 90 mil toneladas de azeite importado pelo Brasil em 2025 veio da Uni\u00e3o Europeia, a maioria de Portugal<\/p>\n<p>\u00c9 a resposta ao bloqueio feito pela Uni\u00e3o Europeia \u00e0 compra de carnes de bovino e de aves, al\u00e9m do mel, tripas e pescados oriundos do Brasil, que entra em vigor esta quinta-feira, dia 3 de setembro. A Confedera\u00e7\u00e3o da Agricultura e Pecu\u00e1ria do Brasil (CNA), principal entidade sindical de representa\u00e7\u00e3o e defesa dos interesses dos produtores rurais brasileiros, pediu ao governo medidas em rea\u00e7\u00e3o ao embargo da carne. Quer ainda uma investiga\u00e7\u00e3o sobre a qualidade do azeite importado pelo pa\u00eds. Apesar de no documento apresentado pela CNA n\u00e3o estar qualquer men\u00e7\u00e3o ao azeite com origem na Europa, sabe-se que 89% das quase 90 mil toneladas importada pelo Brasil em 2025 veio da Uni\u00e3o Europeia, sendo a maioria origin\u00e1ria de Portugal, seguido por Espanha e It\u00e1lia.\u00a0<\/p>\n<p>A Confedera\u00e7\u00e3o solicitou ainda ao Minist\u00e9rio das Rela\u00e7\u00f5es Exteriores que fosse acionado o Mecanismo de Reequilibro de Concess\u00f5es para exigir um equil\u00edbrio comercial atrav\u00e9s de compensa\u00e7\u00f5es equivalentes. O Brasil \u00e9 o segundo maior fornecedor de carne bovina da Uni\u00e3o Europeia, representando uma economia superior a 906 milh\u00f5es de euros, o que equivalente a 5,86% das receitas obtidas pelo pa\u00eds com as exporta\u00e7\u00f5es do produto, segundo o Folha de S. Paulo.\u00a0<\/p>\n<p>A Associa\u00e7\u00e3o Brasileira das Ind\u00fastrias Exportadoras de Carne garantiu esta quarta-feira, 2 de setembro, que o Minist\u00e9rio da Agricultura e Pecu\u00e1ria tinha apresentado \u00e0s autoridades europeias garantias sobre o controlo do uso de antimicrobianos.\u00a0<\/p>\n<p>Contudo, a Comiss\u00e3o Europeia j\u00e1 tinha avan\u00e7ado na ter\u00e7a-feira, dia 1 de setembro, que os argumentos apresentados pelo pa\u00eds n\u00e3o eram satisfat\u00f3rios, j\u00e1 que o Brasil n\u00e3o apresentou garantias suficientes sobre o cumprimento das normas. \u201c\u00c9 oficial: a carne bovina brasileira sai do menu a partir de quinta-feira, na Irlanda e na Europa. A Comiss\u00e3o europeia confirmou-me que quest\u00f5es de seguran\u00e7a alimentar n\u00e3o foram resolvidas\u201d, escreveu o eurodeputado irland\u00eas Ciaran Mulloly nas redes sociais.<\/p>\n<p>Segundo a jornalista Ana Siedschlag, do Exame, portal de not\u00edcias econ\u00f3micas do Brasil, a Comiss\u00e3o Europeia e o Brasil continuam a trabalhar para levantar a restri\u00e7\u00e3o o mais r\u00e1pido poss\u00edvel. \u201cAs exporta\u00e7\u00f5es de frango podem ser retomadas em poucas semanas\u201d, caso uma nova avalia\u00e7\u00e3o tenha um resultado positivo, enquanto a \u201ccarne bovina deve levar mais tempo para voltar ao mercado europeu devido ao ciclo mais longo de produ\u00e7\u00e3o animal\u201d, explicou a jornalista.<\/p>\n<p>Recorde-se que o Brasil foi retirado de uma lista de pa\u00edses que cumprem as regras da Uni\u00e3o Europeia em maio deste ano, ap\u00f3s uma press\u00e3o de produtores europeus depois da assinatura do acordo de livre com\u00e9rcio com pa\u00edses do Mercosul, o bloco econ\u00f3mico regional sul-americano. Em causa estava um problema sanit\u00e1rio, j\u00e1 que o pa\u00eds n\u00e3o cumpriu no prazo indicado as regras europeias sobre o uso de antibi\u00f3ticos na cria\u00e7\u00e3o dos animais.<\/p>\n","protected":false},"excerpt":{"rendered":"89% das quase 90 mil toneladas de azeite importado pelo Brasil em 2025 veio da Uni\u00e3o Europeia, a&hellip;\n","protected":false},"author":2,"featured_media":510429,"comment_status":"","ping_status":"","sticky":false,"template":"","format":"standard","meta":{"footnotes":"","_share_on_mastodon":"0"},"categories":[50],"tags":[609,836,611,726,27,28,20549,81768,607,608,333,832,604,135,610,476,15,16,301,830,14,603,25,26,570,21,22,831,833,62,834,12,13,19,20,835,602,52,32,23,24,17,18,29,30,31,636,63,64,65],"class_list":["post-510428","post","type-post","status-publish","format-standard","has-post-thumbnail","category-mundo","tag-alerta","tag-analise","tag-ao-minuto","tag-brasil","tag-breaking-news","tag-breakingnews","tag-carne","tag-carne-de-vaca","tag-cnn","tag-cnn-portugal","tag-comentadores","tag-costa","tag-crime","tag-desporto","tag-direto","tag-economia","tag-featured-news","tag-featurednews","tag-governo","tag-guerra","tag-headlines","tag-justica","tag-latest-news","tag-latestnews","tag-live","tag-main-news","tag-mainnews","tag-mais-vistas","tag-marcelo","tag-mundo","tag-negocios","tag-news","tag-noticias","tag-noticias-principais","tag-noticiasprincipais","tag-opiniao","tag-pais","tag-politica","tag-portugal","tag-principais-noticias","tag-principaisnoticias","tag-top-stories","tag-topstories","tag-ultimas","tag-ultimas-noticias","tag-ultimasnoticias","tag-uniao-europeia","tag-world","tag-world-news","tag-worldnews"],"share_on_mastodon":{"url":"","error":"Validation failed: Text character limit of 500 exceeded"},"_links":{"self":[{"href":"https:\/\/www.europesays.com\/pt\/wp-json\/wp\/v2\/posts\/510428","targetHints":{"allow":["GET"]}}],"collection":[{"href":"https:\/\/www.europesays.com\/pt\/wp-json\/wp\/v2\/posts"}],"about":[{"href":"https:\/\/www.europesays.com\/pt\/wp-json\/wp\/v2\/types\/post"}],"author":[{"embeddable":true,"href":"https:\/\/www.europesays.com\/pt\/wp-json\/wp\/v2\/users\/2"}],"replies":[{"embeddable":true,"href":"https:\/\/www.europesays.com\/pt\/wp-json\/wp\/v2\/comments?post=510428"}],"version-history":[{"count":0,"href":"https:\/\/www.europesays.com\/pt\/wp-json\/wp\/v2\/posts\/510428\/revisions"}],"wp:featuredmedia":[{"embeddable":true,"href":"https:\/\/www.europesays.com\/pt\/wp-json\/wp\/v2\/media\/510429"}],"wp:attachment":[{"href":"https:\/\/www.europesays.com\/pt\/wp-json\/wp\/v2\/media?parent=510428"}],"wp:term":[{"taxonomy":"category","embeddable":true,"href":"https:\/\/www.europesays.com\/pt\/wp-json\/wp\/v2\/categories?post=510428"},{"taxonomy":"post_tag","embeddable":true,"href":"https:\/\/www.europesays.com\/pt\/wp-json\/wp\/v2\/tags?post=510428"}],"curies":[{"name":"wp","href":"https:\/\/api.w.org\/{rel}","templated":true}]}}