{"id":510438,"date":"2026-09-03T14:58:40","date_gmt":"2026-09-03T14:58:40","guid":{"rendered":"https:\/\/www.europesays.com\/pt\/510438\/"},"modified":"2026-09-03T14:58:40","modified_gmt":"2026-09-03T14:58:40","slug":"angelina-jolie-na-alta-costura-com-baixa-voltagem-dramatica-observador","status":"publish","type":"post","link":"https:\/\/www.europesays.com\/pt\/510438\/","title":{"rendered":"Angelina Jolie na alta costura com baixa voltagem dram\u00e1tica \u2013 Observador"},"content":{"rendered":"<p>A francesa Alice Winocour \u00e9 uma realizadora bissexta. Ora faz um filme bom e interessante (Maryland, Mem\u00f3rias de Paris), ora passa ao lado do alvo (Augustine, O Espa\u00e7o Entre N\u00f3s). A sua nova fita, Couture, ambientada nos bastidores da moda de Paris (Winocour foi a primeira cineasta a ter acesso \u00e0s instala\u00e7\u00f5es da Chanel), pertence \u00e0 segunda categoria, apesar de ter Angelina Jolie como produtora e no papel principal. Jolie interpreta Maxine, uma realizadora de filmes indie em ascens\u00e3o e com prefer\u00eancia pelo terror, que vem a Paris rodar a curta-metragem de abertura da apresenta\u00e7\u00e3o da nova cole\u00e7\u00e3o de uma grande marca, e descobre que tem cancro da mama, precisando de come\u00e7ar a ser tratada o mais depressa poss\u00edvel.<\/p>\n<p><strong>[Veja o \u201ctrailer\u201d de \u201cCouture\u201d:]<\/strong><\/p>\n<p>Al\u00e9m de Maxine, que \u00e9 a personagem principal e o centro dram\u00e1tico do filme, Couture segue, paralelamente, duas outras mulheres ligadas ao mundo da moda. Ada (Anyier Anei), uma adolescente sudanesa aspirante a modelo recentemente \u201cdescoberta\u201d por um agente, que est\u00e1 refugiada com a fam\u00edlia no Qu\u00e9nia, quer estudar Farm\u00e1cia e se v\u00ea de s\u00fabito numa cidade estranha e num ambiente que desconhece; e Ang\u00e8le (Ella Rumpf), uma maquilhadora freelancer que est\u00e1 a escrever um livro passado no mundo da moda, e se aconselha, entre trabalhos, com um editor, na esperan\u00e7a de ser publicada.<\/p>\n<p><strong>[Veja uma entrevista com a realizadora:]<\/strong><\/p>\n<p>H\u00e1 ainda uma outra personagem, mais secund\u00e1ria e discreta. Christine (Garance Marillier), uma jovem costureira que est\u00e1 a fazer o vestido que Ada vai usar na abertura do desfile, e \u00e9 como que a representante da realizadora no filme: \u00e9 ela que tem de assegurar que fica tudo bem cosido e ningu\u00e9m faz m\u00e1 figura. <strong>Temos assim, em Couture, tr\u00eas mulheres no mundo da moda e as suas hist\u00f3rias: uma que n\u00e3o lhe est\u00e1 associada e veio apenas fazer um trabalho (Maxine); outra que hesita entre fazer carreira nele, ou virar-lhe as costas (Ada); e outra que labuta no seu interior mas n\u00e3o quer ficar l\u00e1 para sempre. <\/strong>Todas s\u00e3o postas perante escolhas dif\u00edceis, e a de Maxine \u00e9 a mais dr\u00e1stica: ou faz o seu pr\u00f3ximo filme, ou se submete \u00e0 quimioterapia.<\/p>\n<p><strong>[Veja Angelina Jolie falar sobre o filme:]<\/strong><\/p>\n<p><strong>Existe uma liga\u00e7\u00e3o direta entre Maxine e Angelina Jolie, que em 2013 fez uma dupla mastectomia, seguida de cirurgia reconstrutiva, para prevenir o cancro na mama de que morreu a sua m\u00e3e, com apenas 56 anos. A situa\u00e7\u00e3o da personagem decerto dir\u00e1 muito \u00e0 atriz, que pretender\u00e1 consciencializar as mulheres sobre este assunto.<\/strong> \u00c9 compreens\u00edvel e louv\u00e1vel. Mas n\u00e3o \u00e9 por isso que Couture n\u00e3o deixa de ser um filme dram\u00e1tica, narrativa e visualmente inerte, descolorido e raso, em que a personagem de Jolie \u00e9 a \u00fanica suficientemente desenvolvida para captar a nossa empatia<strong> (Louis Garrel e Vincent Lindon tamb\u00e9m aparecem, em figuras estereotipadas e utilit\u00e1rias, respetivamente no diretor de fotografia de Maxine e no m\u00e9dico que lhe dete<\/strong><strong>ta o tumor).<\/strong><\/p>\n<p><strong>Alice Winocour, igualmente autora do argumento, tamb\u00e9m pouco ou nada tem a mostrar ou a dizer sobre o mundo da moda que j\u00e1 n\u00e3o saibamos, ou que j\u00e1 n\u00e3o tenha sido mostrado, dito e redito noutros filmes l\u00e1 ambientados,<\/strong> sejam dramas, sejam com\u00e9dias, de Pr\u00eat-a-Porter, de Robert Altman e Linha Fantasma, de Paul Thomas Anderson, a Chique!, de J\u00earome Cornuaud e Alta Costura, de Sylvie Ohayon, entre muitos outros. Se trabalhasse numa grande casa de moda parisiense como a do filme, e apresentasse aos seus superiores o equivalente de Couture em vestido, ou era despedida, ou ficava a apanhar agulhas durante bastante tempo.<\/p>\n","protected":false},"excerpt":{"rendered":"A francesa Alice Winocour \u00e9 uma realizadora bissexta. Ora faz um filme bom e interessante (Maryland, Mem\u00f3rias de&hellip;\n","protected":false},"author":2,"featured_media":510439,"comment_status":"","ping_status":"","sticky":false,"template":"","format":"standard","meta":{"footnotes":"","_share_on_mastodon":"0"},"categories":[85],"tags":[470,315,114,115,7299,32,33],"class_list":["post-510438","post","type-post","status-publish","format-standard","has-post-thumbnail","category-entretenimento","tag-cinema","tag-cultura","tag-entertainment","tag-entretenimento","tag-estreia-da-semana","tag-portugal","tag-pt"],"share_on_mastodon":{"url":"https:\/\/pubeurope.com\/@pt\/117207702547543363","error":""},"_links":{"self":[{"href":"https:\/\/www.europesays.com\/pt\/wp-json\/wp\/v2\/posts\/510438","targetHints":{"allow":["GET"]}}],"collection":[{"href":"https:\/\/www.europesays.com\/pt\/wp-json\/wp\/v2\/posts"}],"about":[{"href":"https:\/\/www.europesays.com\/pt\/wp-json\/wp\/v2\/types\/post"}],"author":[{"embeddable":true,"href":"https:\/\/www.europesays.com\/pt\/wp-json\/wp\/v2\/users\/2"}],"replies":[{"embeddable":true,"href":"https:\/\/www.europesays.com\/pt\/wp-json\/wp\/v2\/comments?post=510438"}],"version-history":[{"count":0,"href":"https:\/\/www.europesays.com\/pt\/wp-json\/wp\/v2\/posts\/510438\/revisions"}],"wp:featuredmedia":[{"embeddable":true,"href":"https:\/\/www.europesays.com\/pt\/wp-json\/wp\/v2\/media\/510439"}],"wp:attachment":[{"href":"https:\/\/www.europesays.com\/pt\/wp-json\/wp\/v2\/media?parent=510438"}],"wp:term":[{"taxonomy":"category","embeddable":true,"href":"https:\/\/www.europesays.com\/pt\/wp-json\/wp\/v2\/categories?post=510438"},{"taxonomy":"post_tag","embeddable":true,"href":"https:\/\/www.europesays.com\/pt\/wp-json\/wp\/v2\/tags?post=510438"}],"curies":[{"name":"wp","href":"https:\/\/api.w.org\/{rel}","templated":true}]}}