{"id":51052,"date":"2025-08-30T03:32:18","date_gmt":"2025-08-30T03:32:18","guid":{"rendered":"https:\/\/www.europesays.com\/pt\/51052\/"},"modified":"2025-08-30T03:32:18","modified_gmt":"2025-08-30T03:32:18","slug":"final-de-dexter-resurrection-sofre-leak","status":"publish","type":"post","link":"https:\/\/www.europesays.com\/pt\/51052\/","title":{"rendered":"Final de Dexter: Resurrection sofre leak"},"content":{"rendered":"<p>Se \u00e9s f\u00e3 de Dexter: Resurrection, tem muito cuidado nos pr\u00f3ximos dias: o final da primeira temporada da s\u00e9rie foi alvo de uma fuga de informa\u00e7\u00e3o e j\u00e1 circulam spoilers na internet, gra\u00e7as a uma vers\u00e3o russa do \u00faltimo epis\u00f3dio que surgiu online.<\/p>\n<p>O d\u00e9cimo e \u00faltimo epis\u00f3dio apenas vai para o ar na pr\u00f3xima semana, e por isso, s\u00f3 te podemos recomendar muito cuidado nas redes sociais &#8211; talvez o melhor seja mesmo colocares em mute Dexter e outras palavras e termos relacionados com a s\u00e9rie.<\/p>\n<p>Os f\u00e3s temem que esta fuga de informa\u00e7\u00e3o prejudique as audi\u00eancias de Dexter: Resurrection, especialmente depois da prequela Dexter: Original Sin ter sido cancelada ap\u00f3s a primeira temporada.<\/p>\n<p>Dexter: Resurrection d\u00e1 seguimento aos eventos de Dexter: New Blood, que por sua vez foi uma continua\u00e7\u00e3o da s\u00e9rie original de 2006 que se tornou um cl\u00e1ssico. Resurrection centra-se em Dexter enquanto este procura o seu filho Harrison em Nova Iorque, onde existe uma rede de assassinos maior do que se possa imaginar e a pol\u00edcia est\u00e1 no seu encal\u00e7o.<\/p>\n<p>Michael C. Hall repete o seu papel titular na s\u00e9rie, que est\u00e1 agora dispon\u00edvel para transmiss\u00e3o na Paramount Plus. O epis\u00f3dio final vai para o ar a 5 de setembro.<\/p>\n<p>Pedro Pestana \u00e9 viciado em gaming, caf\u00e9 e voleibol, sensivelmente nesta ordem. Podem encontrar alguns dos seus devaneios no <a href=\"https:\/\/www.threads.net\/@pmnpestana\" rel=\"noopener nofollow\" target=\"_blank\">Threads<\/a> ou <a href=\"https:\/\/bsky.app\/profile\/pmnpestana.bsky.social\" rel=\"noopener nofollow\" target=\"_blank\">Bluesky<\/a><\/p>\n","protected":false},"excerpt":{"rendered":"Se \u00e9s f\u00e3 de Dexter: Resurrection, tem muito cuidado nos pr\u00f3ximos dias: o final da primeira temporada da&hellip;\n","protected":false},"author":2,"featured_media":51053,"comment_status":"","ping_status":"","sticky":false,"template":"","format":"standard","meta":{"footnotes":""},"categories":[142],"tags":[114,115,32,33,151],"class_list":{"0":"post-51052","1":"post","2":"type-post","3":"status-publish","4":"format-standard","5":"has-post-thumbnail","7":"category-tv","8":"tag-entertainment","9":"tag-entretenimento","10":"tag-portugal","11":"tag-pt","12":"tag-tv"},"share_on_mastodon":{"url":"","error":""},"_links":{"self":[{"href":"https:\/\/www.europesays.com\/pt\/wp-json\/wp\/v2\/posts\/51052","targetHints":{"allow":["GET"]}}],"collection":[{"href":"https:\/\/www.europesays.com\/pt\/wp-json\/wp\/v2\/posts"}],"about":[{"href":"https:\/\/www.europesays.com\/pt\/wp-json\/wp\/v2\/types\/post"}],"author":[{"embeddable":true,"href":"https:\/\/www.europesays.com\/pt\/wp-json\/wp\/v2\/users\/2"}],"replies":[{"embeddable":true,"href":"https:\/\/www.europesays.com\/pt\/wp-json\/wp\/v2\/comments?post=51052"}],"version-history":[{"count":0,"href":"https:\/\/www.europesays.com\/pt\/wp-json\/wp\/v2\/posts\/51052\/revisions"}],"wp:featuredmedia":[{"embeddable":true,"href":"https:\/\/www.europesays.com\/pt\/wp-json\/wp\/v2\/media\/51053"}],"wp:attachment":[{"href":"https:\/\/www.europesays.com\/pt\/wp-json\/wp\/v2\/media?parent=51052"}],"wp:term":[{"taxonomy":"category","embeddable":true,"href":"https:\/\/www.europesays.com\/pt\/wp-json\/wp\/v2\/categories?post=51052"},{"taxonomy":"post_tag","embeddable":true,"href":"https:\/\/www.europesays.com\/pt\/wp-json\/wp\/v2\/tags?post=51052"}],"curies":[{"name":"wp","href":"https:\/\/api.w.org\/{rel}","templated":true}]}}