{"id":510534,"date":"2026-09-03T16:25:11","date_gmt":"2026-09-03T16:25:11","guid":{"rendered":"https:\/\/www.europesays.com\/pt\/510534\/"},"modified":"2026-09-03T16:25:11","modified_gmt":"2026-09-03T16:25:11","slug":"potencias-cobicam-estas-ilhas-elas-querem-dinheiro-para-sobreviver-ao-que-ai-vem","status":"publish","type":"post","link":"https:\/\/www.europesays.com\/pt\/510534\/","title":{"rendered":"Pot\u00eancias cobi\u00e7am estas ilhas; elas querem dinheiro para sobreviver ao que a\u00ed vem"},"content":{"rendered":"<p class=\"wp-caption-text top\"><a href=\"https:\/\/commons.wikimedia.org\/wiki\/File:Aerial_view_of_Tuvalu%E2%80%99s_capital,_Funafuti,_2011._Tuvalu_is_a_remote_country_of_low_lying_atolls,_making_it_vulnerable_to_climate_change._Photo-_Lily-Anne_Homasi_-_DFAT_%2812779656093%29.jpg\" rel=\"nofollow noopener\" data-wpel-link=\"external\" class=\"ext-link\" target=\"_blank\">Lily-Anne Homasi\/DFAT \/ Wikimedia Commons<\/a><\/p>\n<p><img loading=\"eager\" fetchpriority=\"high\" decoding=\"async\" class=\"wp-image-686922 size-kopa-image-size-3\" src=\"https:\/\/www.europesays.com\/pt\/wp-content\/uploads\/2026\/09\/b55727480ef8cef0594e30676c81b12b-783x450.jpg\" alt=\"\" width=\"700\" height=\"402\"  \/><\/p>\n<p><strong>As sedentas pot\u00eancias mundiais v\u00e3o pagar a fatura clim\u00e1tica de Palau, Vanuatu, Tuvalu, Tonga e outras ilhas do pac\u00edfico. Ou, pelo menos, \u00e9 isso que elas querem que aconte\u00e7a.<\/strong><\/p>\n<p>Os pa\u00edses insulares do <strong>Pac\u00edfico<\/strong> est\u00e3o a tentar aproveitar a crescente disputa geopol\u00edtica pela regi\u00e3o para obter financiamento destinado a enfrentar os efeitos das altera\u00e7\u00f5es clim\u00e1ticas, que amea\u00e7am territ\u00f3rios, economias e comunidades.<\/p>\n<p>Reunidos esta semana em <a href=\"https:\/\/zap.aeiou.pt\/tag\/palau\" data-wpel-link=\"internal\" rel=\"nofollow noopener\" target=\"_blank\">Palau<\/a> para a cimeira anual do<strong> F\u00f3rum das Ilhas do Pac\u00edfico<\/strong>, l\u00edderes da regi\u00e3o voltaram a alertar que a subida do n\u00edvel do mar e o aumento da frequ\u00eancia e intensidade de fen\u00f3menos meteorol\u00f3gicos extremos representam uma amea\u00e7a \u00e0 sobreviv\u00eancia de v\u00e1rios pa\u00edses.<\/p>\n<p>\u201cTemos de ir para o interior, mas falta financiamento\u201d<\/p>\n<p>Em <strong>Melekeok<\/strong>, no litoral da maior ilha de Palau, as \u00e1guas do Pac\u00edfico entram nas casas durante tempestades, levando as autoridades a preparar a transfer\u00eancia da popula\u00e7\u00e3o para zonas mais elevadas.<\/p>\n<p>\u201cContinuamos a dizer ao parlamento que precisamos de nos mudar para o interior\u201d, afirmou \u00e0 ag\u00eancia Associated Press (AP) Bol Sebalt, de 43 anos, funcion\u00e1ria parlamentar e volunt\u00e1ria numa equipa local de resposta a cat\u00e1strofes. \u201cMas, devido \u00e0 falta de financiamento, n\u00e3o conseguimos faz\u00ea-lo\u201d, acrescentou.<\/p>\n<p>Sebalt mudou-se h\u00e1 quase um ano para uma zona residencial que est\u00e1 a ser preparada no interior para acolher os cerca de 300 habitantes de Melekeok, mas continua a ser a \u00fanica residente. O financiamento necess\u00e1rio para instalar canaliza\u00e7\u00e3o, saneamento e ilumina\u00e7\u00e3o p\u00fablica tem chegado de forma fragmentada e demasiado lenta, explicou.<\/p>\n<p>\u201cN\u00e3o conseguimos avan\u00e7ar mais depressa do que as altera\u00e7\u00f5es clim\u00e1ticas\u201d, concluiu.<\/p>\n<p>ONU reconhece pela 1.\u00aa vez: \u00e9 inevit\u00e1vel falhar meta do Acordo de Paris<\/p>\n<p>Os alertas dos pa\u00edses insulares foram refor\u00e7ados esta semana por um relat\u00f3rio das <strong>Na\u00e7\u00f5es Unidas<\/strong>, segundo o qual o planeta dever\u00e1 ultrapassar nos pr\u00f3ximos anos o limite de aumento da temperatura de 1,5 graus Celsius face aos n\u00edveis pr\u00e9-industriais, estabelecido no Acordo de Paris de 2015.<\/p>\n<p>\u201cAs perdas e danos s\u00e3o uma realidade que j\u00e1 existe no meu pa\u00eds\u201d, afirmou o ministro da Adapta\u00e7\u00e3o Clim\u00e1tica de <a href=\"https:\/\/zap.aeiou.pt\/tag\/vanuatu\" data-wpel-link=\"internal\" rel=\"nofollow noopener\" target=\"_blank\">Vanuatu<\/a>, Ralph Regenvanu.<\/p>\n<p>Segundo o governante, uma ultrapassagem daquele limite agravar\u00e1 perdas econ\u00f3micas e n\u00e3o econ\u00f3micas que \u201cnenhum financiamento pode restaurar totalmente\u201d, incluindo \u201cterras ancestrais, patrim\u00f3nio e identidade\u201d.<\/p>\n<p>Os pa\u00edses do Pac\u00edfico t\u00eam pressionado os maiores emissores mundiais para reduzirem as emiss\u00f5es de gases com efeito de estufa e manterem o aquecimento global dentro do limite de 1,5 graus.<\/p>\n<p>\u201cN\u00e3o h\u00e1 outra sa\u00edda\u201d, afirmou o ministro das Altera\u00e7\u00f5es Clim\u00e1ticas de <a href=\"https:\/\/zap.aeiou.pt\/tag\/tuvalu\" data-wpel-link=\"internal\" rel=\"nofollow noopener\" target=\"_blank\">Tuvalu<\/a>, Maina Talia. \u201cA \u00fanica sa\u00edda para n\u00f3s \u00e9 continuarmos a pressionar para manter 1,5 graus, para permanecermos vivos e nos nossos pa\u00edses\u201d, acrescentou.<\/p>\n<p>O aquecimento dos oceanos amea\u00e7a tamb\u00e9m a pesca do atum no Pac\u00edfico, respons\u00e1vel por cerca de 30% das capturas mundiais, assim como os mangais onde se reproduzem v\u00e1rias esp\u00e9cies, segundo a Comunidade do Pac\u00edfico (SPC), organiza\u00e7\u00e3o cient\u00edfica regional.<\/p>\n<p>O Presidente de Palau, Surangel Whipps Jr., defendeu que as grandes pot\u00eancias interessadas em refor\u00e7ar a presen\u00e7a no Pac\u00edfico poderiam canalizar recursos para projetos clim\u00e1ticos, incluindo o objetivo de transformar a regi\u00e3o na primeira do mundo alimentada inteiramente por energias renov\u00e1veis.<\/p>\n<p>A regi\u00e3o tornou-se nos \u00faltimos anos palco de uma crescente disputa por influ\u00eancia entre a <strong>China<\/strong> e os <strong>Estados Unidos<\/strong> e respetivos aliados, incluindo em torno das rela\u00e7\u00f5es diplom\u00e1ticas com <strong>Taiwan<\/strong>.<\/p>\n<p>As tens\u00f5es ficaram novamente patentes na abertura da cimeira, quando representantes de Pequim e Taip\u00e9 foram colocados na mesma fila durante a cerim\u00f3nia. Os pa\u00edses do Pac\u00edfico procuram, por\u00e9m, evitar que as disputas geopol\u00edticas desviem aten\u00e7\u00f5es daquela que consideram a principal amea\u00e7a \u00e0 regi\u00e3o.<\/p>\n<p>Um fundo criado pelos membros do F\u00f3rum das Ilhas do Pac\u00edfico para financiar diretamente pequenos projetos de adapta\u00e7\u00e3o clim\u00e1tica ainda n\u00e3o conseguiu angariar os montantes esperados junto dos principais doadores.<\/p>\n<p>O Mecanismo de Resili\u00eancia do Pac\u00edfico (PRF, na sigla em ingl\u00eas), que dever\u00e1 ter sede em <a href=\"https:\/\/zap.aeiou.pt\/tag\/tonga\" data-wpel-link=\"internal\" rel=\"nofollow noopener\" target=\"_blank\">Tonga<\/a>, pretende reduzir a burocracia associada \u00e0s institui\u00e7\u00f5es financeiras internacionais e permitir que os recursos cheguem mais rapidamente \u00e0s comunidades.<\/p>\n<p>\u201cAs institui\u00e7\u00f5es financeiras internacionais t\u00eam processos muito demorados para disponibilizar o financiamento de acesso direto de que precisamos no Pac\u00edfico\u201d, afirmou \u00e0 AP o primeiro-ministro de Tonga, Fatafehi Fakafanua.<\/p>\n","protected":false},"excerpt":{"rendered":"Lily-Anne Homasi\/DFAT \/ Wikimedia Commons As sedentas pot\u00eancias mundiais v\u00e3o pagar a fatura clim\u00e1tica de Palau, Vanuatu, Tuvalu,&hellip;\n","protected":false},"author":2,"featured_media":510535,"comment_status":"","ping_status":"","sticky":false,"template":"","format":"standard","meta":{"footnotes":"","_share_on_mastodon":"0"},"categories":[50],"tags":[5291,27,28,2271,637,476,413,15,16,4006,14,25,26,21,22,2219,62,12,13,19,20,9110,910,37675,4007,23,24,81782,17,18,2338,29,30,31,81783,63,64,65],"class_list":["post-510534","post","type-post","status-publish","format-standard","has-post-thumbnail","category-mundo","tag-aquecimento-global","tag-breaking-news","tag-breakingnews","tag-clima","tag-diplomacia","tag-economia","tag-eua","tag-featured-news","tag-featurednews","tag-geopolitica","tag-headlines","tag-latest-news","tag-latestnews","tag-main-news","tag-mainnews","tag-mar","tag-mundo","tag-news","tag-noticias","tag-noticias-principais","tag-noticiasprincipais","tag-oceanografia","tag-onu","tag-palau","tag-politica-internacional","tag-principais-noticias","tag-principaisnoticias","tag-tonga","tag-top-stories","tag-topstories","tag-tuvalu","tag-ultimas","tag-ultimas-noticias","tag-ultimasnoticias","tag-vanuatu","tag-world","tag-world-news","tag-worldnews"],"share_on_mastodon":{"url":"","error":"Validation failed: Text character limit of 500 exceeded"},"_links":{"self":[{"href":"https:\/\/www.europesays.com\/pt\/wp-json\/wp\/v2\/posts\/510534","targetHints":{"allow":["GET"]}}],"collection":[{"href":"https:\/\/www.europesays.com\/pt\/wp-json\/wp\/v2\/posts"}],"about":[{"href":"https:\/\/www.europesays.com\/pt\/wp-json\/wp\/v2\/types\/post"}],"author":[{"embeddable":true,"href":"https:\/\/www.europesays.com\/pt\/wp-json\/wp\/v2\/users\/2"}],"replies":[{"embeddable":true,"href":"https:\/\/www.europesays.com\/pt\/wp-json\/wp\/v2\/comments?post=510534"}],"version-history":[{"count":0,"href":"https:\/\/www.europesays.com\/pt\/wp-json\/wp\/v2\/posts\/510534\/revisions"}],"wp:featuredmedia":[{"embeddable":true,"href":"https:\/\/www.europesays.com\/pt\/wp-json\/wp\/v2\/media\/510535"}],"wp:attachment":[{"href":"https:\/\/www.europesays.com\/pt\/wp-json\/wp\/v2\/media?parent=510534"}],"wp:term":[{"taxonomy":"category","embeddable":true,"href":"https:\/\/www.europesays.com\/pt\/wp-json\/wp\/v2\/categories?post=510534"},{"taxonomy":"post_tag","embeddable":true,"href":"https:\/\/www.europesays.com\/pt\/wp-json\/wp\/v2\/tags?post=510534"}],"curies":[{"name":"wp","href":"https:\/\/api.w.org\/{rel}","templated":true}]}}