{"id":51054,"date":"2025-08-30T03:34:08","date_gmt":"2025-08-30T03:34:08","guid":{"rendered":"https:\/\/www.europesays.com\/pt\/51054\/"},"modified":"2025-08-30T03:34:08","modified_gmt":"2025-08-30T03:34:08","slug":"batman-alan-ritchson-revela-ter-conversado-com-james-gunn-sobre-possibilidade-de-viver-o-heroi","status":"publish","type":"post","link":"https:\/\/www.europesays.com\/pt\/51054\/","title":{"rendered":"&#8216;Batman&#8217;: Alan Ritchson revela ter conversado com James Gunn sobre possibilidade de viver o her\u00f3i"},"content":{"rendered":"<p><strong>\u2018Batman: The Brave and the Bold\u2019<\/strong>, longa de <strong>James Gunn<\/strong> que marcar\u00e1 a estreia do Cavaleiro das Trevas no DCEU, segue envolto em mist\u00e9rios, principalmente sobre o ator que assumir\u00e1 o manto do her\u00f3i.<\/p>\n<p>Entre os nomes especulados pelos f\u00e3s, destaca-se <strong>Alan Ritchson<\/strong>, que revelou, durante uma entrevista \u00e0 <a href=\"https:\/\/variety.com\/2025\/film\/global\/alan-ritchson-motor-city-batman-casting-1236500321\/\" rel=\"nofollow noopener\" target=\"_blank\">Variety<\/a>, ter conversado com<strong> James Gunn<\/strong> sobre a possibilidade.<\/p>\n<p>\u201cBem, n\u00e3o \u00e9 rumor que James Gunn \u00e9 f\u00e3. Ele mesmo disse isso. E eu sou f\u00e3 de James Gunn? Absolutamente. N\u00e3o quero enganar ningu\u00e9m. Palavras foram trocadas sobre o Batman. Mas eu realmente n\u00e3o acredito que o Batman esteja no meu futuro. Eu acredito que h\u00e1 algo no meu futuro com a DC. E eu gostaria que isso permanecesse verdadeiro\u201d, disse o ator.<\/p>\n<p>Vale lembrar que o filme <strong>\u2018Batman: The Brave and the Bold\u2019<\/strong> apresentar\u00e1 uma nova vers\u00e3o do Cavaleiro das Trevas dentro do DCU, em uma continuidade completamente separada da vista em<strong> \u2018The Batman\u2019<\/strong>, estrelado por <strong>Robert Pattinson<\/strong> e dirigido por <strong>Matt Reeves.<\/strong><\/p>\n<p><img fetchpriority=\"high\" decoding=\"async\" class=\"alignnone wp-image-660593 size-full\" src=\"https:\/\/www.europesays.com\/pt\/wp-content\/uploads\/2025\/08\/batman-begins.jpg\" alt=\"batman begins\" width=\"728\" height=\"410\"  \/><\/p>\n<p>Vale lembrar: o pr\u00f3ximo filme do her\u00f3i,<strong> \u2018The Batman \u2013 Parte II\u2019<\/strong>, dirigido por <strong>Matt Reeves<\/strong>, tem in\u00edcio das filmagens previsto para a primavera de 2026 (outono no Brasil), com estreia marcada para 1\u00ba de outubro de 2027.<\/p>\n<p>Al\u00e9m de \u2018<strong>The Batman II<\/strong>\u2018, o calend\u00e1rio da DC para <strong>2026<\/strong> inclui \u2018<strong>Supergirl: A Mulher do Amanh\u00e3<\/strong>\u2018, \u2018<strong>Cara de Barro<\/strong>\u2018 e a s\u00e9rie \u2018<strong>Lanterns<\/strong>\u2018, na <strong>HBO<\/strong>.<\/p>\n<p>Relembre o trailer do primeiro filme:<\/p>\n","protected":false},"excerpt":{"rendered":"\u2018Batman: The Brave and the Bold\u2019, longa de James Gunn que marcar\u00e1 a estreia do Cavaleiro das Trevas&hellip;\n","protected":false},"author":2,"featured_media":51055,"comment_status":"","ping_status":"","sticky":false,"template":"","format":"standard","meta":{"footnotes":""},"categories":[140],"tags":[1947,14889,14890,12962,14891,14892,2945,14893,114,115,3639,147,148,14894,7320,14895,14896,14897,14898,12978,14899,14900,14901,14902,14903,14904,146,14905,32,33,14906,14907,14908,14909,14910,14911,14912,14913],"class_list":{"0":"post-51054","1":"post","2":"type-post","3":"status-publish","4":"format-standard","5":"has-post-thumbnail","7":"category-filmes","8":"tag-alan-ritchson","9":"tag-batman-robin","10":"tag-batman-eternamente","11":"tag-coringa","12":"tag-cristin-milioti","13":"tag-danny-devito","14":"tag-dc","15":"tag-deirdre-oconnell","16":"tag-entertainment","17":"tag-entretenimento","18":"tag-featured","19":"tag-film","20":"tag-filmes","21":"tag-francois-chau","22":"tag-james-gunn","23":"tag-james-madio","24":"tag-john-turturro","25":"tag-joker","26":"tag-jon-hamm","27":"tag-liga-da-justica","28":"tag-mad-men","29":"tag-mare-of-easttown","30":"tag-matt-reeves","31":"tag-mattson-tomlin","32":"tag-michael-kelly","33":"tag-michael-zegen","34":"tag-movies","35":"tag-o-cavaleiro-das-trevas","36":"tag-portugal","37":"tag-pt","38":"tag-rhenzy-feliz","39":"tag-rob-bredow","40":"tag-robert-pattinson","41":"tag-scott-cohen","42":"tag-shohreh-aghdashloo","43":"tag-the-batman-ii","44":"tag-the-lighthouse","45":"tag-uma-thurman"},"share_on_mastodon":{"url":"","error":""},"_links":{"self":[{"href":"https:\/\/www.europesays.com\/pt\/wp-json\/wp\/v2\/posts\/51054","targetHints":{"allow":["GET"]}}],"collection":[{"href":"https:\/\/www.europesays.com\/pt\/wp-json\/wp\/v2\/posts"}],"about":[{"href":"https:\/\/www.europesays.com\/pt\/wp-json\/wp\/v2\/types\/post"}],"author":[{"embeddable":true,"href":"https:\/\/www.europesays.com\/pt\/wp-json\/wp\/v2\/users\/2"}],"replies":[{"embeddable":true,"href":"https:\/\/www.europesays.com\/pt\/wp-json\/wp\/v2\/comments?post=51054"}],"version-history":[{"count":0,"href":"https:\/\/www.europesays.com\/pt\/wp-json\/wp\/v2\/posts\/51054\/revisions"}],"wp:featuredmedia":[{"embeddable":true,"href":"https:\/\/www.europesays.com\/pt\/wp-json\/wp\/v2\/media\/51055"}],"wp:attachment":[{"href":"https:\/\/www.europesays.com\/pt\/wp-json\/wp\/v2\/media?parent=51054"}],"wp:term":[{"taxonomy":"category","embeddable":true,"href":"https:\/\/www.europesays.com\/pt\/wp-json\/wp\/v2\/categories?post=51054"},{"taxonomy":"post_tag","embeddable":true,"href":"https:\/\/www.europesays.com\/pt\/wp-json\/wp\/v2\/tags?post=51054"}],"curies":[{"name":"wp","href":"https:\/\/api.w.org\/{rel}","templated":true}]}}