{"id":510540,"date":"2026-09-03T16:29:17","date_gmt":"2026-09-03T16:29:17","guid":{"rendered":"https:\/\/www.europesays.com\/pt\/510540\/"},"modified":"2026-09-03T16:29:17","modified_gmt":"2026-09-03T16:29:17","slug":"lito-sousa-continuara-tratamento-em-casa-diz-mulher-do-influenciador-nao-esta-de-alta-hospitalar","status":"publish","type":"post","link":"https:\/\/www.europesays.com\/pt\/510540\/","title":{"rendered":"Lito Sousa continuar\u00e1 tratamento em casa, diz mulher do influenciador: &#8220;N\u00e3o est\u00e1 de alta hospitalar&#8221;"},"content":{"rendered":"<p>Lito foi internado ap\u00f3s ser <strong>diagnosticado com a doen\u00e7a de Creutzfeldt-Jakob (DCJ)<\/strong>, condi\u00e7\u00e3o neurodegenerativa rara causada por prote\u00ednas chamadas pr\u00edons. A doen\u00e7a pode provocar dem\u00eancia, desordem cerebral, tremores e perda de habilidades motoras. Atualmente, <strong>n\u00e3o h\u00e1 tratamento para a condi\u00e7\u00e3o<\/strong>, e os cuidados dispon\u00edveis s\u00e3o voltados ao controle dos sintomas.<\/p>\n","protected":false},"excerpt":{"rendered":"Lito foi internado ap\u00f3s ser diagnosticado com a doen\u00e7a de Creutzfeldt-Jakob (DCJ), condi\u00e7\u00e3o neurodegenerativa rara causada por prote\u00ednas&hellip;\n","protected":false},"author":2,"featured_media":510541,"comment_status":"","ping_status":"","sticky":false,"template":"","format":"standard","meta":{"footnotes":"","_share_on_mastodon":"0"},"categories":[145],"tags":[211,210,114,115,6048,2732,32,33],"class_list":["post-510540","post","type-post","status-publish","format-standard","has-post-thumbnail","category-celebridades","tag-celebridades","tag-celebrities","tag-entertainment","tag-entretenimento","tag-estadao-conteudo","tag-geral","tag-portugal","tag-pt"],"share_on_mastodon":{"url":"","error":""},"_links":{"self":[{"href":"https:\/\/www.europesays.com\/pt\/wp-json\/wp\/v2\/posts\/510540","targetHints":{"allow":["GET"]}}],"collection":[{"href":"https:\/\/www.europesays.com\/pt\/wp-json\/wp\/v2\/posts"}],"about":[{"href":"https:\/\/www.europesays.com\/pt\/wp-json\/wp\/v2\/types\/post"}],"author":[{"embeddable":true,"href":"https:\/\/www.europesays.com\/pt\/wp-json\/wp\/v2\/users\/2"}],"replies":[{"embeddable":true,"href":"https:\/\/www.europesays.com\/pt\/wp-json\/wp\/v2\/comments?post=510540"}],"version-history":[{"count":0,"href":"https:\/\/www.europesays.com\/pt\/wp-json\/wp\/v2\/posts\/510540\/revisions"}],"wp:featuredmedia":[{"embeddable":true,"href":"https:\/\/www.europesays.com\/pt\/wp-json\/wp\/v2\/media\/510541"}],"wp:attachment":[{"href":"https:\/\/www.europesays.com\/pt\/wp-json\/wp\/v2\/media?parent=510540"}],"wp:term":[{"taxonomy":"category","embeddable":true,"href":"https:\/\/www.europesays.com\/pt\/wp-json\/wp\/v2\/categories?post=510540"},{"taxonomy":"post_tag","embeddable":true,"href":"https:\/\/www.europesays.com\/pt\/wp-json\/wp\/v2\/tags?post=510540"}],"curies":[{"name":"wp","href":"https:\/\/api.w.org\/{rel}","templated":true}]}}