{"id":510596,"date":"2026-09-03T17:06:28","date_gmt":"2026-09-03T17:06:28","guid":{"rendered":"https:\/\/www.europesays.com\/pt\/510596\/"},"modified":"2026-09-03T17:06:28","modified_gmt":"2026-09-03T17:06:28","slug":"aldi-lanca-aspirador-vertical-estilo-dyson-ao-preco-mais-baixo-do-mercado","status":"publish","type":"post","link":"https:\/\/www.europesays.com\/pt\/510596\/","title":{"rendered":"Aldi lan\u00e7a aspirador vertical (estilo Dyson) ao pre\u00e7o mais baixo do mercado"},"content":{"rendered":"<p>Quem est\u00e1 a procura de um aspirador vertical sem gastar uma fortuna vai gostar desta <a href=\"https:\/\/www.magazine-hd.com\/apps\/wp\/aldi-lanca-tenis-estilo-merrell-preco-mais-baixo-sempre-2\/\" target=\"_blank\" rel=\"noopener nofollow\">novidade<\/a> do Aldi! Assim sendo a cadeia alem\u00e3 traz de volta o Aspirador Vertical AMBIANO.<\/p>\n<p>Um modelo que continua a ser comparado aos <a href=\"https:\/\/www.aldi.pt\/\" target=\"_blank\" rel=\"noopener nofollow\">aspiradores<\/a> da Dyson pelo design, mas que desta vez chega com o maior desconto de sempre, com 50%.<\/p>\n<p>Ou seja, o equipamento passa dos habituais 39,99\u20ac para apenas 19,99\u20ac. Uma redu\u00e7\u00e3o significativa face \u00e0s campanhas anteriores do mesmo produto, que normalmente rondavam os 25% de desconto.<\/p>\n<p>Pot\u00eancia e autonomia semelhantes \u00e0 gama alta da Dyson<br \/>\n<img loading=\"lazy\" decoding=\"async\" class=\"size-full wp-image-784681\" src=\"https:\/\/www.europesays.com\/pt\/wp-content\/uploads\/2026\/09\/aldi-dyson.webp\" alt=\"aldi dyson\" width=\"678\" height=\"268\"  \/>\u00a9 Aldi<\/p>\n<p>Ao n\u00edvel t\u00e9cnico, o aspirador mant\u00e9m as caracter\u00edsticas que j\u00e1 o tornaram popular em campanhas anteriores. Ou seja, 600 W de pot\u00eancia e um reservat\u00f3rio de p\u00f3 sem saco com capacidade aproximada de 900 ml, suficiente para v\u00e1rias limpezas sem necessidade de esvaziar com frequ\u00eancia. O filtro HEPA lav\u00e1vel ajuda a reter poeiras e alerg\u00e9nios, o que \u00e9 um ponto a favor para quem tem animais ou \u00e9 mais sens\u00edvel ao p\u00f3 em casa.<\/p>\n<p>O conjunto inclui ainda acess\u00f3rios variados, como bocais e escovas espec\u00edficas. Vis\u00edveis na imagem promocional, que mostram a versatilidade do aparelho para diferentes superf\u00edcies e cantos dif\u00edceis. Al\u00e9m disso, o produto vem com tr\u00eas anos de garantia.<\/p>\n<p>            <img decoding=\"async\" src=\"https:\/\/www.europesays.com\/pt\/wp-content\/uploads\/2026\/09\/1788455188_99_spider-man-um-novo-dia.jpg\" alt=\"Homem-Aranha: Um Novo Dia\"\/><\/p>\n<p>\n                &#8220;Homem-Aranha: Um Novo Dia&#8221;\n            <\/p>\n<p>Diferen\u00e7a de pre\u00e7o gigante<\/p>\n<p>A compara\u00e7\u00e3o com a Dyson faz sentido pelo aspeto. Ou seja, o corpo cil\u00edndrico, cabe\u00e7a girat\u00f3ria e tubo comprido remetem diretamente para os modelos mais conhecidos da marca brit\u00e2nica, que custam facilmente mais de 300\u20ac.<\/p>\n<p>Aqui, a diferen\u00e7a de pre\u00e7o \u00e9 gigante, ainda que valha a pena lembrar que a pot\u00eancia de suc\u00e7\u00e3o e a autonomia da bateria n\u00e3o competem diretamente com equipamentos de gama premium. No entanto, para limpezas r\u00e1pidas e manuten\u00e7\u00e3o do dia a dia, cumpre bem a fun\u00e7\u00e3o.<\/p>\n<p>Al\u00e9m disso, trata se de um modelo recarreg\u00e1vel, pelo que a mobilidade sem fios \u00e9 um dos principais atrativos face a aspiradores tradicionais com cabo.<\/p>\n<p>Assim sendo, o Aspirador Vertical AMBIANO estar\u00e1 dispon\u00edvel nas <a href=\"https:\/\/www.magazine-hd.com\/apps\/wp\/aldi-lanca-mochila-estilo-kanken-preco-mais-baixo-sempre\/\" target=\"_blank\" rel=\"noopener nofollow\">lojas<\/a> Aldi em Portugal a partir de s\u00e1bado, 12 de setembro, por 19,99\u20ac.<\/p>\n","protected":false},"excerpt":{"rendered":"Quem est\u00e1 a procura de um aspirador vertical sem gastar uma fortuna vai gostar desta novidade do Aldi!&hellip;\n","protected":false},"author":2,"featured_media":510597,"comment_status":"","ping_status":"","sticky":false,"template":"","format":"standard","meta":{"footnotes":"","_share_on_mastodon":"0"},"categories":[85],"tags":[15370,21550,2402,16690,114,115,635,68513,32,2406,33],"class_list":["post-510596","post","type-post","status-publish","format-standard","has-post-thumbnail","category-entretenimento","tag-aldi","tag-aspirador","tag-descontos","tag-dyson","tag-entertainment","tag-entretenimento","tag-novidade","tag-pechincha","tag-portugal","tag-promocao","tag-pt"],"share_on_mastodon":{"url":"https:\/\/pubeurope.com\/@pt\/117208206315888239","error":""},"_links":{"self":[{"href":"https:\/\/www.europesays.com\/pt\/wp-json\/wp\/v2\/posts\/510596","targetHints":{"allow":["GET"]}}],"collection":[{"href":"https:\/\/www.europesays.com\/pt\/wp-json\/wp\/v2\/posts"}],"about":[{"href":"https:\/\/www.europesays.com\/pt\/wp-json\/wp\/v2\/types\/post"}],"author":[{"embeddable":true,"href":"https:\/\/www.europesays.com\/pt\/wp-json\/wp\/v2\/users\/2"}],"replies":[{"embeddable":true,"href":"https:\/\/www.europesays.com\/pt\/wp-json\/wp\/v2\/comments?post=510596"}],"version-history":[{"count":0,"href":"https:\/\/www.europesays.com\/pt\/wp-json\/wp\/v2\/posts\/510596\/revisions"}],"wp:featuredmedia":[{"embeddable":true,"href":"https:\/\/www.europesays.com\/pt\/wp-json\/wp\/v2\/media\/510597"}],"wp:attachment":[{"href":"https:\/\/www.europesays.com\/pt\/wp-json\/wp\/v2\/media?parent=510596"}],"wp:term":[{"taxonomy":"category","embeddable":true,"href":"https:\/\/www.europesays.com\/pt\/wp-json\/wp\/v2\/categories?post=510596"},{"taxonomy":"post_tag","embeddable":true,"href":"https:\/\/www.europesays.com\/pt\/wp-json\/wp\/v2\/tags?post=510596"}],"curies":[{"name":"wp","href":"https:\/\/api.w.org\/{rel}","templated":true}]}}