{"id":510636,"date":"2026-09-03T17:35:32","date_gmt":"2026-09-03T17:35:32","guid":{"rendered":"https:\/\/www.europesays.com\/pt\/510636\/"},"modified":"2026-09-03T17:35:32","modified_gmt":"2026-09-03T17:35:32","slug":"vai-entrar-no-big-brother-all-stars-vencedora-de-peso-deixa-poucas-duvidas-tudo-o-que-vem-ai-big-brother-verao-2026-ultimas-noticias-videos-e-diretos","status":"publish","type":"post","link":"https:\/\/www.europesays.com\/pt\/510636\/","title":{"rendered":"Vai entrar no \u00abBig Brother All Stars\u00bb? Vencedora de peso deixa poucas d\u00favidas: \u00abTudo o que vem a\u00ed&#8230;\u00bb &#8211; Big Brother Ver\u00e3o 2026: \u00daltimas Not\u00edcias, V\u00eddeos e Diretos"},"content":{"rendered":"<p><a href=\"https:\/\/tvi.iol.pt\/bigbrother\/jessica-vieira\/declaracao-de-amor\/jessica-vieira-faz-partilha-amorosa-com-direito-a-declaracao-apaixonem-se-por-alguem-que-olhe-para-voces\" rel=\"noopener noreferrer nofollow\" target=\"_self\"><strong>J\u00e9ssica Vieira<\/strong><\/a> decidiu abrandar o ritmo e regressar \u00e0s origens. A vencedora do Big Brother Ver\u00e3o 2025 revelou que sentiu necessidade de fazer uma pausa, mas deixou ainda em aberto a possibilidade de entrar no Big Brother All Stars.<\/p>\n<p>Nas redes sociais, J\u00e9ssica partilhou v\u00e1rios momentos da passagem pela cidade do Porto e explicou aos seguidores aquilo que a levou a regressar: \u00ab<strong>Quando sinto que preciso de parar sei sempre onde recorrer\u00bb<\/strong>, come\u00e7ou por escrever.<\/p>\n<p>Mas a frase mais importante deste desabafo est\u00e1 no fim. <strong>\u00abEstou mais leve, com o cora\u00e7\u00e3o cheio e ainda mais vontade para tudo o que vem a\u00ed\u00bb<\/strong>, rematou J\u00e9ssica Vieira. Ser\u00e1 esta a uma dica de que poder\u00e1 ser concorrente do novo formato?<\/p>\n<p>Para a antiga concorrente da TVI, esta foi uma oportunidade para recuperar algumas das rotinas e sensa\u00e7\u00f5es que associa \u00e0 cidade onde viveu durante tanto tempo: \u00abUma fugida ao meu Porto, entre comida que me \u00e9 casa, os lugares onde era rotina ir, cheiros que trazem mem\u00f3rias e gargalhadas com as minhas pessoas\u00bb, contou.<\/p>\n<p>\u00abPrecisava mesmo de parar\u00bb <\/p>\n<p>J\u00e9ssica Vieira n\u00e3o escondeu que esta pausa surgiu num momento em que sentia necessidade de recuperar energias: \u00abPrecisava mesmo de parar, respirar e recarregar\u00bb, confessou.<\/p>\n<p><a href=\"https:\/\/tvi.iol.pt\/bigbrother\/jessica-vieira\/namorado\/ja-nao-esconde-jessica-vieira-publica-primeira-foto-ao-lado-do-novo-amor\" rel=\"noopener noreferrer nofollow\" target=\"_self\">A vencedora do reality refletiu ainda sobre as mudan\u00e7as que t\u00eam acontecido na sua vida <\/a>e a import\u00e2ncia de, mesmo perante novas etapas, continuar a ter um lugar e pessoas \u00e0s quais pode regressar: \u00abA vida muda, n\u00f3s mudamos e, no meio de tanta coisa a acontecer, \u00e9 bom voltar para onde o cora\u00e7\u00e3o se sente em casa\u00bb, afirmou.<\/p>\n<p>J\u00e9ssica destacou ainda aqueles que permanecem ao seu lado independentemente das mudan\u00e7as, descrevendo-os como \u00abos de sempre\u00bb e as pessoas que s\u00e3o \u00abcasa, colo e o meu pilar\u00bb.<\/p>\n<p>\u00a0<\/p>\n<p>\u00abEstou mais leve\u00bb <\/p>\n<p>\u00a0<\/p>\n<p>No regresso \u00e0quela que \u00e9 agora tamb\u00e9m a sua casa, J\u00e9ssica ainda encontrou tempo para refletir sobre o momento que est\u00e1 a viver e mostrar-se grata pelo caminho percorrido: \u00abA vida vai acontecendo, e que nunca nos falte a capacidade de agradecer o bom, e at\u00e9 o menos bom, porque tamb\u00e9m \u00e9 ele que nos faz crescer e ser mais\u00bb, escreveu.<\/p>\n<p>\u00a0<\/p>\n<p><strong>Depois desta pausa, a antiga concorrente garante sentir os efeitos positivos do reencontro com as suas ra\u00edzes e com aqueles de quem mais gosta.<\/strong><\/p>\n<p>\u00a0<\/p>\n<p><strong>\u00abEstou mais leve, com o cora\u00e7\u00e3o cheio e ainda mais vontade para tudo o que vem a\u00ed\u00bb<\/strong>, rematou J\u00e9ssica Vieira.<\/p>\n<p>\u00a0<\/p>\n<p>Recorde o momento da vit\u00f3ria de J\u00e9ssica Vieira no Big Brother Ver\u00e3o, em 2025:<\/p>\n","protected":false},"excerpt":{"rendered":"J\u00e9ssica Vieira decidiu abrandar o ritmo e regressar \u00e0s origens. A vencedora do Big Brother Ver\u00e3o 2025 revelou&hellip;\n","protected":false},"author":2,"featured_media":510637,"comment_status":"","ping_status":"","sticky":false,"template":"","format":"standard","meta":{"footnotes":"","_share_on_mastodon":"0"},"categories":[85],"tags":[331,48,333,328,335,336,114,115,334,332,330,1417,338,13,32,33,162,227],"class_list":["post-510636","post","type-post","status-publish","format-standard","has-post-thumbnail","category-entretenimento","tag-big","tag-big-brother","tag-comentadores","tag-concorrentes","tag-confrontos","tag-discussoes","tag-entertainment","tag-entretenimento","tag-exclusivos","tag-expulso","tag-gala","tag-jessica-vieira","tag-maria-botelho-moniz","tag-noticias","tag-portugal","tag-pt","tag-tvi","tag-videos"],"share_on_mastodon":{"url":"https:\/\/pubeurope.com\/@pt\/117208319461201262","error":""},"_links":{"self":[{"href":"https:\/\/www.europesays.com\/pt\/wp-json\/wp\/v2\/posts\/510636","targetHints":{"allow":["GET"]}}],"collection":[{"href":"https:\/\/www.europesays.com\/pt\/wp-json\/wp\/v2\/posts"}],"about":[{"href":"https:\/\/www.europesays.com\/pt\/wp-json\/wp\/v2\/types\/post"}],"author":[{"embeddable":true,"href":"https:\/\/www.europesays.com\/pt\/wp-json\/wp\/v2\/users\/2"}],"replies":[{"embeddable":true,"href":"https:\/\/www.europesays.com\/pt\/wp-json\/wp\/v2\/comments?post=510636"}],"version-history":[{"count":0,"href":"https:\/\/www.europesays.com\/pt\/wp-json\/wp\/v2\/posts\/510636\/revisions"}],"wp:featuredmedia":[{"embeddable":true,"href":"https:\/\/www.europesays.com\/pt\/wp-json\/wp\/v2\/media\/510637"}],"wp:attachment":[{"href":"https:\/\/www.europesays.com\/pt\/wp-json\/wp\/v2\/media?parent=510636"}],"wp:term":[{"taxonomy":"category","embeddable":true,"href":"https:\/\/www.europesays.com\/pt\/wp-json\/wp\/v2\/categories?post=510636"},{"taxonomy":"post_tag","embeddable":true,"href":"https:\/\/www.europesays.com\/pt\/wp-json\/wp\/v2\/tags?post=510636"}],"curies":[{"name":"wp","href":"https:\/\/api.w.org\/{rel}","templated":true}]}}