{"id":51064,"date":"2025-08-30T03:46:21","date_gmt":"2025-08-30T03:46:21","guid":{"rendered":"https:\/\/www.europesays.com\/pt\/51064\/"},"modified":"2025-08-30T03:46:21","modified_gmt":"2025-08-30T03:46:21","slug":"vem-ai-em-a-protegida-jd-lamenta-ter-conhecido-a-mae-no-dia-da-sua-morte-novelas","status":"publish","type":"post","link":"https:\/\/www.europesays.com\/pt\/51064\/","title":{"rendered":"Vem a\u00ed em \u00abA Protegida\u00bb: JD lamenta ter conhecido a m\u00e3e no dia da sua morte &#8211; Novelas"},"content":{"rendered":"<p>Em \u00abA Protegida\u00bb, <a href=\"https:\/\/tvi.iol.pt\/novelas\/search?pagina=1&amp;pesquisa=alexandra+lencastre\" rel=\"nofollow noopener\" target=\"_blank\">Laura (Alexandra Lencastre)<\/a> agradece a <a href=\"https:\/\/tvi.iol.pt\/novelas\/search?pagina=1&amp;pesquisa=marina+mota\" rel=\"nofollow noopener\" target=\"_blank\">Anita (Marina Mota)<\/a> e <a href=\"https:\/\/tvi.iol.pt\/novelas\/search?pagina=1&amp;pesquisa=christian+escuredo\" rel=\"nofollow noopener\" target=\"_blank\">Hector (Christian Escuredo)<\/a> por terem concordado em fazer a homenagem a <a href=\"https:\/\/tvi.iol.pt\/novelas\/search?pagina=1&amp;pesquisa=sandra+faleiro\" rel=\"nofollow noopener\" target=\"_blank\">Teresa (Sahdra Faleiro)<\/a>. Laura ainda est\u00e1 muito abalada com o que aconteceu e custa-lhe a crer que tenha perdido a amiga. Laura diz que ela a ajudou num momento muito importante e Jorge fica desconfort\u00e1vel.<\/p>\n<p>Todos olham surpreendidos para <a href=\"https:\/\/tvi.iol.pt\/novelas\/search?pagina=1&amp;pesquisa=sara+barradas\" rel=\"nofollow noopener\" target=\"_blank\">Isabel (Sara Barradas)<\/a>. <a href=\"https:\/\/tvi.iol.pt\/novelas\/search?pagina=1&amp;pesquisa=joaquim+horta\" rel=\"nofollow noopener\" target=\"_blank\">\u00d3scar (Joaquim Horta)<\/a> revela que foi <a href=\"https:\/\/tvi.iol.pt\/novelas\/search?pagina=1&amp;pesquisa=pedro+sousa\" rel=\"nofollow noopener\" target=\"_blank\">JD (Pedro Sousa)<\/a> que encontrou Teresa e tentou ajud\u00e1-la, por isso tem todo o direito de estar ali. Jorge reage \u00e0quela informa\u00e7\u00e3o. Laura continua indignada, mas<a href=\"https:\/\/tvi.iol.pt\/novelas\/search?pagina=1&amp;pesquisa=matilde+reymao\" rel=\"nofollow noopener\" target=\"_blank\"> Mariana (Matilde Reym\u00e3o)<\/a> diz-lhe que n\u00e3o \u00e9 o momento. \u00d3scar afasta-se com JD. Hector d\u00e1 a m\u00e3o a Mariana, num gesto protetor.<\/p>\n<p>JD j\u00e1 contextualizou Mariana e ela est\u00e1 impressionada, mas n\u00e3o entende porque Teresa se aproximou da sua fam\u00edlia. JD conta-lhe que ela queria junt\u00e1-los e tentou que Laura o perdoasse. JD lamenta s\u00f3 ter conhecido a m\u00e3e no dia da sua morte e ela n\u00e3o ter conhecido a neta. Mariana diz que Teresa conheceu a neta e JD fica mais aliviado.<\/p>\n<p>JD est\u00e1 com \u00d3scar e Isabel. JD pergunta-lhes como era a sua m\u00e3e, pois n\u00e3o sabe nada dela. Isabel conta-lhe que ela foi como uma m\u00e3e para ela e que lhe deve a vida. Isabel e \u00d3scar acham que JD tem alguns valores dela e que \u00e9 muito leal aos seus. Isabel promete honrar a sua mem\u00f3ria pelo resto da sua vida.<\/p>\n<p>Recorde-se que Teresa seguia JD e tentava reaproximar-se do filho antes do acidente:<\/p>\n","protected":false},"excerpt":{"rendered":"Em \u00abA Protegida\u00bb, Laura (Alexandra Lencastre) agradece a Anita (Marina Mota) e Hector (Christian Escuredo) por terem concordado&hellip;\n","protected":false},"author":2,"featured_media":51065,"comment_status":"","ping_status":"","sticky":false,"template":"","format":"standard","meta":{"footnotes":""},"categories":[142],"tags":[168,882,160,166,114,115,157,167,2910,14916,1406,164,885,884,881,161,1409,158,165,159,32,33,156,2906,2907,2908,163,151,162],"class_list":{"0":"post-51064","1":"post","2":"type-post","3":"status-publish","4":"format-standard","5":"has-post-thumbnail","7":"category-tv","8":"tag-a-protegida","9":"tag-alexandra-lencastre","10":"tag-ana-guiomar","11":"tag-cristina-ferreira","12":"tag-entertainment","13":"tag-entretenimento","14":"tag-festa-e-festa","15":"tag-ficcao","16":"tag-isabel","17":"tag-jd","18":"tag-joaquim-horta","19":"tag-jose-fidalgo","20":"tag-laura","21":"tag-mariana","22":"tag-matilde-reymao","23":"tag-novelas","24":"tag-oscar","25":"tag-para-sempre","26":"tag-pedro-sousa","27":"tag-pedro-teixeira","28":"tag-portugal","29":"tag-pt","30":"tag-queridos-papas","31":"tag-sandra-faleiro","32":"tag-sara-barradas","33":"tag-teresa","34":"tag-tiago-teotonio-pereira","35":"tag-tv","36":"tag-tvi"},"share_on_mastodon":{"url":"","error":""},"_links":{"self":[{"href":"https:\/\/www.europesays.com\/pt\/wp-json\/wp\/v2\/posts\/51064","targetHints":{"allow":["GET"]}}],"collection":[{"href":"https:\/\/www.europesays.com\/pt\/wp-json\/wp\/v2\/posts"}],"about":[{"href":"https:\/\/www.europesays.com\/pt\/wp-json\/wp\/v2\/types\/post"}],"author":[{"embeddable":true,"href":"https:\/\/www.europesays.com\/pt\/wp-json\/wp\/v2\/users\/2"}],"replies":[{"embeddable":true,"href":"https:\/\/www.europesays.com\/pt\/wp-json\/wp\/v2\/comments?post=51064"}],"version-history":[{"count":0,"href":"https:\/\/www.europesays.com\/pt\/wp-json\/wp\/v2\/posts\/51064\/revisions"}],"wp:featuredmedia":[{"embeddable":true,"href":"https:\/\/www.europesays.com\/pt\/wp-json\/wp\/v2\/media\/51065"}],"wp:attachment":[{"href":"https:\/\/www.europesays.com\/pt\/wp-json\/wp\/v2\/media?parent=51064"}],"wp:term":[{"taxonomy":"category","embeddable":true,"href":"https:\/\/www.europesays.com\/pt\/wp-json\/wp\/v2\/categories?post=51064"},{"taxonomy":"post_tag","embeddable":true,"href":"https:\/\/www.europesays.com\/pt\/wp-json\/wp\/v2\/tags?post=51064"}],"curies":[{"name":"wp","href":"https:\/\/api.w.org\/{rel}","templated":true}]}}