{"id":510738,"date":"2026-09-03T18:39:17","date_gmt":"2026-09-03T18:39:17","guid":{"rendered":"https:\/\/www.europesays.com\/pt\/510738\/"},"modified":"2026-09-03T18:39:17","modified_gmt":"2026-09-03T18:39:17","slug":"alex-escobar-atualiza-estado-de-saude-preciso-de-tempo-03-09-2026-celebridades-uol","status":"publish","type":"post","link":"https:\/\/www.europesays.com\/pt\/510738\/","title":{"rendered":"Alex Escobar atualiza estado de sa\u00fade: &#039;Preciso de tempo&#039; &#8211; 03\/09\/2026 &#8211; Celebridades &#8211; UOL"},"content":{"rendered":"<ol>\n<li><a href=\"https:\/\/news.google.com\/rss\/articles\/CBMirgFBVV95cUxNRExoaS0wOXg5ZGI3WTVlVksycmh4ODl1T01EWklGc2lSNlA5ZnJSdUJTUjExNnlkSlFGb1BZTEpWQ185RG9MeEdrT01taDBSeG1rZ1pJeW16aEgxZHFNUDJQVkI4M1ZlY1RURWpETW5uUHpCak83NUlFMkF1blFVZXc0VUVxNDFJMGs2NnR4QTNvLWFtUzhRZnBJeFBaT3pLX1lCV24yVHp6NE9OUnc?oc=5\" target=\"_blank\" rel=\"nofollow noopener\">Alex Escobar atualiza estado de sa\u00fade: &#8216;Preciso de tempo&#8217; &#8211; 03\/09\/2026 &#8211; Celebridades<\/a>&nbsp;&nbsp;UOL<\/li>\n<li><a href=\"https:\/\/news.google.com\/rss\/articles\/CBMi1gFBVV95cUxPOHVrLVFXM19pQ2tOTWVISUk1NWdFc0xJQlZFTWtVdEFKRURaa1ZjRkkyR1NCV0RJa2R3U1Yza1ZacDlIMFc4cENUTDZxRFdpVmlzdUFGVnliXzF5RnBLS3JHMmQxZVBrRWo5VDlyZWJPSnY2ZmVuME5KbkFveWswdXNIallPM3VPQWJCeENScUlXN0Mxa2NfM25FQjRCMGZtMzdfTm5XMDM2RWVuSzl1R0MwdFNuY3hsRVdSTTRKemlXNDlyVkF5RmFQMTI0TFEyNDhURVV30gHkAUFVX3lxTE9FRk80eXlsX3FjV2JObWVRMF92MXh2RkE1UUdqS0N4aGVoUlA2TVZsdHdCc0w0TWgyalJTZHhfSXN1Yk81UVdUQW9XNUhBMEhhTjdoWmhDdW5VVVpPa0xYUTFXM21mQS1IdzZySmlIZFpRbHJ6TTZSWnd4S3NidVVYbVFHeFBJMmRxQkZCVmFET1hNYm1qak8zdmV3T3EzMXBaSEktS3UxWTlzVnU2NnR6ME5MTGdNSnRKQ1kzRWIxVkFGZ05QNC10MV9pd1M5Qkh6WElVTzVXal9HRzdlODhwQlBTRg?oc=5\" target=\"_blank\" rel=\"nofollow noopener\">Ap\u00f3s cirurgia, Alex Escobar atualiza estado de sa\u00fade e fala sobre retorno: &#8216;Quando for o tempo certo&#8217;<\/a>&nbsp;&nbsp;Gshow<\/li>\n<li><a href=\"https:\/\/news.google.com\/rss\/articles\/CBMirwJBVV95cUxQR3pZUVVNdzZpUGNLaUxNZml0T3JTcVFfNXZVNTBtVUdjMkRQWGM5VTRhcmZrR08tcTJBM0xqX05sa0c1Z3o4d2VOUXg3djFXWVlQYzg4VjJrRHNsRS1PS1NsSEtXMlhxRnNtclJ0RWNrYzBEQ1ZTTFMzbWtFRkN5dm9iSUVDN3pYSjhfMElGOXhJN2RfeGZuanRXZHNRMXpNUmJ1cXVOVTNWNklmREtyV1VRWG9La2w5Wk16T21oWERjSDV4cXY5NldXQ1ZndGNXS2tocWc3d1ZjSXllS3JnRmRDc1dLNjQ4TjJDV0dCbjVRd0dHTVpUTkQ0ZENMbFcwNW1jRklrSUV5MFA3YXYyT05SWk5ncWh1WWNrT09INERoaU1ubTA1MmIyTkEyMzA?oc=5\" target=\"_blank\" rel=\"nofollow noopener\">Alex Escobar publica mensagem ap\u00f3s cirurgia para retirada de tumor e n\u00e3o d\u00e1 data para retorno \u00e0 TV: &#8220;Estrada a percorrer&#8221;<\/a>&nbsp;&nbsp;GZH<\/li>\n<li><a href=\"https:\/\/news.google.com\/rss\/articles\/CBMiugFBVV95cUxNMVo5ek94YjBHLVctQ1BWU2NTLWxWQi1PYjlxRV9nV20zRU9uQ1F0bTliVUZmOVpMRC1Sa1V1dm5UQ2x2aDU5VXZHc1M5akxkMmZnUEtSaEVVMXFtVVJmQlZaNy1DMjk3a0NsWE1WcUtYUHpZU0kxbXNTcHpZUzdKMEdXdkdHYzdaSHJUVlRtNFQ5RGx6MmdkMnZjUi04SDE4MUFqaXo0STJnMGFMLVYyZ0Z1b25TN2pmTlE?oc=5\" target=\"_blank\" rel=\"nofollow noopener\">Alex Escobar desabafa ap\u00f3s cirurgia para retirar tumor: \u201cVou ficar bem\u201d<\/a>&nbsp;&nbsp;Metr\u00f3poles<\/li>\n<li><a href=\"https:\/\/news.google.com\/rss\/articles\/CBMiggJBVV95cUxQTG1FVG5YbDEzaF9lbmNlcldWVHpNa0xEczlFYWpxUFhEeDRiejNCaDdWMkdFQ3R3cjlWcnNVRjA2Mi1lajhmMlNQOVJYZkhFTi05RkNoQWNRREZQd3VJNkFfNnIyTFRRbGpiMHRBb2tNeUpsc2ZUNzh2MEZTWmhTaTVWc1ZKUmQ4YTljYTltTko0bUt6cE5VVnNQSW40WG9oSU8yT214ODZlZXRJTFJxMXJ6Wjd6T1pjRGZVSEFpcUkyYXRyeElnbVlHR2l3TzE4TTlSb3ZHcjFKTFV5M0JubXowQUd6cFlQeTZQbk1YdWJkYUJDMVh4UDN3dnFGdy13NUE?oc=5\" target=\"_blank\" rel=\"nofollow noopener\">Alex Escobar publica reflex\u00e3o sobre a vida ap\u00f3s retirada de tumor e pede apoio: &#8216;Me abracem&#8217;<\/a>&nbsp;&nbsp;Terra<\/li>\n<\/ol>\n","protected":false},"excerpt":{"rendered":"Alex Escobar atualiza estado de sa\u00fade: &#8216;Preciso de tempo&#8217; &#8211; 03\/09\/2026 &#8211; Celebridades&nbsp;&nbsp;UOL Ap\u00f3s cirurgia, Alex Escobar atualiza&hellip;\n","protected":false},"author":2,"featured_media":510739,"comment_status":"","ping_status":"","sticky":false,"template":"","format":"standard","meta":{"footnotes":"","_share_on_mastodon":"0"},"categories":[145],"tags":[71544,219,211,210,223,114,115,224,225,226,221,220,222,59197,32,33,4066,2566,218,228,227],"class_list":["post-510738","post","type-post","status-publish","format-standard","has-post-thumbnail","category-celebridades","tag-alex-escobar","tag-bichos","tag-celebridades","tag-celebrities","tag-colunistas","tag-entertainment","tag-entretenimento","tag-estranho","tag-eu-amo","tag-fofices","tag-horoscopo","tag-humanos","tag-humor","tag-popstar","tag-portugal","tag-pt","tag-sade","tag-televiso","tag-televisao","tag-tudo","tag-videos"],"share_on_mastodon":{"url":"https:\/\/pubeurope.com\/@pt\/117208571083024542","error":""},"_links":{"self":[{"href":"https:\/\/www.europesays.com\/pt\/wp-json\/wp\/v2\/posts\/510738","targetHints":{"allow":["GET"]}}],"collection":[{"href":"https:\/\/www.europesays.com\/pt\/wp-json\/wp\/v2\/posts"}],"about":[{"href":"https:\/\/www.europesays.com\/pt\/wp-json\/wp\/v2\/types\/post"}],"author":[{"embeddable":true,"href":"https:\/\/www.europesays.com\/pt\/wp-json\/wp\/v2\/users\/2"}],"replies":[{"embeddable":true,"href":"https:\/\/www.europesays.com\/pt\/wp-json\/wp\/v2\/comments?post=510738"}],"version-history":[{"count":0,"href":"https:\/\/www.europesays.com\/pt\/wp-json\/wp\/v2\/posts\/510738\/revisions"}],"wp:featuredmedia":[{"embeddable":true,"href":"https:\/\/www.europesays.com\/pt\/wp-json\/wp\/v2\/media\/510739"}],"wp:attachment":[{"href":"https:\/\/www.europesays.com\/pt\/wp-json\/wp\/v2\/media?parent=510738"}],"wp:term":[{"taxonomy":"category","embeddable":true,"href":"https:\/\/www.europesays.com\/pt\/wp-json\/wp\/v2\/categories?post=510738"},{"taxonomy":"post_tag","embeddable":true,"href":"https:\/\/www.europesays.com\/pt\/wp-json\/wp\/v2\/tags?post=510738"}],"curies":[{"name":"wp","href":"https:\/\/api.w.org\/{rel}","templated":true}]}}