{"id":510818,"date":"2026-09-03T19:41:26","date_gmt":"2026-09-03T19:41:26","guid":{"rendered":"https:\/\/www.europesays.com\/pt\/510818\/"},"modified":"2026-09-03T19:41:26","modified_gmt":"2026-09-03T19:41:26","slug":"tres-filmes-para-ver-esta-semana-observador-26","status":"publish","type":"post","link":"https:\/\/www.europesays.com\/pt\/510818\/","title":{"rendered":"Tr\u00eas filmes para ver esta semana \u2013 Observador"},"content":{"rendered":"<p>Depois de O Fim do Mundo (2019) e Manga d\u2019Terra (2023), Jacar\u00e9 dever\u00e1 ser o \u00faltimo filme do luso-su\u00ed\u00e7o Basil da Cunha rodado na Reboleira, onde se instalou quando veio viver para Lisboa. Um carro guiado por um assaltante despista-se mesmo no centro do bairro. O homem foge e os 180 mil euros que roubou desaparecem. A pol\u00edcia cerca a zona e faz buscas, e instala-se uma verdadeira ca\u00e7a ao tesouro entre os moradores. Entretanto, h\u00e1 um jacar\u00e9 \u00e0 solta. O filme \u00e9 o equivalente suburbano de um daqueles hood movies americanos dos anos 90, e o realizador e as personagens esquecem-se do dinheiro e do animal \u2014 cuja presen\u00e7a ali \u00e9, ali\u00e1s, fortemente inveros\u00edmil \u2014 quase at\u00e9 ao fim, para passarem o tempo em conversas, confrontos e brigas. A hist\u00f3ria n\u00e3o sai do mesmo s\u00edtio e uma curta-metragem teria feito mais sentido.<\/p>\n<p>Vencedor do Urso de Ouro no Festival de Berlim e realizado por Ilker \u00c7atak, o autor do justamente aclamado Sala de Professores, Cartas Amarelas passa-se na Turquia, mas foi todo rodado em Berlim e Hamburgo. Aziz, um professor universit\u00e1rio de Ancara, e a sua mulher, Derya, uma conceituada actriz que acaba de estrear uma pe\u00e7a, recebem as temidas \u201ccartas amarelas\u201d que o governo de Recep Erdogan envia a quem contesta o regime. Aziz v\u00ea-se assim suspenso indefinidamente das suas fun\u00e7\u00f5es docentes, tal como v\u00e1rios colegas que se pronunciaram contra as autoridades nas redes sociais, e a pe\u00e7a de Derya \u00e9 cancelada. O casal, que tem uma filha adolescente, decide refugiar-se com ela na casa dos pais de Aziz, em Istambul, e a situa\u00e7\u00e3o acaba por redefinir o seu modo de vida e p\u00f4r \u00e0 prova o seu casamento.<\/p>\n<p>No novo filme da francesa Alice Winocour, Angelina Jolie interpreta Maxine, uma realizadora americana de filmes indie em ascens\u00e3o, que vem a Paris rodar a curta-metragem de abertura da apresenta\u00e7\u00e3o da nova colec\u00e7\u00e3o de uma grande marca de moda, e descobre que tem cancro da mama. Couture segue, paralelamente, duas outras mulheres ligadas \u00e0 moda. Ada (Anyier Anei), uma jovem sudanesa aspirante a modelo recentemente \u201cdescoberta\u201d, que est\u00e1 refugiada com a fam\u00edlia no Qu\u00e9nia, quer estudar Farm\u00e1cia e se v\u00ea de s\u00fabito numa cidade estranha e num ambiente que desconhece; e Ang\u00e8le (Ella Rumpf), uma maquilhadora freelancer que est\u00e1 a escrever um livro passado no mundo da moda. <a href=\"https:\/\/observador.pt\/?p=8299721&amp;preview=true\" target=\"_blank\" rel=\"noopener nofollow\">Couture foi escolhido como filme da semana pelo Observador e pode ler a cr\u00edtica aqui<\/a>.<\/p>\n","protected":false},"excerpt":{"rendered":"Depois de O Fim do Mundo (2019) e Manga d\u2019Terra (2023), Jacar\u00e9 dever\u00e1 ser o \u00faltimo filme do&hellip;\n","protected":false},"author":2,"featured_media":510819,"comment_status":"","ping_status":"","sticky":false,"template":"","format":"standard","meta":{"footnotes":"","_share_on_mastodon":"0"},"categories":[140],"tags":[470,315,114,115,1042,147,148,146,32,33],"class_list":["post-510818","post","type-post","status-publish","format-standard","has-post-thumbnail","category-filmes","tag-cinema","tag-cultura","tag-entertainment","tag-entretenimento","tag-estreias","tag-film","tag-filmes","tag-movies","tag-portugal","tag-pt"],"share_on_mastodon":{"url":"https:\/\/pubeurope.com\/@pt\/117208815620238215","error":""},"_links":{"self":[{"href":"https:\/\/www.europesays.com\/pt\/wp-json\/wp\/v2\/posts\/510818","targetHints":{"allow":["GET"]}}],"collection":[{"href":"https:\/\/www.europesays.com\/pt\/wp-json\/wp\/v2\/posts"}],"about":[{"href":"https:\/\/www.europesays.com\/pt\/wp-json\/wp\/v2\/types\/post"}],"author":[{"embeddable":true,"href":"https:\/\/www.europesays.com\/pt\/wp-json\/wp\/v2\/users\/2"}],"replies":[{"embeddable":true,"href":"https:\/\/www.europesays.com\/pt\/wp-json\/wp\/v2\/comments?post=510818"}],"version-history":[{"count":0,"href":"https:\/\/www.europesays.com\/pt\/wp-json\/wp\/v2\/posts\/510818\/revisions"}],"wp:featuredmedia":[{"embeddable":true,"href":"https:\/\/www.europesays.com\/pt\/wp-json\/wp\/v2\/media\/510819"}],"wp:attachment":[{"href":"https:\/\/www.europesays.com\/pt\/wp-json\/wp\/v2\/media?parent=510818"}],"wp:term":[{"taxonomy":"category","embeddable":true,"href":"https:\/\/www.europesays.com\/pt\/wp-json\/wp\/v2\/categories?post=510818"},{"taxonomy":"post_tag","embeddable":true,"href":"https:\/\/www.europesays.com\/pt\/wp-json\/wp\/v2\/tags?post=510818"}],"curies":[{"name":"wp","href":"https:\/\/api.w.org\/{rel}","templated":true}]}}