{"id":51083,"date":"2025-08-30T04:24:33","date_gmt":"2025-08-30T04:24:33","guid":{"rendered":"https:\/\/www.europesays.com\/pt\/51083\/"},"modified":"2025-08-30T04:24:33","modified_gmt":"2025-08-30T04:24:33","slug":"manuela-dias-comemora-elogio-sobre-vale-tudo-em-meio-a-criticas-de-tais-araujo","status":"publish","type":"post","link":"https:\/\/www.europesays.com\/pt\/51083\/","title":{"rendered":"Manuela Dias comemora elogio sobre Vale Tudo em meio a cr\u00edticas de Ta\u00eds Ara\u00fajo"},"content":{"rendered":"<p>                            <a href=\"https:\/\/img.nsctotal.com.br\/wp-content\/uploads\/2025\/08\/vale-tudo.jpg\" data-caption=\"Elogio foi feito por jornalista (Foto: Reprodu\u00e7\u00e3o)\" aria-label=\"Elogio foi feito por jornalista (Foto: Reprodu\u00e7\u00e3o)\" rel=\"nofollow noopener\" target=\"_blank\"><img width=\"944\" height=\"531\" src=\"https:\/\/www.europesays.com\/pt\/wp-content\/uploads\/2025\/08\/vale-tudo-944x531.jpg\" class=\"attachment-custom-large size-custom-large article-featured-image\" alt=\"Elogio foi feito por jornalista (Foto: Reprodu\u00e7\u00e3o)\" fetchpriority=\"high\" decoding=\"async\"  \/><\/a><\/p>\n<p>Elogio foi feito por jornalista (Foto: Reprodu\u00e7\u00e3o)<\/p>\n<p>Depois de uma pol\u00eamica envolvendo a atriz Ta\u00eds Araujo, com <a href=\"https:\/\/www.nsctotal.com.br\/noticias\/tais-araujo-faz-duras-criticas-a-mudanca-de-manuela-dias-em-vale-tudo-frustrada-e-triste\" target=\"_blank\" rel=\"noreferrer noopener nofollow\"><strong>cr\u00edticas<\/strong><\/a> feitas por ela a trama de sua personagem na novela Vale Tudo, a autora do remake, Manuela Dias, compartilhou e comemorou um elogio da jornalista Vera Magalh\u00e3es sobre outro ponto da novela. As informa\u00e7\u00f5es s\u00e3o da CNN.<\/p>\n<p>Continua depois da publicidade<\/p>\n<p>A comemora\u00e7\u00e3o ocorreu menos de 24 horas depois da entrevista da atriz \u00e0 revista Quem, onde Ta\u00eds mostrava grande insatisfa\u00e7\u00e3o com o retrocesso da personagem Raquel, m\u00e3e de Maria de F\u00e1tima.<\/p>\n<p>A jornalista Vera Magalh\u00e3es elogiou, na quinta-feira (28), o desenvolvimento do personagem Afonso, vivido por<strong> <a href=\"https:\/\/www.nsctotal.com.br\/noticias\/vale-tudo-resumo-capitulo-sexta-feira-29-08-2025\" target=\"_blank\" rel=\"noreferrer noopener nofollow\">Humberto Carr\u00e3o<\/a><\/strong>, que contar\u00e1 com uma grande reviravolta nesta semana com a descoberta de uma doen\u00e7a que mudar\u00e1 os rumos do personagem.<\/p>\n<p>Feliz com o reconhecimento, Manuela Dias compartilhou em uma rede social o elogio da jornalista, que escreveu:<\/p>\n<p>\u201cDois cap\u00edtulos todinhos de Afonso. \u00c9 a chance n\u00e3o s\u00f3 de desenvolver esse personagem, mas de Humberto Carr\u00e3o brilhar. Text\u00f5es em todas as cenas, Manuela Dias\u201d.<\/p>\n<p>Continua depois da publicidade<\/p>\n<p>Ao compartilhar a postagem, a autora de Vale Tudo comentou: \u201cEsse olhar que vale ouro\u201d, com um emoji de cora\u00e7\u00e3o.<\/p>\n<p>A atriz lamentou, na entrevista \u00e0 revista Quem, que Raquel tenha voltado a vender sandu\u00edches na praia depois de j\u00e1 ter alcan\u00e7ado sucesso como empres\u00e1ria no ramo culin\u00e1rio. Segundo Ta\u00eds, ela se assustou com o rumo que a hist\u00f3ria tomou, e que essa foi uma oportunidade perdida de construir uma narrativa nova sobre a mulher negra brasileira.<\/p>\n<p>Para ela, essa escolha representa uma oportunidade perdida de construir uma nova narrativa sobre a mulher negra brasileira.<\/p>\n<p>\u2014 Esse momento da\u00a0Raquel\u00a0voltar a vender sandu\u00edche na praia, confesso que recebi com um susto. Porque n\u00e3o era a trama original. Ent\u00e3o, para mim, a Raquel ia numa curva ascendente [\u2026] Quando vejo que isso n\u00e3o aconteceu, como uma artista que quer contar uma nova narrativa de pa\u00eds, confesso que fico triste e frustrada \u2014 disse.<\/p>\n<p>Continua depois da publicidade<\/p>\n<p>Para a atriz, quando ela iniciou no papel, achou a narrativa \u201ca cara do Brasil\u201d.<\/p>\n<p>\u2014 [\u2026] Ela vai ter uma ascens\u00e3o social a partir do trabalho. Vai ser linda e ela vai ascender e ela vai permanecer [\u2026] \u00c9 urgente que a gente se veja nesse lugar. E acho que a Raquel tinha todas as possibilidades de contar essa nova narrativa dessa mulher. Quando li, pensei: \u201cAi, meu Deus, n\u00e3o vai ter? N\u00e3o, n\u00e3o vai ter\u201d \u2014 revelou.<\/p>\n<p><a href=\"https:\/\/www.europesays.com\/pt\/wp-content\/uploads\/2025\/07\/Raquel-e-Maria-de-Fatima.jpg\"><a href=\"https:\/\/www.europesays.com\/pt\/wp-content\/uploads\/2025\/07\/Raquel-e-Maria-de-Fatima.jpg\" aria-label=\"Imagem da Galeria\"><img loading=\"lazy\" decoding=\"async\" width=\"1200\" height=\"675\" data-id=\"7466832\" src=\"https:\/\/www.europesays.com\/pt\/wp-content\/uploads\/2025\/07\/Raquel-e-Maria-de-Fatima.jpg\" alt=\"Raquel e Maria de F\u00e1tima\" class=\"wp-image-7466832\"  \/><\/a><\/p>\n<p>Raquel e Maria de F\u00e1tima (Fotos: Bazilio Calazans, Mem\u00f3ria Globo |  F\u00e1bio Rocha, Manoella Mello, Globo)<\/p>\n<p><a href=\"https:\/\/www.europesays.com\/pt\/wp-content\/uploads\/2025\/08\/1755993250_437_Odete-Roitman.jpg\"><a href=\"https:\/\/www.europesays.com\/pt\/wp-content\/uploads\/2025\/08\/1755993250_437_Odete-Roitman.jpg\" aria-label=\"Imagem da Galeria\"><img loading=\"lazy\" decoding=\"async\" width=\"1200\" height=\"675\" data-id=\"7466831\" src=\"https:\/\/www.europesays.com\/pt\/wp-content\/uploads\/2025\/08\/1755993250_437_Odete-Roitman.jpg\" alt=\"Odete Roitman\" class=\"wp-image-7466831\"  \/><\/a><\/p>\n<p>Odete Roitman (Fotos: Bazilio Calazans, Mem\u00f3ria Globo |  F\u00e1bio Rocha, Manoella Mello, Globo)<\/p>\n<p><a href=\"https:\/\/www.europesays.com\/pt\/wp-content\/uploads\/2025\/07\/Raquel.jpg\"><a href=\"https:\/\/www.europesays.com\/pt\/wp-content\/uploads\/2025\/07\/Raquel.jpg\" aria-label=\"Imagem da Galeria\"><img loading=\"lazy\" decoding=\"async\" width=\"1200\" height=\"675\" data-id=\"7466833\" src=\"https:\/\/www.europesays.com\/pt\/wp-content\/uploads\/2025\/07\/Raquel.jpg\" alt=\"Raquel\" class=\"wp-image-7466833\"  \/><\/a><\/p>\n<p>Raquel (Fotos: Bazilio Calazans, Mem\u00f3ria Globo |  F\u00e1bio Rocha, Manoella Mello, Globo)<\/p>\n<p><a href=\"https:\/\/www.europesays.com\/pt\/wp-content\/uploads\/2025\/08\/Maria-de-Fatima.jpg\"><a href=\"https:\/\/www.europesays.com\/pt\/wp-content\/uploads\/2025\/08\/Maria-de-Fatima.jpg\" aria-label=\"Imagem da Galeria\"><img loading=\"lazy\" decoding=\"async\" width=\"1200\" height=\"675\" data-id=\"7466830\" src=\"https:\/\/www.europesays.com\/pt\/wp-content\/uploads\/2025\/08\/Maria-de-Fatima.jpg\" alt=\"Maria de F\u00e1tima\" class=\"wp-image-7466830\"  \/><\/a><\/p>\n<p>Maria de F\u00e1tima (Fotos: Bazilio Calazans, Mem\u00f3ria Globo |  F\u00e1bio Rocha, Manoella Mello, Globo)<\/p>\n<p><a href=\"https:\/\/www.europesays.com\/pt\/wp-content\/uploads\/2025\/07\/Cesar-Ribeiro.jpg\"><a href=\"https:\/\/www.europesays.com\/pt\/wp-content\/uploads\/2025\/07\/Cesar-Ribeiro.jpg\" aria-label=\"Imagem da Galeria\"><img loading=\"lazy\" decoding=\"async\" width=\"1200\" height=\"675\" data-id=\"7466816\" src=\"https:\/\/www.europesays.com\/pt\/wp-content\/uploads\/2025\/07\/Cesar-Ribeiro.jpg\" alt=\"C\u00e9sar Ribeiro\" class=\"wp-image-7466816\"  \/><\/a><\/p>\n<p>C\u00e9sar Ribeiro (Fotos: Bazilio Calazans, Mem\u00f3ria Globo |  F\u00e1bio Rocha, Manoella Mello, Globo)<\/p>\n<p><a href=\"https:\/\/www.europesays.com\/pt\/wp-content\/uploads\/2025\/07\/Heleninha-Roitman.jpg\"><a href=\"https:\/\/www.europesays.com\/pt\/wp-content\/uploads\/2025\/07\/Heleninha-Roitman.jpg\" aria-label=\"Imagem da Galeria\"><img loading=\"lazy\" decoding=\"async\" width=\"1200\" height=\"675\" data-id=\"7466829\" src=\"https:\/\/www.europesays.com\/pt\/wp-content\/uploads\/2025\/07\/Heleninha-Roitman.jpg\" alt=\"Heleninha Roitman\" class=\"wp-image-7466829\"  \/><\/a><\/p>\n<p>Heleninha Roitman (Fotos: Bazilio Calazans, Mem\u00f3ria Globo |  F\u00e1bio Rocha, Manoella Mello, Globo)<\/p>\n<p><a href=\"https:\/\/www.europesays.com\/pt\/wp-content\/uploads\/2025\/07\/Ivan-Meirelles.jpg\"><a href=\"https:\/\/www.europesays.com\/pt\/wp-content\/uploads\/2025\/07\/Ivan-Meirelles.jpg\" aria-label=\"Imagem da Galeria\"><img loading=\"lazy\" decoding=\"async\" width=\"1200\" height=\"675\" data-id=\"7466820\" src=\"https:\/\/www.europesays.com\/pt\/wp-content\/uploads\/2025\/07\/Ivan-Meirelles.jpg\" alt=\"Ivan Meirelles\" class=\"wp-image-7466820\"  \/><\/a><\/p>\n<p>Ivan Meirelles (Fotos: Bazilio Calazans, Mem\u00f3ria Globo |  F\u00e1bio Rocha, Manoella Mello, Globo)<\/p>\n<p><a href=\"https:\/\/www.europesays.com\/pt\/wp-content\/uploads\/2025\/08\/Afonso-Roitman.jpg\"><a href=\"https:\/\/www.europesays.com\/pt\/wp-content\/uploads\/2025\/08\/Afonso-Roitman.jpg\" aria-label=\"Imagem da Galeria\"><img loading=\"lazy\" decoding=\"async\" width=\"1200\" height=\"675\" data-id=\"7466827\" src=\"https:\/\/www.europesays.com\/pt\/wp-content\/uploads\/2025\/08\/Afonso-Roitman.jpg\" alt=\"Afonso Roitman\" class=\"wp-image-7466827\"  \/><\/a><\/p>\n<p>Afonso Roitman (Fotos: Bazilio Calazans, Mem\u00f3ria Globo |  F\u00e1bio Rocha, Manoella Mello, Globo)<\/p>\n<p><a href=\"https:\/\/www.europesays.com\/pt\/wp-content\/uploads\/2025\/08\/Solange.jpg\"><a href=\"https:\/\/www.europesays.com\/pt\/wp-content\/uploads\/2025\/08\/Solange.jpg\" aria-label=\"Imagem da Galeria\"><img loading=\"lazy\" decoding=\"async\" width=\"1200\" height=\"675\" data-id=\"7466834\" src=\"https:\/\/www.europesays.com\/pt\/wp-content\/uploads\/2025\/08\/Solange.jpg\" alt=\"Solange\" class=\"wp-image-7466834\"  \/><\/a><\/p>\n<p>Solange (Fotos: Bazilio Calazans, Mem\u00f3ria Globo |  F\u00e1bio Rocha, Manoella Mello, Globo)<\/p>\n<p><a href=\"https:\/\/www.europesays.com\/pt\/wp-content\/uploads\/2025\/08\/Marco-Aurelio.jpg\"><a href=\"https:\/\/www.europesays.com\/pt\/wp-content\/uploads\/2025\/08\/Marco-Aurelio.jpg\" aria-label=\"Imagem da Galeria\"><img loading=\"lazy\" decoding=\"async\" width=\"1200\" height=\"675\" data-id=\"7466824\" src=\"https:\/\/www.europesays.com\/pt\/wp-content\/uploads\/2025\/08\/Marco-Aurelio.jpg\" alt=\"Marco Aur\u00e9lio\" class=\"wp-image-7466824\"  \/><\/a><\/p>\n<p>Marco Aur\u00e9lio (Fotos: Bazilio Calazans, Mem\u00f3ria Globo |  F\u00e1bio Rocha, Manoella Mello, Globo)<\/p>\n<p><a href=\"https:\/\/www.europesays.com\/pt\/wp-content\/uploads\/2025\/08\/Leila.jpg\"><a href=\"https:\/\/www.europesays.com\/pt\/wp-content\/uploads\/2025\/08\/Leila.jpg\" aria-label=\"Imagem da Galeria\"><img loading=\"lazy\" decoding=\"async\" width=\"1200\" height=\"675\" data-id=\"7466822\" src=\"https:\/\/www.europesays.com\/pt\/wp-content\/uploads\/2025\/08\/Leila.jpg\" alt=\"Leila\" class=\"wp-image-7466822\"  \/><\/a><\/p>\n<p>Leila (Fotos: Bazilio Calazans, Mem\u00f3ria Globo |  F\u00e1bio Rocha, Manoella Mello, Globo)<\/p>\n<p><a href=\"https:\/\/www.europesays.com\/pt\/wp-content\/uploads\/2025\/08\/Celina-Roitman.jpg\"><a href=\"https:\/\/www.europesays.com\/pt\/wp-content\/uploads\/2025\/08\/Celina-Roitman.jpg\" aria-label=\"Imagem da Galeria\"><img loading=\"lazy\" decoding=\"async\" width=\"1200\" height=\"675\" data-id=\"7466815\" src=\"https:\/\/www.europesays.com\/pt\/wp-content\/uploads\/2025\/08\/Celina-Roitman.jpg\" alt=\"Celina Roitman\" class=\"wp-image-7466815\"  \/><\/a><\/p>\n<p>Celina Roitman (Fotos: Bazilio Calazans, Mem\u00f3ria Globo |  F\u00e1bio Rocha, Manoella Mello, Globo)<\/p>\n<p><a href=\"https:\/\/www.europesays.com\/pt\/wp-content\/uploads\/2025\/08\/Aldeide.jpg\"><a href=\"https:\/\/www.europesays.com\/pt\/wp-content\/uploads\/2025\/08\/Aldeide.jpg\" aria-label=\"Imagem da Galeria\"><img loading=\"lazy\" decoding=\"async\" width=\"1200\" height=\"675\" data-id=\"7466813\" src=\"https:\/\/www.europesays.com\/pt\/wp-content\/uploads\/2025\/08\/Aldeide.jpg\" alt=\"Alde\u00edde\" class=\"wp-image-7466813\"  \/><\/a><\/p>\n<p>Alde\u00edde (Fotos: Bazilio Calazans, Mem\u00f3ria Globo |  F\u00e1bio Rocha, Manoella Mello, Globo)<\/p>\n<p><a href=\"https:\/\/www.europesays.com\/pt\/wp-content\/uploads\/2025\/08\/Tiago.jpg\"><a href=\"https:\/\/www.europesays.com\/pt\/wp-content\/uploads\/2025\/08\/Tiago.jpg\" aria-label=\"Imagem da Galeria\"><img loading=\"lazy\" decoding=\"async\" width=\"1200\" height=\"675\" data-id=\"7466835\" src=\"https:\/\/www.europesays.com\/pt\/wp-content\/uploads\/2025\/08\/Tiago.jpg\" alt=\"Tiago\" class=\"wp-image-7466835\"  \/><\/a><\/p>\n<p>Tiago (Fotos: Bazilio Calazans, Mem\u00f3ria Globo |  F\u00e1bio Rocha, Manoella Mello, Globo)<\/p>\n<p><a href=\"https:\/\/www.europesays.com\/pt\/wp-content\/uploads\/2025\/08\/Rubinho.jpg\"><a href=\"https:\/\/www.europesays.com\/pt\/wp-content\/uploads\/2025\/08\/Rubinho.jpg\" aria-label=\"Imagem da Galeria\"><img loading=\"lazy\" decoding=\"async\" width=\"1200\" height=\"675\" data-id=\"7466826\" src=\"https:\/\/www.europesays.com\/pt\/wp-content\/uploads\/2025\/08\/Rubinho.jpg\" alt=\"Rubinho\" class=\"wp-image-7466826\"  \/><\/a><\/p>\n<p>Rubinho (Fotos: Bazilio Calazans, Mem\u00f3ria Globo |  F\u00e1bio Rocha, Manoella Mello, Globo)<\/p>\n<p><a href=\"https:\/\/www.europesays.com\/pt\/wp-content\/uploads\/2025\/08\/1756527870_70_Renato-Filipelli.jpg\"><a href=\"https:\/\/www.europesays.com\/pt\/wp-content\/uploads\/2025\/08\/1756527870_70_Renato-Filipelli.jpg\" aria-label=\"Imagem da Galeria\"><img loading=\"lazy\" decoding=\"async\" width=\"1200\" height=\"675\" data-id=\"7466811\" src=\"https:\/\/www.europesays.com\/pt\/wp-content\/uploads\/2025\/08\/1756527870_70_Renato-Filipelli.jpg\" alt=\"Renato Filipelli\" class=\"wp-image-7466811\"  \/><\/a><\/p>\n<p>Renato Filipelli (Fotos: Bazilio Calazans, Mem\u00f3ria Globo |  F\u00e1bio Rocha, Manoella Mello, Globo)<\/p>\n<p><a href=\"https:\/\/www.europesays.com\/pt\/wp-content\/uploads\/2025\/08\/Poliana.jpg\"><a href=\"https:\/\/www.europesays.com\/pt\/wp-content\/uploads\/2025\/08\/Poliana.jpg\" aria-label=\"Imagem da Galeria\"><img loading=\"lazy\" decoding=\"async\" width=\"1200\" height=\"675\" data-id=\"7466825\" src=\"https:\/\/www.europesays.com\/pt\/wp-content\/uploads\/2025\/08\/Poliana.jpg\" alt=\"Poliana\" class=\"wp-image-7466825\"  \/><\/a><\/p>\n<p>Poliana (Fotos: Bazilio Calazans, Mem\u00f3ria Globo |  F\u00e1bio Rocha, Manoella Mello, Globo)<\/p>\n<p><a href=\"https:\/\/www.europesays.com\/pt\/wp-content\/uploads\/2025\/07\/Bartolomeu.jpg\"><a href=\"https:\/\/www.europesays.com\/pt\/wp-content\/uploads\/2025\/07\/Bartolomeu.jpg\" aria-label=\"Imagem da Galeria\"><img loading=\"lazy\" decoding=\"async\" width=\"1200\" height=\"675\" data-id=\"7466814\" src=\"https:\/\/www.europesays.com\/pt\/wp-content\/uploads\/2025\/07\/Bartolomeu.jpg\" alt=\"Bartolomeu\" class=\"wp-image-7466814\"  \/><\/a><\/p>\n<p>Bartolomeu (Fotos: Bazilio Calazans, Mem\u00f3ria Globo |  F\u00e1bio Rocha, Manoella Mello, Globo)<\/p>\n<p><a href=\"https:\/\/www.europesays.com\/pt\/wp-content\/uploads\/2025\/07\/Consuelo.jpg\"><a href=\"https:\/\/www.europesays.com\/pt\/wp-content\/uploads\/2025\/07\/Consuelo.jpg\" aria-label=\"Imagem da Galeria\"><img loading=\"lazy\" decoding=\"async\" width=\"1200\" height=\"675\" data-id=\"7466817\" src=\"https:\/\/www.europesays.com\/pt\/wp-content\/uploads\/2025\/07\/Consuelo.jpg\" alt=\"Consuelo\" class=\"wp-image-7466817\"  \/><\/a><\/p>\n<p>Consuelo (Fotos: Bazilio Calazans, Mem\u00f3ria Globo |  F\u00e1bio Rocha, Manoella Mello, Globo)<\/p>\n<p><a href=\"https:\/\/www.europesays.com\/pt\/wp-content\/uploads\/2025\/08\/1754186720_871_Eugenio.jpg\"><a href=\"https:\/\/www.europesays.com\/pt\/wp-content\/uploads\/2025\/08\/1754186720_871_Eugenio.jpg\" aria-label=\"Imagem da Galeria\"><img loading=\"lazy\" decoding=\"async\" width=\"1200\" height=\"675\" data-id=\"7466818\" src=\"https:\/\/www.europesays.com\/pt\/wp-content\/uploads\/2025\/08\/1754186720_871_Eugenio.jpg\" alt=\"Eug\u00eanio\" class=\"wp-image-7466818\"  \/><\/a><\/p>\n<p>Eug\u00eanio (Fotos: Bazilio Calazans, Mem\u00f3ria Globo |  F\u00e1bio Rocha, Manoella Mello, Globo)<\/p>\n<p><a href=\"https:\/\/www.europesays.com\/pt\/wp-content\/uploads\/2025\/07\/Fernanda.jpg\"><a href=\"https:\/\/www.europesays.com\/pt\/wp-content\/uploads\/2025\/07\/Fernanda.jpg\" aria-label=\"Imagem da Galeria\"><img loading=\"lazy\" decoding=\"async\" width=\"1200\" height=\"675\" data-id=\"7466819\" src=\"https:\/\/www.europesays.com\/pt\/wp-content\/uploads\/2025\/07\/Fernanda.jpg\" alt=\"Fernanda\" class=\"wp-image-7466819\"  \/><\/a><\/p>\n<p>Fernanda (Fotos: Bazilio Calazans, Mem\u00f3ria Globo |  F\u00e1bio Rocha, Manoella Mello, Globo)<\/p>\n<p><a href=\"https:\/\/www.europesays.com\/pt\/wp-content\/uploads\/2025\/08\/Jarbas.jpg\"><a href=\"https:\/\/www.europesays.com\/pt\/wp-content\/uploads\/2025\/08\/Jarbas.jpg\" aria-label=\"Imagem da Galeria\"><img loading=\"lazy\" decoding=\"async\" width=\"1200\" height=\"675\" data-id=\"7466821\" src=\"https:\/\/www.europesays.com\/pt\/wp-content\/uploads\/2025\/08\/Jarbas.jpg\" alt=\"Jarbas\" class=\"wp-image-7466821\"  \/><\/a><\/p>\n<p>Jarbas (Fotos: Bazilio Calazans, Mem\u00f3ria Globo |  F\u00e1bio Rocha, Manoella Mello, Globo)<\/p>\n<p><a href=\"https:\/\/www.europesays.com\/pt\/wp-content\/uploads\/2025\/07\/Sardinha.jpg\"><a href=\"https:\/\/www.europesays.com\/pt\/wp-content\/uploads\/2025\/07\/Sardinha.jpg\" aria-label=\"Imagem da Galeria\"><img loading=\"lazy\" decoding=\"async\" width=\"1200\" height=\"675\" data-id=\"7466812\" src=\"https:\/\/www.europesays.com\/pt\/wp-content\/uploads\/2025\/07\/Sardinha.jpg\" alt=\"Sardinha\" class=\"wp-image-7466812\"  \/><\/a><\/p>\n<p>Sardinha (Fotos: Bazilio Calazans, Mem\u00f3ria Globo |  F\u00e1bio Rocha, Manoella Mello, Globo)<\/p>\n<p><a href=\"https:\/\/www.europesays.com\/pt\/wp-content\/uploads\/2025\/07\/Lucimar.jpg\"><a href=\"https:\/\/www.europesays.com\/pt\/wp-content\/uploads\/2025\/07\/Lucimar.jpg\" aria-label=\"Imagem da Galeria\"><img loading=\"lazy\" decoding=\"async\" width=\"1200\" height=\"675\" data-id=\"7466823\" src=\"https:\/\/www.europesays.com\/pt\/wp-content\/uploads\/2025\/07\/Lucimar.jpg\" alt=\"Lucimar\" class=\"wp-image-7466823\"  \/><\/a><\/p>\n<p>Lucimar (Fotos: Bazilio Calazans, Mem\u00f3ria Globo |  F\u00e1bio Rocha, Manoella Mello, Globo)<\/p>\n<p>VoltarAvan\u00e7ar<\/p>\n<p>Leia tamb\u00e9m <\/p>\n<p><a href=\"https:\/\/www.nsctotal.com.br\/noticias\/vale-tudo-por-que-a-queda-de-raquel-revolta-tanto-quem-e-fa-de-novela-e-de-tais-araujo\" target=\"_blank\" rel=\"noreferrer noopener nofollow\"><strong>Vale Tudo: por que a queda de Raquel revolta tanto quem \u00e9 f\u00e3 de novela e de Ta\u00eds Ara\u00fajo<br \/><\/strong><\/a><\/p>\n","protected":false},"excerpt":{"rendered":"Elogio foi feito por jornalista (Foto: Reprodu\u00e7\u00e3o) Depois de uma pol\u00eamica envolvendo a atriz Ta\u00eds Araujo, com cr\u00edticas&hellip;\n","protected":false},"author":2,"featured_media":51084,"comment_status":"","ping_status":"","sticky":false,"template":"","format":"standard","meta":{"footnotes":""},"categories":[142],"tags":[829,114,115,32,33,151],"class_list":{"0":"post-51083","1":"post","2":"type-post","3":"status-publish","4":"format-standard","5":"has-post-thumbnail","7":"category-tv","8":"tag-conteudo-liberado","9":"tag-entertainment","10":"tag-entretenimento","11":"tag-portugal","12":"tag-pt","13":"tag-tv"},"share_on_mastodon":{"url":"","error":""},"_links":{"self":[{"href":"https:\/\/www.europesays.com\/pt\/wp-json\/wp\/v2\/posts\/51083","targetHints":{"allow":["GET"]}}],"collection":[{"href":"https:\/\/www.europesays.com\/pt\/wp-json\/wp\/v2\/posts"}],"about":[{"href":"https:\/\/www.europesays.com\/pt\/wp-json\/wp\/v2\/types\/post"}],"author":[{"embeddable":true,"href":"https:\/\/www.europesays.com\/pt\/wp-json\/wp\/v2\/users\/2"}],"replies":[{"embeddable":true,"href":"https:\/\/www.europesays.com\/pt\/wp-json\/wp\/v2\/comments?post=51083"}],"version-history":[{"count":0,"href":"https:\/\/www.europesays.com\/pt\/wp-json\/wp\/v2\/posts\/51083\/revisions"}],"wp:featuredmedia":[{"embeddable":true,"href":"https:\/\/www.europesays.com\/pt\/wp-json\/wp\/v2\/media\/51084"}],"wp:attachment":[{"href":"https:\/\/www.europesays.com\/pt\/wp-json\/wp\/v2\/media?parent=51083"}],"wp:term":[{"taxonomy":"category","embeddable":true,"href":"https:\/\/www.europesays.com\/pt\/wp-json\/wp\/v2\/categories?post=51083"},{"taxonomy":"post_tag","embeddable":true,"href":"https:\/\/www.europesays.com\/pt\/wp-json\/wp\/v2\/tags?post=51083"}],"curies":[{"name":"wp","href":"https:\/\/api.w.org\/{rel}","templated":true}]}}