{"id":510834,"date":"2026-09-03T19:53:38","date_gmt":"2026-09-03T19:53:38","guid":{"rendered":"https:\/\/www.europesays.com\/pt\/510834\/"},"modified":"2026-09-03T19:53:38","modified_gmt":"2026-09-03T19:53:38","slug":"assista-a-partir-de-agora-ao-jornal-da-record-noticias-r7-49","status":"publish","type":"post","link":"https:\/\/www.europesays.com\/pt\/510834\/","title":{"rendered":"Assista a partir de agora ao Jornal da Record \u2013 Noticias R7"},"content":{"rendered":"<p class=\"jarvics:base-text-neutral-high-400 xovem:base-text-dark-high-400 base-text-[calc(theme(fontSize.xs)_*_var(--font-size,_1))] base-font-normal base-font-primary base-text-neutral-low-500 base-text-left\">Assista ao <a href=\"https:\/\/www.youtube.com\/watch?v=I3ll1lMA2JM\" target=\"_self\" rel=\"nofollow noopener\" title=\"https:\/\/www.youtube.com\/watch?v=I3ll1lMA2JM\"><b>Jornal da Record<\/b><\/a> desta quarta-feira (2)!<\/p>\n<p>\u200c<\/p>\n<p class=\"base-text-xs base-font-normal base-font-primary base-text-neutral-low-500 jarvics:base-text-neutral-high-400 xovem:base-text-neutral-high-400 playlist-description\">Ministro Andr\u00e9 Mendon\u00e7a admite encontro com Daniel Vorcaro em 2025<\/p>\n<p class=\"base-text-xxxs base-font-semibold base-font-primary base-text-neutral-low-500 jarvics:base-text-neutral-high-400 xovem:base-text-neutral-high-400 playlist-text-xxs lg:playlist-text-sm jarvics:playlist-text-neutral-low-500\">JR na TV playlist<\/p>\n<p class=\"base-text-xxxs base-font-semibold base-font-primary base-text-neutral-low-500 jarvics:base-text-neutral-high-400 xovem:base-text-neutral-high-400 jarvics:playlist-text-neutral-low-500\">1\/20<\/p>\n<p>Modo teatro<\/p>\n<p class=\"base-text-xxxs base-font-normal base-font-primary base-text-neutral-high-400 jarvics:base-text-neutral-high-400 xovem:base-text-neutral-high-400 playlist-z-20 playlist-uppercase\">Reproduzindo<\/p>\n<p><img loading=\"lazy\" decoding=\"async\" alt=\"\" class=\"c-image\" src=\"https:\/\/www.europesays.com\/pt\/wp-content\/uploads\/2026\/09\/t_42b2f7cc1f1549828136aa509a4c106c_name_vlcsnap_2026_09_02_22h09m41s499.jpg\" width=\"348\" height=\"195\"\/>Assista \u00e0 \u00edntegra do Jornal da Record | 02\/09\/2026<img loading=\"lazy\" decoding=\"async\" alt=\"\" class=\"c-image\" src=\"https:\/\/www.europesays.com\/pt\/wp-content\/uploads\/2026\/09\/t_0a7f905262394212821e92555173cc02_name_file_960x540_1600_v4_.jpg\" width=\"348\" height=\"195\"\/>Mais de 120 inc\u00eandios florestais atingem os EUA, e 12 bombeiros j\u00e1 morreram combatendo as chamas<img loading=\"lazy\" decoding=\"async\" alt=\"\" class=\"c-image\" src=\"https:\/\/www.europesays.com\/pt\/wp-content\/uploads\/2026\/09\/t_7dec49d8ad5c4ffbaf6d80fb555eae20_name_file_960x540_1600_v4_.jpg\" width=\"348\" height=\"195\"\/>Criminosos se passam por ambulantes para atacar motoristas presos no congestionamento de SP<img loading=\"lazy\" decoding=\"async\" alt=\"\" class=\"c-image\" src=\"https:\/\/www.europesays.com\/pt\/wp-content\/uploads\/2026\/09\/t_88b059927d034d6ea3c54d1df890fcf9_name_file_960x540_1600_v4_.jpg\" width=\"348\" height=\"195\"\/>Laudo confirma tese de que PM Gisele Alves Santana foi v\u00edtima de feminic\u00eddio<img loading=\"lazy\" decoding=\"async\" alt=\"\" class=\"c-image\" src=\"https:\/\/www.europesays.com\/pt\/wp-content\/uploads\/2026\/09\/t_ba285853f5d04b3ea4d9340b86c96e45_name_file_960x540_1600_v4_.jpg\" width=\"348\" height=\"195\"\/>C\u00e2mara dos Deputados aprova nome de Pacheco, do PSB de MG, para a vaga de ministro do TCU<img loading=\"lazy\" decoding=\"async\" alt=\"\" class=\"c-image\" src=\"https:\/\/www.europesays.com\/pt\/wp-content\/uploads\/2026\/09\/t_48784499bfd24f5bb0f4859949051e58_name_file_960x540_1600_v4_.jpg\" width=\"348\" height=\"195\"\/>Proposta do fim da escala de trabalho 6&#215;1 passa na CCJ e vai ao plen\u00e1rio no Senado<img loading=\"lazy\" decoding=\"async\" alt=\"\" class=\"c-image\" src=\"https:\/\/www.europesays.com\/pt\/wp-content\/uploads\/2026\/09\/t_a91114a698b1439aa5a8510f6ed246ad_name_file_960x540_1600_v4_.jpg\" width=\"348\" height=\"195\"\/>Pol\u00edcia de SP investiga por estelionato loja de noivas que fechou sem entregar vestidos \u00e0s clientes<img loading=\"lazy\" decoding=\"async\" alt=\"\" class=\"c-image\" src=\"https:\/\/www.europesays.com\/pt\/wp-content\/uploads\/2026\/09\/t_22115e1776e24d7aa9a2e356e29e8b6f_name_file_960x540_1600_v4_.jpg\" width=\"348\" height=\"195\"\/>Ator e diretor Gracindo J\u00fanior morre aos 83 anos no RJ<img loading=\"lazy\" decoding=\"async\" alt=\"\" class=\"c-image\" src=\"https:\/\/www.europesays.com\/pt\/wp-content\/uploads\/2026\/09\/t_9d1937e021214e6ea9ce30844e13d4c9_name_file_960x540_1600_v4_.jpg\" width=\"348\" height=\"195\"\/>Autoridades come\u00e7am a coletar DNA de familiares para identificar corpos ap\u00f3s deslizamento no Nepal<img loading=\"lazy\" decoding=\"async\" alt=\"\" class=\"c-image\" src=\"https:\/\/www.europesays.com\/pt\/wp-content\/uploads\/2026\/09\/t_4e3a1ec626d24c08bf6540de10e60978_name_file_960x540_1600_v4_.jpg\" width=\"348\" height=\"195\"\/>Guerra entre Ir\u00e3 e EUA volta a escalar enquanto pa\u00edses disputam controle sobre rotas de petr\u00f3leo<img loading=\"lazy\" decoding=\"async\" alt=\"\" class=\"c-image\" src=\"https:\/\/www.europesays.com\/pt\/wp-content\/uploads\/2026\/09\/t_34c711c5f6974c2ca4ed21b613ab6bb3_name_file_960x540_1600_v4_.jpg\" width=\"348\" height=\"195\"\/>Trump afirma ter boa rela\u00e7\u00e3o com o Brasil sem citar o presidente Lula<img loading=\"lazy\" decoding=\"async\" alt=\"\" class=\"c-image\" src=\"https:\/\/www.europesays.com\/pt\/wp-content\/uploads\/2026\/09\/t_23ece5d16455465bb27e01fe0e886ac5_name_file_960x540_1600_v4_.jpg\" width=\"348\" height=\"195\"\/>Parlamentares do Congresso articulam mais um pedido de impeachment de Alexandre de Moraes<img loading=\"lazy\" decoding=\"async\" alt=\"\" class=\"c-image\" src=\"https:\/\/www.europesays.com\/pt\/wp-content\/uploads\/2026\/09\/t_487c832c4e0b48888bbf99d59d957ec1_name_file_960x540_1600_v4_.jpg\" width=\"348\" height=\"195\"\/>Previs\u00e3o do Tempo: nova frente fria j\u00e1 avan\u00e7a pelo Sul<img loading=\"lazy\" decoding=\"async\" alt=\"\" class=\"c-image\" src=\"https:\/\/www.europesays.com\/pt\/wp-content\/uploads\/2026\/09\/t_4d49a632c7714da584396616718fecc4_name_file_960x540_1600_v4_.jpg\" width=\"348\" height=\"195\"\/>Fachin anunciar\u00e1 medidas sobre crise no STF envolvendo conversas de Moraes e banqueiro Vorcaro<img loading=\"lazy\" decoding=\"async\" alt=\"\" class=\"c-image\" src=\"https:\/\/www.europesays.com\/pt\/wp-content\/uploads\/2026\/09\/t_94ef31c750574f6bb428d1aad082dc6a_name_file_960x540_1600_v4_.jpg\" width=\"348\" height=\"195\"\/>Encontro entre Andr\u00e9 Mendon\u00e7a e Vorcaro vem \u00e0 tona um dia ap\u00f3s conex\u00f5es de Moraes ao banqueiro<img loading=\"lazy\" decoding=\"async\" alt=\"\" class=\"c-image\" src=\"https:\/\/www.europesays.com\/pt\/wp-content\/uploads\/2026\/09\/t_bd4e09c51c1743d593ea0bbe07b332a1_name_file_960x540_1600_v4_.jpg\" width=\"348\" height=\"195\"\/>Relat\u00f3rios mostram que Discord n\u00e3o agiu com agilidade para interromper crimes em transmiss\u00f5es<img loading=\"lazy\" decoding=\"async\" alt=\"\" class=\"c-image\" src=\"https:\/\/www.europesays.com\/pt\/wp-content\/uploads\/2026\/09\/t_f8d94bedfd6347ffaa26cb42a4dfd0c1_name_file_960x540_1600_v4_.jpg\" width=\"348\" height=\"195\"\/>Veja a agenda dos candidatos melhores colocados nas pesquisas para o governo de SP<img loading=\"lazy\" decoding=\"async\" alt=\"\" class=\"c-image\" src=\"https:\/\/www.europesays.com\/pt\/wp-content\/uploads\/2026\/09\/t_a86597f01f394392b70d4070b11198ad_name_file_960x540_1600_v4_.jpg\" width=\"348\" height=\"195\"\/>Golpista se passa pelo t\u00e9cnico do Gr\u00eamio e consegue enganar jogadores do pr\u00f3prio time<img loading=\"lazy\" decoding=\"async\" alt=\"\" class=\"c-image\" src=\"https:\/\/www.europesays.com\/pt\/wp-content\/uploads\/2026\/09\/t_21b07503b8de414b88556552288a434a_name_file_960x540_1600_v4_.jpg\" width=\"348\" height=\"195\"\/>29 escolas s\u00e3o fechadas por causa de opera\u00e7\u00f5es da pol\u00edcia em comunidades do RJ<img loading=\"lazy\" decoding=\"async\" alt=\"\" class=\"c-image\" src=\"https:\/\/www.europesays.com\/pt\/wp-content\/uploads\/2026\/09\/t_2c2e7716432d438f9c77d7888ad7c678_name_file_960x540_1600_v4_.jpg\" width=\"348\" height=\"195\"\/>Queda nas exporta\u00e7\u00f5es por causa de suspens\u00f5es e tarifas deixa alguns cortes de carne mais baratos<\/p>\n","protected":false},"excerpt":{"rendered":"Assista ao Jornal da Record desta quarta-feira (2)! \u200c Ministro Andr\u00e9 Mendon\u00e7a admite encontro com Daniel Vorcaro em&hellip;\n","protected":false},"author":2,"featured_media":510835,"comment_status":"","ping_status":"","sticky":false,"template":"","format":"standard","meta":{"footnotes":"","_share_on_mastodon":"0"},"categories":[142],"tags":[81817,114,115,43806,4286,32,33,151],"class_list":["post-510834","post","type-post","status-publish","format-standard","has-post-thumbnail","category-tv","tag-02-09-2026","tag-entertainment","tag-entretenimento","tag-integra","tag-jornal-da-record","tag-portugal","tag-pt","tag-tv"],"share_on_mastodon":{"url":"https:\/\/pubeurope.com\/@pt\/117208863682456959","error":""},"_links":{"self":[{"href":"https:\/\/www.europesays.com\/pt\/wp-json\/wp\/v2\/posts\/510834","targetHints":{"allow":["GET"]}}],"collection":[{"href":"https:\/\/www.europesays.com\/pt\/wp-json\/wp\/v2\/posts"}],"about":[{"href":"https:\/\/www.europesays.com\/pt\/wp-json\/wp\/v2\/types\/post"}],"author":[{"embeddable":true,"href":"https:\/\/www.europesays.com\/pt\/wp-json\/wp\/v2\/users\/2"}],"replies":[{"embeddable":true,"href":"https:\/\/www.europesays.com\/pt\/wp-json\/wp\/v2\/comments?post=510834"}],"version-history":[{"count":0,"href":"https:\/\/www.europesays.com\/pt\/wp-json\/wp\/v2\/posts\/510834\/revisions"}],"wp:featuredmedia":[{"embeddable":true,"href":"https:\/\/www.europesays.com\/pt\/wp-json\/wp\/v2\/media\/510835"}],"wp:attachment":[{"href":"https:\/\/www.europesays.com\/pt\/wp-json\/wp\/v2\/media?parent=510834"}],"wp:term":[{"taxonomy":"category","embeddable":true,"href":"https:\/\/www.europesays.com\/pt\/wp-json\/wp\/v2\/categories?post=510834"},{"taxonomy":"post_tag","embeddable":true,"href":"https:\/\/www.europesays.com\/pt\/wp-json\/wp\/v2\/tags?post=510834"}],"curies":[{"name":"wp","href":"https:\/\/api.w.org\/{rel}","templated":true}]}}