{"id":510842,"date":"2026-09-03T19:58:13","date_gmt":"2026-09-03T19:58:13","guid":{"rendered":"https:\/\/www.europesays.com\/pt\/510842\/"},"modified":"2026-09-03T19:58:13","modified_gmt":"2026-09-03T19:58:13","slug":"vencedor-a-vista-na-vespera-da-grande-final-este-e-o-concorrente-mais-popular-do-big-brother-verao-big-brother-verao-2026-ultimas-noticias-videos-e-diretos","status":"publish","type":"post","link":"https:\/\/www.europesays.com\/pt\/510842\/","title":{"rendered":"Vencedor \u00e0 vista? Na v\u00e9spera da grande final, este \u00e9 o concorrente mais popular do Big Brother Ver\u00e3o &#8211; Big Brother Ver\u00e3o 2026: \u00daltimas Not\u00edcias, V\u00eddeos e Diretos"},"content":{"rendered":"<p>A poucas horas da <a target=\"_self\" rel=\"noopener noreferrer nofollow\" href=\"https:\/\/tvi.iol.pt\/bigbrother\/video\/big-emociona-os-concorrentes-com-discurso-que-toca-o-coracao-todos-merecem-o-primeiro-lugar\/6a999a7a0cf2f6a1a1e764c1\">grande final do \u2018Big Brother Ver\u00e3o\u2019,<\/a> j\u00e1 \u00e9 conhecido o \u00faltimo ranking de popularidade dos concorrentes. <strong>Nuno termina a caminhada no reality show da TVI no topo das prefer\u00eancias<\/strong> dos seguidores do programa, enquanto Sara e Ana Lu\u00edsa completam o p\u00f3dio.<\/p>\n<p><a target=\"_self\" rel=\"noopener noreferrer nofollow\" href=\"https:\/\/tvi.iol.pt\/bigbrother\/boris\/ranking-de-popularidade\/ja-esteve-no-topo-e-agora-esta-em-ultimo-no-ranking-de-popularidade-este-concorrente-e-o-menos-favorito-do-publico\">A vota\u00e7\u00e3o foi promovida pelo perfil oficial do \u2018Big Brother\u2019 no Instagram, <\/a>que desafiou os seguidores, atrav\u00e9s dos stories, a escolherem os concorrentes de quem mais gostavam. Os resultados foram posteriormente divulgados nas redes sociais.<\/p>\n<p>Nuno volta a conquistar o primeiro lugar <\/p>\n<p>Nuno surge novamente na lideran\u00e7a do ranking, consolidando uma posi\u00e7\u00e3o que tem ocupado ao longo da edi\u00e7\u00e3o. O concorrente fecha, assim, a sua participa\u00e7\u00e3o no programa com um importante indicador de popularidade junto da comunidade que acompanha o reality show.<\/p>\n<p>Logo atr\u00e1s aparece Sara, que conquista o segundo lugar. A concorrente tem tamb\u00e9m sido apontada como uma das principais favoritas \u00e0 vit\u00f3ria em outras sondagens realizadas j\u00e1 nesta reta final. Numa sondagem da Hiper FM, por exemplo, Sara surgia destacada na primeira posi\u00e7\u00e3o, com 52,29% dos votos, \u00e0 frente de Nuno.<\/p>\n<p>O terceiro lugar pertence a Ana Lu\u00edsa, que fecha o p\u00f3dio deste \u00faltimo ranking.<\/p>\n<p>Boris em \u00faltimo lugar <\/p>\n<p>Jo\u00e3o Ventura ocupa a quarta posi\u00e7\u00e3o, ficando fora do p\u00f3dio por uma diferen\u00e7a que, nesta fase da competi\u00e7\u00e3o, ganha particular import\u00e2ncia.<\/p>\n<p>O quinto lugar \u00e9 de Vanessa, enquanto Boris encerra a tabela na sexta e \u00faltima posi\u00e7\u00e3o.<\/p>\n<p>Assim, a classifica\u00e7\u00e3o divulgada pelo programa fica ordenada da seguinte forma:<\/p>\n<p><strong>1.\u00ba Nuno<\/strong><br \/><strong>2.\u00ba Sara<\/strong><br \/><strong>3.\u00ba Ana Lu\u00edsa<\/strong><br \/><strong>4.\u00ba Jo\u00e3o Ventura<\/strong><br \/><strong>5.\u00ba Vanessa<\/strong><br \/><strong>6.\u00ba Boris<\/strong><\/p>\n<p>Seis concorrentes, uma vit\u00f3ria <\/p>\n<p>O ranking surge precisamente quando faltam poucas horas para a decis\u00e3o. Nuno, Sara, Ana Lu\u00edsa, Jo\u00e3o Ventura, Vanessa e Boris s\u00e3o os seis finalistas que continuam na corrida pelo t\u00edtulo de vencedor do \u2018Big Brother Ver\u00e3o\u2019.<\/p>\n<p>A grande final est\u00e1 marcada para esta <strong>sexta-feira, 4 de setembro<\/strong>, altura em que ser\u00e1 finalmente conhecido o vencedor desta edi\u00e7\u00e3o.<\/p>\n<p>Embora este ranking n\u00e3o determine, por si s\u00f3, o resultado final, os n\u00fameros d\u00e3o uma fotografia das prefer\u00eancias manifestadas pelos seguidores do programa e deixam pistas sobre quem chega \u00e0 derradeira noite com maior apoio nas redes sociais.<\/p>\n<p>Nuno termina, portanto, a \u00faltima semana de \u2018Big Brother Ver\u00e3o\u2019 como o concorrente mais popular no ranking oficial do programa, mas s\u00f3 amanh\u00e3 saberemos quem vence.<\/p>\n<p>Recorde-se que &#8211; ao contr\u00e1rio do ranking de popularidade que se vota no Instagram &#8211; <strong>pode e deve escolher o grande vencedor atrav\u00e9s da app do Big Brother Ver\u00e3o e tamb\u00e9m do telefone:<\/strong><\/p>\n<p><strong>Vote para vencer:<\/strong><\/p>\n<p><strong>ANA LU\u00cdSA &#8211; 761 20 20 02<\/strong><\/p>\n<p><strong>BORIS &#8211; 761 20 20 03<\/strong><\/p>\n<p><strong>JO\u00c3O VENTURA &#8211; 761 20 20 08<\/strong><\/p>\n<p><strong>NUNO &#8211; 761 20 20 13<\/strong><\/p>\n<p><strong>SARA &#8211; 761 20 20 16<\/strong><\/p>\n<p><strong>VANESSA &#8211; 761 20 20 18<\/strong><\/p>\n<p><strong>Recorde todos os concorrentes que passaram por esta edi\u00e7\u00e3o em baixo:<\/strong><\/p>\n","protected":false},"excerpt":{"rendered":"A poucas horas da grande final do \u2018Big Brother Ver\u00e3o\u2019, j\u00e1 \u00e9 conhecido o \u00faltimo ranking de popularidade&hellip;\n","protected":false},"author":2,"featured_media":510843,"comment_status":"","ping_status":"","sticky":false,"template":"","format":"standard","meta":{"footnotes":"","_share_on_mastodon":"0"},"categories":[85],"tags":[13786,331,48,1170,70471,333,328,335,336,114,115,334,332,330,81821,70312,338,13,7992,32,33,33886,42504,162,29276,227],"class_list":["post-510842","post","type-post","status-publish","format-standard","has-post-thumbnail","category-entretenimento","tag-ana-luisa","tag-big","tag-big-brother","tag-big-brother-verao","tag-boris","tag-comentadores","tag-concorrentes","tag-confrontos","tag-discussoes","tag-entertainment","tag-entretenimento","tag-exclusivos","tag-expulso","tag-gala","tag-grande-final","tag-joao-ventura","tag-maria-botelho-moniz","tag-noticias","tag-nuno","tag-portugal","tag-pt","tag-ranking-de-popularidade","tag-sara","tag-tvi","tag-vanessa","tag-videos"],"share_on_mastodon":{"url":"https:\/\/pubeurope.com\/@pt\/117208882176878132","error":""},"_links":{"self":[{"href":"https:\/\/www.europesays.com\/pt\/wp-json\/wp\/v2\/posts\/510842","targetHints":{"allow":["GET"]}}],"collection":[{"href":"https:\/\/www.europesays.com\/pt\/wp-json\/wp\/v2\/posts"}],"about":[{"href":"https:\/\/www.europesays.com\/pt\/wp-json\/wp\/v2\/types\/post"}],"author":[{"embeddable":true,"href":"https:\/\/www.europesays.com\/pt\/wp-json\/wp\/v2\/users\/2"}],"replies":[{"embeddable":true,"href":"https:\/\/www.europesays.com\/pt\/wp-json\/wp\/v2\/comments?post=510842"}],"version-history":[{"count":0,"href":"https:\/\/www.europesays.com\/pt\/wp-json\/wp\/v2\/posts\/510842\/revisions"}],"wp:featuredmedia":[{"embeddable":true,"href":"https:\/\/www.europesays.com\/pt\/wp-json\/wp\/v2\/media\/510843"}],"wp:attachment":[{"href":"https:\/\/www.europesays.com\/pt\/wp-json\/wp\/v2\/media?parent=510842"}],"wp:term":[{"taxonomy":"category","embeddable":true,"href":"https:\/\/www.europesays.com\/pt\/wp-json\/wp\/v2\/categories?post=510842"},{"taxonomy":"post_tag","embeddable":true,"href":"https:\/\/www.europesays.com\/pt\/wp-json\/wp\/v2\/tags?post=510842"}],"curies":[{"name":"wp","href":"https:\/\/api.w.org\/{rel}","templated":true}]}}