{"id":510852,"date":"2026-09-03T20:08:15","date_gmt":"2026-09-03T20:08:15","guid":{"rendered":"https:\/\/www.europesays.com\/pt\/510852\/"},"modified":"2026-09-03T20:08:15","modified_gmt":"2026-09-03T20:08:15","slug":"amora-mautner-ve-nova-fase-na-carreira-em-quem-ama-cuida-diferente-de-outras-novelas","status":"publish","type":"post","link":"https:\/\/www.europesays.com\/pt\/510852\/","title":{"rendered":"Amora Mautner v\u00ea nova fase na carreira em Quem Ama Cuida: &#8220;Diferente de outras novelas&#8221;"},"content":{"rendered":"<p><a href=\"https:\/\/natelinha.uol.com.br\/famosos\/tudo-sobre\/amora-mautner\" rel=\"nofollow noopener\" target=\"_blank\">Amora Mautner<\/a> participa do Caldeir\u00e3o com Mion que vai ao ar neste s\u00e1bado (5). O programa comandado por <a href=\"https:\/\/natelinha.uol.com.br\/famosos\/tudo-sobre\/marcos-mion\" rel=\"nofollow noopener\" target=\"_blank\">Marcos Mion<\/a> mergulha nos bastidores de Quem Ama Cuida e, entre os principais depoimentos, est\u00e1 o da diretora art\u00edstica da novela, que se emocionou ao falar de uma nova fase da carreira.<\/p>\n<p>\u201cPassei por muitas coisas, minha perspectiva de mundo se alterou. Eu passei por uma revalora\u00e7\u00e3o. Hoje em dia minha maior pergunta \u00e9: \u2018O que faz valer a pena meu tempo?\u2019. O que me faz vir todos os dias trabalhar s\u00e3o esses atores. \u00c9 diferente de outras novelas\u201d, comentou Amora Mautner.<\/p>\n<p>+\u00a0<a href=\"https:\/\/natelinha.uol.com.br\/famosos\/2026\/09\/03\/ex-ator-mirim-da-globo-virou-motorista-de-uber-e-hoje-e-psicanalista-247144.php\" target=\"_blank\" rel=\"noopener noreferrer nofollow\">Ex-ator mirim da Globo virou motorista de Uber e hoje \u00e9 psicanalista<\/a><\/p>\n<p>continua depois da publicidade<\/p>\n<p><img decoding=\"async\" loading=\"lazy\" class=\"horizontal\" src=\"https:\/\/www.europesays.com\/pt\/wp-content\/uploads\/2026\/09\/amora-mautner_115.jpeg\" alt=\"Amora Mautner\" diferente=\"\" de=\"\" outras=\"\" novelas=\"\"\/><br \/>\nAmora Mautner, diretora art\u00edstica de Quem Ama Cuida, deu depoimento exclusivo no Caldeir\u00e3o &#8211; Foto:\u00a0Globo\/Junior Dantas<\/p>\n<p>Conhecida por seu estilo minucioso e detalhista, a diretora citou alguns nomes do elenco, como o de <a href=\"https:\/\/natelinha.uol.com.br\/famosos\/tudo-sobre\/isabel-teixeira\" rel=\"nofollow noopener\" target=\"_blank\">Isabel Teixeira<\/a>, que d\u00e1 vida \u00e0 vil\u00e3 Pilar.<\/p>\n<blockquote>\n<p class=\"cit\">\u201cA Isabel Teixeira tem um valor pra mim que tudo o que eu fizer, at\u00e9 morrer, estarei em d\u00edvida com ela. Ela me religou \u00e0 ideia de que o que a gente faz n\u00e3o tem nada a ver com o est\u00fadio, ou com o dinheiro, com produ\u00e7\u00e3o. Eu quero ter elenco e eu quero fazer com eles as hist\u00f3rias.\u201d<\/p>\n<p>Amora Mautner<\/p><\/blockquote>\n<p>+\u00a0<a href=\"https:\/\/natelinha.uol.com.br\/novelas\/2026\/08\/31\/adriana-inocentada-chegada-de-heitor-e-mais-3-reviravoltas-em-quem-ama-cuida-246885.php\" target=\"_blank\" rel=\"noopener noreferrer nofollow\">Adriana inocentada, chegada de Heitor e mais: 3 reviravoltas em Quem Ama Cuida<\/a><\/p>\n<p>Marcos Mion acompanhou um dia de grava\u00e7\u00e3o da novela das 21h, com Isabel Teixeira, <a href=\"https:\/\/natelinha.uol.com.br\/famosos\/tudo-sobre\/agatha-moreira\" rel=\"nofollow noopener\" target=\"_blank\">Agatha Moreira<\/a>, <a href=\"https:\/\/natelinha.uol.com.br\/famosos\/tudo-sobre\/joao-vitor-silva\" rel=\"nofollow noopener\" target=\"_blank\">Jo\u00e3o Vitor Silva<\/a>, que d\u00e3o vida a Pilar, Ingrid e Rafael. Quem tamb\u00e9m tem destaque \u00e9 <a href=\"https:\/\/natelinha.uol.com.br\/famosos\/2026\/07\/22\/maria-antonieta-de-quem-ama-cuida-autriz-tem-perfil-no-instagram-veja-fotos-245062.php\" rel=\"nofollow noopener\" target=\"_blank\">a malt\u00eas albina Meg, que na fic\u00e7\u00e3o \u00e9 Maria Antonieta<\/a>, mascote da megera do folhetim.<\/p>\n<p>A m\u00fasica n\u00e3o fica de fora da mistura do Caldeir\u00e3o, que recebe uma das revela\u00e7\u00f5es da novela: a cantora <a href=\"https:\/\/natelinha.uol.com.br\/famosos\/tudo-sobre\/mc-carol\" rel=\"nofollow noopener\" target=\"_blank\">MC Carol<\/a>. Int\u00e9rprete de Mirtes, ela comenta sobre o car\u00e1ter ainda d\u00fabio da personagem e apresenta a can\u00e7\u00e3o Quem Ama Cuida, que comp\u00f4s especialmente para a trama.<\/p>\n<p>continua depois da publicidade<\/p>\n<p>Os detalhes do programa, que vai ao ar no s\u00e1bado (5), ap\u00f3s a Edi\u00e7\u00e3o Especial da novela Al\u00e9m do Tempo, foram obtidos pelo NaTelinha junto \u00e0 assessoria de comunica\u00e7\u00e3o da Globo.<\/p>\n","protected":false},"excerpt":{"rendered":"Amora Mautner participa do Caldeir\u00e3o com Mion que vai ao ar neste s\u00e1bado (5). O programa comandado por&hellip;\n","protected":false},"author":2,"featured_media":510853,"comment_status":"","ping_status":"","sticky":false,"template":"","format":"standard","meta":{"footnotes":"","_share_on_mastodon":"0"},"categories":[142],"tags":[12483,16581,114,115,753,3889,32,33,35878,151],"class_list":["post-510852","post","type-post","status-publish","format-standard","has-post-thumbnail","category-tv","tag-amora-mautner","tag-caldeirao","tag-entertainment","tag-entretenimento","tag-globo","tag-marcos-mion","tag-portugal","tag-pt","tag-quem-ama-cuida","tag-tv"],"share_on_mastodon":{"url":"https:\/\/pubeurope.com\/@pt\/117208921729826547","error":""},"_links":{"self":[{"href":"https:\/\/www.europesays.com\/pt\/wp-json\/wp\/v2\/posts\/510852","targetHints":{"allow":["GET"]}}],"collection":[{"href":"https:\/\/www.europesays.com\/pt\/wp-json\/wp\/v2\/posts"}],"about":[{"href":"https:\/\/www.europesays.com\/pt\/wp-json\/wp\/v2\/types\/post"}],"author":[{"embeddable":true,"href":"https:\/\/www.europesays.com\/pt\/wp-json\/wp\/v2\/users\/2"}],"replies":[{"embeddable":true,"href":"https:\/\/www.europesays.com\/pt\/wp-json\/wp\/v2\/comments?post=510852"}],"version-history":[{"count":0,"href":"https:\/\/www.europesays.com\/pt\/wp-json\/wp\/v2\/posts\/510852\/revisions"}],"wp:featuredmedia":[{"embeddable":true,"href":"https:\/\/www.europesays.com\/pt\/wp-json\/wp\/v2\/media\/510853"}],"wp:attachment":[{"href":"https:\/\/www.europesays.com\/pt\/wp-json\/wp\/v2\/media?parent=510852"}],"wp:term":[{"taxonomy":"category","embeddable":true,"href":"https:\/\/www.europesays.com\/pt\/wp-json\/wp\/v2\/categories?post=510852"},{"taxonomy":"post_tag","embeddable":true,"href":"https:\/\/www.europesays.com\/pt\/wp-json\/wp\/v2\/tags?post=510852"}],"curies":[{"name":"wp","href":"https:\/\/api.w.org\/{rel}","templated":true}]}}