{"id":51089,"date":"2025-08-30T04:38:27","date_gmt":"2025-08-30T04:38:27","guid":{"rendered":"https:\/\/www.europesays.com\/pt\/51089\/"},"modified":"2025-08-30T04:38:27","modified_gmt":"2025-08-30T04:38:27","slug":"este-video-nao-se-pode-perder-diogo-amaral-mostra-momento-hilariante-das-ferias-com-jessica-athayde-em-bali-novelas","status":"publish","type":"post","link":"https:\/\/www.europesays.com\/pt\/51089\/","title":{"rendered":"\u00abEste v\u00eddeo n\u00e3o se pode perder\u00bb: Diogo Amaral mostra momento hilariante das f\u00e9rias com Jessica Athayde em Bali &#8211; Novelas"},"content":{"rendered":"<p><a href=\"https:\/\/tvi.iol.pt\/novelas\/search?pagina=1&amp;pesquisa=diogo+amaral\" target=\"_blank\" rel=\"nofollow noopener\">Diogo Amaral<\/a>, 43 anos, voltou a divertir os seguidores ao partilhar um verdadeiro \u00e1lbum de mem\u00f3rias das f\u00e9rias que passou em Bali com <a href=\"https:\/\/tvi.iol.pt\/novelas\/search?pagina=1&amp;pesquisa=jessica+athayde\" target=\"_blank\" rel=\"nofollow noopener\">Jessica Athayde<\/a>, 39 anos, \u00a0e o filho Oliver de 6 anos. Num registo descontra\u00eddo e divertido, o ator de 43 anos, reuniu v\u00e1rios momentos da viagem e publicou-os no Instagram com uma simples legenda: <strong>\u00abBali 2025 \u2764\ufe0f\u00bb.<\/strong><\/p>\n<p>Entre mergulhos no mar, coreografias improvisadas e momentos em fam\u00edlia, os v\u00eddeos e fotos revelam o ambiente hilariante e c\u00famplice que se viveu durante os dias de f\u00e9rias. Num desses momentos, Diogo surge a \u201ccantar\u201d, ou melhor, a inventar a letra de uma m\u00fasica, enquanto filma Jessica a dan\u00e7ar uma coreografia divertida, com um toque de sensualidade. O pr\u00f3prio ator brinca com o momento, escrevendo: <strong>\u00abacho que este v\u00eddeo n\u00e3o se pode perder\u00bb<\/strong>.<\/p>\n<p><a href=\"https:\/\/tvi.iol.pt\/novelas\/diogo-amaral\/jessica-athayde\/ja-viu-a-reacao-de-jessica-athayde-a-este-desafio-de-diogo-amaral-e-hilariante\" target=\"_blank\" rel=\"nofollow noopener\">As f\u00e9rias tamb\u00e9m tiveram espa\u00e7o para brincadeiras em casal<\/a>. Num dos registos mais ternurentos, Jessica pergunta: <strong>\u00abDiogo, de zero a cem quanto \u00e9 que me amas hoje?\u00bb<\/strong> ao que o ator responde, entre risos: <strong>\u00abmil\u00bb<\/strong>. A troca r\u00e1pida e espont\u00e2nea divertiu os seguidores, mostrando o lado c\u00famplice e apaixonado da rela\u00e7\u00e3o.<\/p>\n<p>Os momentos em fam\u00edlia n\u00e3o foram esquecidos. Diogo partilhou ainda um v\u00eddeo a fazer lip sync do que o filho Oliver dizia sobre as f\u00e9rias, numa partilha ao mesmo tempo hilariante e enternecedora.<\/p>\n<p>Outro detalhe curioso da partilha foi a legenda \u201cC\u00e9lia &amp; C\u00e9lio\u201d, numa das fotografias do casal, sempre com humor e esp\u00edrito de divers\u00e3o. Para completar, n\u00e3o faltaram imagens dos bonitos p\u00f4r-do-sol em Bali.<\/p>\n<p>Veja a publica\u00e7\u00e3o em baixo.\u00a0<\/p>\n<p>No final, como o pr\u00f3prio Diogo escreveu, n\u00e3o h\u00e1 muito mais a acrescentar. A viagem foi um conjunto de <a href=\"https:\/\/tvi.iol.pt\/novelas\/jessica-athayde\/diogo-amaral\/ja-viu-a-a-reacao-de-jessica-athayde-a-surpresa-adoravel-de-diogo-amaral\" rel=\"nofollow noopener\" target=\"_blank\">momentos espont\u00e2neos, c\u00famplices e repletos de gargalhadas<\/a>. Como resumiu na legenda: <strong>\u00abBali 2025 \u2764\ufe0f\u00bb<\/strong>.<\/p>\n<p>Veja as fotos, na galeria em cima.<\/p>\n<p>\u00a0<\/p>\n","protected":false},"excerpt":{"rendered":"Diogo Amaral, 43 anos, voltou a divertir os seguidores ao partilhar um verdadeiro \u00e1lbum de mem\u00f3rias das f\u00e9rias&hellip;\n","protected":false},"author":2,"featured_media":51090,"comment_status":"","ping_status":"","sticky":false,"template":"","format":"standard","meta":{"footnotes":""},"categories":[142],"tags":[160,5701,166,2663,114,115,157,167,11436,164,161,14919,158,165,159,32,33,156,163,151,162],"class_list":{"0":"post-51089","1":"post","2":"type-post","3":"status-publish","4":"format-standard","5":"has-post-thumbnail","7":"category-tv","8":"tag-ana-guiomar","9":"tag-bali","10":"tag-cristina-ferreira","11":"tag-diogo-amaral","12":"tag-entertainment","13":"tag-entretenimento","14":"tag-festa-e-festa","15":"tag-ficcao","16":"tag-jessica-athayde","17":"tag-jose-fidalgo","18":"tag-novelas","19":"tag-oliver","20":"tag-para-sempre","21":"tag-pedro-sousa","22":"tag-pedro-teixeira","23":"tag-portugal","24":"tag-pt","25":"tag-queridos-papas","26":"tag-tiago-teotonio-pereira","27":"tag-tv","28":"tag-tvi"},"share_on_mastodon":{"url":"","error":""},"_links":{"self":[{"href":"https:\/\/www.europesays.com\/pt\/wp-json\/wp\/v2\/posts\/51089","targetHints":{"allow":["GET"]}}],"collection":[{"href":"https:\/\/www.europesays.com\/pt\/wp-json\/wp\/v2\/posts"}],"about":[{"href":"https:\/\/www.europesays.com\/pt\/wp-json\/wp\/v2\/types\/post"}],"author":[{"embeddable":true,"href":"https:\/\/www.europesays.com\/pt\/wp-json\/wp\/v2\/users\/2"}],"replies":[{"embeddable":true,"href":"https:\/\/www.europesays.com\/pt\/wp-json\/wp\/v2\/comments?post=51089"}],"version-history":[{"count":0,"href":"https:\/\/www.europesays.com\/pt\/wp-json\/wp\/v2\/posts\/51089\/revisions"}],"wp:featuredmedia":[{"embeddable":true,"href":"https:\/\/www.europesays.com\/pt\/wp-json\/wp\/v2\/media\/51090"}],"wp:attachment":[{"href":"https:\/\/www.europesays.com\/pt\/wp-json\/wp\/v2\/media?parent=51089"}],"wp:term":[{"taxonomy":"category","embeddable":true,"href":"https:\/\/www.europesays.com\/pt\/wp-json\/wp\/v2\/categories?post=51089"},{"taxonomy":"post_tag","embeddable":true,"href":"https:\/\/www.europesays.com\/pt\/wp-json\/wp\/v2\/tags?post=51089"}],"curies":[{"name":"wp","href":"https:\/\/api.w.org\/{rel}","templated":true}]}}