{"id":510892,"date":"2026-09-03T20:46:19","date_gmt":"2026-09-03T20:46:19","guid":{"rendered":"https:\/\/www.europesays.com\/pt\/510892\/"},"modified":"2026-09-03T20:46:19","modified_gmt":"2026-09-03T20:46:19","slug":"e-oficial-ha-uma-nova-confirmacao-no-big-brother-all-stars-e-e-das-polemicas-vou-arranjar-sarilho-big-brother-verao-2026-ultimas-noticias-videos-e-diretos","status":"publish","type":"post","link":"https:\/\/www.europesays.com\/pt\/510892\/","title":{"rendered":"\u00c9 oficial! H\u00e1 uma nova confirma\u00e7\u00e3o no Big Brother All Stars e \u00e9 das pol\u00e9micas: \u00abVou arranjar sarilho\u00bb &#8211; Big Brother Ver\u00e3o 2026: \u00daltimas Not\u00edcias, V\u00eddeos e Diretos"},"content":{"rendered":"<p><a target=\"_self\" rel=\"noopener noreferrer nofollow\" href=\"https:\/\/tvi.iol.pt\/bigbrother\/video\/apostas-em-cima-da-mesa-estes-sao-os-concorrentes-que-os-finalistas-esperam-que-entrem-no-big-brother-all-stars\/6a99a6bc0cf2f6a1a1e764e7\">O \u201cBig Brother All Stars\u201d est\u00e1 quase a estrear<\/a> e no meio de tanta especula\u00e7\u00e3o j\u00e1 come\u00e7am a surgir os primeiros nomes ligados ao formato. Depois de Maria Botelho Moniz como apresentadora, sabe-se agora que <a target=\"_self\" rel=\"noopener noreferrer nofollow\" href=\"https:\/\/tvi.iol.pt\/bigbrother\/susana-dias-ramos\/big-brother-all-stars\/finalmente-uma-das-comentadoras-mais-polemicas-e-pedidas-regressa-ao-big-brother-all-stars\"><strong>Susana Dias Ramos regressa para comentar tudo.<\/strong><\/a><\/p>\n<p>Numa entrevista exclusiva ao Dois \u00e0s 10, a psic\u00f3loga revelou o motivo pelo qual aceitou o convite: \u00abEstava com falta de hate. Toda a gente muito amiga, tudo a dizer bem de mim&#8230; Vou arranjar sarilho\u00bb, brincou.<\/p>\n<p>Meses ap\u00f3s a \u00faltima participa\u00e7\u00e3o no painel de comentadores, Susana Dias Ramos garantiu que n\u00e3o se chateou com ningu\u00e9m nem foi afastada do formato: \u00abProfissionalmente era muito dif\u00edcil conciliar a cl\u00ednica, o meu filho, os programas \u00e0 noite&#8230; Continuo a viver no Porto e era muito complicado para mim\u00bb.<\/p>\n<p>O Big Brother All Stars estreia dia 6 de setembro e <a target=\"_self\" rel=\"noopener noreferrer nofollow\" href=\"https:\/\/tvi.iol.pt\/bigbrother\/maria-botelho-moniz\/big-brother-all-stars\/da-estreia-a-apresentadora-e-aos-concorrentes-tudo-o-que-ja-se-sabe-sobre-o-novo-big-brother-all-stars\">isto \u00e9 tudo o que j\u00e1 sabemos sobre o novo programa.<\/a><\/p>\n","protected":false},"excerpt":{"rendered":"O \u201cBig Brother All Stars\u201d est\u00e1 quase a estrear e no meio de tanta especula\u00e7\u00e3o j\u00e1 come\u00e7am a&hellip;\n","protected":false},"author":2,"featured_media":510893,"comment_status":"","ping_status":"","sticky":false,"template":"","format":"standard","meta":{"footnotes":"","_share_on_mastodon":"0"},"categories":[85],"tags":[331,48,68848,6980,333,328,335,336,114,115,334,332,330,338,13,32,33,23734,162,227],"class_list":["post-510892","post","type-post","status-publish","format-standard","has-post-thumbnail","category-entretenimento","tag-big","tag-big-brother","tag-big-brother-all-stars","tag-comentadora","tag-comentadores","tag-concorrentes","tag-confrontos","tag-discussoes","tag-entertainment","tag-entretenimento","tag-exclusivos","tag-expulso","tag-gala","tag-maria-botelho-moniz","tag-noticias","tag-portugal","tag-pt","tag-susana-dias-ramos","tag-tvi","tag-videos"],"share_on_mastodon":{"url":"https:\/\/pubeurope.com\/@pt\/117209070805091742","error":""},"_links":{"self":[{"href":"https:\/\/www.europesays.com\/pt\/wp-json\/wp\/v2\/posts\/510892","targetHints":{"allow":["GET"]}}],"collection":[{"href":"https:\/\/www.europesays.com\/pt\/wp-json\/wp\/v2\/posts"}],"about":[{"href":"https:\/\/www.europesays.com\/pt\/wp-json\/wp\/v2\/types\/post"}],"author":[{"embeddable":true,"href":"https:\/\/www.europesays.com\/pt\/wp-json\/wp\/v2\/users\/2"}],"replies":[{"embeddable":true,"href":"https:\/\/www.europesays.com\/pt\/wp-json\/wp\/v2\/comments?post=510892"}],"version-history":[{"count":0,"href":"https:\/\/www.europesays.com\/pt\/wp-json\/wp\/v2\/posts\/510892\/revisions"}],"wp:featuredmedia":[{"embeddable":true,"href":"https:\/\/www.europesays.com\/pt\/wp-json\/wp\/v2\/media\/510893"}],"wp:attachment":[{"href":"https:\/\/www.europesays.com\/pt\/wp-json\/wp\/v2\/media?parent=510892"}],"wp:term":[{"taxonomy":"category","embeddable":true,"href":"https:\/\/www.europesays.com\/pt\/wp-json\/wp\/v2\/categories?post=510892"},{"taxonomy":"post_tag","embeddable":true,"href":"https:\/\/www.europesays.com\/pt\/wp-json\/wp\/v2\/tags?post=510892"}],"curies":[{"name":"wp","href":"https:\/\/api.w.org\/{rel}","templated":true}]}}