{"id":510898,"date":"2026-09-03T20:49:12","date_gmt":"2026-09-03T20:49:12","guid":{"rendered":"https:\/\/www.europesays.com\/pt\/510898\/"},"modified":"2026-09-03T20:49:12","modified_gmt":"2026-09-03T20:49:12","slug":"os-criminosos-vao-ser-encontrados-general-russo-responsavel-por-ataque-a-hospital-pediatrico-de-kiev-alvejado-varias-vezes-em-cidade-estrategica-para-o-kremlin","status":"publish","type":"post","link":"https:\/\/www.europesays.com\/pt\/510898\/","title":{"rendered":"&#8220;Os criminosos v\u00e3o ser encontrados&#8221;. General russo respons\u00e1vel por ataque a hospital pedi\u00e1trico de Kiev alvejado v\u00e1rias vezes em cidade estrat\u00e9gica para o Kremlin"},"content":{"rendered":"<p>                Nikolai Varpakhovich foi alvejado esta quinta-feira na cidade de Engels, no noroeste da R\u00fassia. Engels serve de base para a frota de bombardeiros estrat\u00e9gicos da R\u00fassia, incluindo as aeronaves Tu-95MS e Tu-160 que Moscovo utiliza para lan\u00e7ar m\u00edsseis de cruzeiro de longo alcance contra a Ucr\u00e2nia<\/p>\n<p class=\"CustomStyleTitle\" style=\"margin-bottom:11px\">O general russo, acusado pela Ucr\u00e2nia de ter ordenado um ataque com m\u00edsseis contra um hospital pedi\u00e1trico em Kiev, foi alvejado esta quinta-feira no noroeste da R\u00fassia.<\/p>\n<p>A Comiss\u00e3o de Investiga\u00e7\u00e3o da R\u00fassia informou que abriu um inqu\u00e9rito sobre a tentativa de homic\u00eddio de um militar que foi alvejado v\u00e1rias vezes na cidade de Engels, na regi\u00e3o de Saratov, na quinta-feira.<\/p>\n<p>Embora a comiss\u00e3o n\u00e3o tenha revelado o nome do homem, v\u00e1rios canais russos do Telegram noticiaram amplamente que se tratava do major-general Nikolai Varpakhovich, comandante da 22.\u00aa Divis\u00e3o de Avia\u00e7\u00e3o de Bombardeiros Pesados da Avia\u00e7\u00e3o de Longo Alcance das For\u00e7as Aeroespaciais Russas.<\/p>\n<p>O presidente da Ucr\u00e2nia, Volodymyr Zelensky, referiu-se posteriormente ao ataque no seu discurso di\u00e1rio. \u201cTamb\u00e9m levaremos a cabo as nossas pr\u00f3prias opera\u00e7\u00f5es assim\u00e9tricas em resposta\u201d \u00e0 R\u00fassia, afirmou.<\/p>\n<p>\u201cOs criminosos russos n\u00e3o se esconderam &#8211; v\u00e3o ser encontrados. E hoje temos mais uma confirma\u00e7\u00e3o deste facto, uma confirma\u00e7\u00e3o na regi\u00e3o de Saratov\u201d, acrescentou.<\/p>\n<p class=\"CustomStyleNormal\" style=\"margin-bottom:11px\">Engels serve de base para a frota de bombardeiros estrat\u00e9gicos da R\u00fassia, incluindo as aeronaves Tu-95MS e Tu-160 que Moscovo utiliza para lan\u00e7ar m\u00edsseis de cruzeiro de longo alcance contra a Ucr\u00e2nia.<\/p>\n<p>Varpakhovich foi acusado pela Ucr\u00e2nia de ter ordenado um ataque com m\u00edsseis contra o\u00a0<a href=\"https:\/\/www.cnn.com\/videos\/world\/2022\/03\/03\/ukraine-children-hospital-shelling-underground-lead-ward-pkg-vpx.cnn\" rel=\"nofollow noopener\" target=\"_blank\">Okhmatdyt hospital<\/a>\u00a0em julho de 2024 .<\/p>\n<p>O ataque provocou a morte de tr\u00eas pessoas \u2013 uma delas uma crian\u00e7a que ficou ferida no ataque e morreu alguns dias depois \u2013 e deixou dezenas de feridos.\u00a0V\u00e1rios departamentos do hospital, incluindo as unidades de cuidados intensivos, as alas de oncologia e cirurgia, bem como o centro de toxicologia e traumatologia, ficaram danificados ou foram destru\u00eddos.<\/p>\n<p>O hospital informou posteriormente que centenas de doentes e funcion\u00e1rios foram evacuados quando soou o alarme de ataque a\u00e9reo, indicando a aproxima\u00e7\u00e3o de um ataque.\u00a0No entanto, algumas pessoas, incluindo tr\u00eas doentes que estavam a ser submetidos a uma cirurgia card\u00edaca, ainda se encontravam no local quando o m\u00edssil atingiu o edif\u00edcio, cerca de uma hora depois.<\/p>\n<p>Varpakhovich tamb\u00e9m foi alvo de san\u00e7\u00f5es por parte de v\u00e1rios pa\u00edses e da Uni\u00e3o Europeia devido ao seu papel na crise de 2024.<\/p>\n<p>Embora a Ucr\u00e2nia n\u00e3o tenha comentado o incidente, Varpakhovich tem estado recentemente na mira de Kiev.<\/p>\n<p>O Servi\u00e7o de Seguran\u00e7a da Ucr\u00e2nia e o Procurador-Geral do pa\u00eds acusaram-no formalmente de crimes de guerra h\u00e1 tr\u00eas dias, alegando que ele ordenou \u00e0s unidades de avia\u00e7\u00e3o de longo alcance sob o seu comando que lan\u00e7assem um m\u00edssil de cruzeiro ar-terra Kh-101 contra o hospital.<\/p>\n<p>A comiss\u00e3o de inqu\u00e9rito russa afirmou que o militar sobreviveu ao ataque e foi transportado para um hospital. A comunica\u00e7\u00e3o social local noticiou que ele foi transportado de avi\u00e3o para Moscovo para receber tratamento, depois de ter sido alvejado no rosto e no tronco.<\/p>\n<p>Alvos de grande visibilidade <\/p>\n<p>Varpakhovich \u00e9 o mais recente de uma s\u00e9rie de oficiais militares de alta patente que t\u00eam sido alvo de aparentes assass\u00ednios na R\u00fassia nos \u00faltimos anos.\u00a0Moscovo acusou a Ucr\u00e2nia destes assass\u00ednios, mas Kiev nunca reconheceu oficialmente ter tido qualquer papel em qualquer um deles.<\/p>\n<p><a href=\"https:\/\/www.cnn.com\/2024\/12\/17\/europe\/russia-bomb-kills-nuclear-protection-chief-intl-hnk\" target=\"_blank\" rel=\"nofollow noopener\">Igor Kirillov<\/a>, um general respons\u00e1vel pelas for\u00e7as de prote\u00e7\u00e3o das armas nucleares e qu\u00edmicas das for\u00e7as armadas russas, foi morto em dezembro de 2024, quando um engenho explosivo colocado numa scooter foi detonado junto a ele.<\/p>\n<p>O tenente-general <a href=\"https:\/\/www.cnn.com\/2025\/12\/22\/europe\/fanil-sarvarov-russian-general-killed-intl\" target=\"_blank\" rel=\"nofollow noopener\">Yaroslav Moskalik<\/a>, vice-chefe do departamento operacional principal do Estado-Maior Geral , e o tenente-general Fanil Sarvarov, que dirigia o departamento de treino operacional das for\u00e7as armadas , morreram ambos em explos\u00f5es de autom\u00f3veis em Moscovo no ano passado .<\/p>\n<p>Entre os outros que foram mortos encontra-se o fundador de um grupo de mil\u00edcia pr\u00f3-russo\u00a0<a href=\"https:\/\/www.cnn.com\/2025\/02\/03\/europe\/armen-sarkisyan-bomb-death-moscow-intl-latam\" target=\"_blank\" rel=\"nofollow noopener\">Armen Sarkisyan<\/a>\u00a0descrito pela Ucr\u00e2nia como um \u201cmentor criminoso\u201d, que morreu na sequ\u00eancia de um atentado \u00e0 bomba no centro de Moscovo, em fevereiro de 2025.<\/p>\n","protected":false},"excerpt":{"rendered":"Nikolai Varpakhovich foi alvejado esta quinta-feira na cidade de Engels, no noroeste da R\u00fassia. Engels serve de base&hellip;\n","protected":false},"author":2,"featured_media":510899,"comment_status":"","ping_status":"","sticky":false,"template":"","format":"standard","meta":{"footnotes":"","_share_on_mastodon":"0"},"categories":[50],"tags":[609,836,611,27,28,607,608,333,832,604,135,610,476,15,16,301,830,14,603,25,26,570,21,22,831,833,62,834,12,81823,13,19,20,835,602,52,32,23,24,839,17,18,840,29,30,31,63,64,65],"class_list":["post-510898","post","type-post","status-publish","format-standard","has-post-thumbnail","category-mundo","tag-alerta","tag-analise","tag-ao-minuto","tag-breaking-news","tag-breakingnews","tag-cnn","tag-cnn-portugal","tag-comentadores","tag-costa","tag-crime","tag-desporto","tag-direto","tag-economia","tag-featured-news","tag-featurednews","tag-governo","tag-guerra","tag-headlines","tag-justica","tag-latest-news","tag-latestnews","tag-live","tag-main-news","tag-mainnews","tag-mais-vistas","tag-marcelo","tag-mundo","tag-negocios","tag-news","tag-nikolai-varpakhovich","tag-noticias","tag-noticias-principais","tag-noticiasprincipais","tag-opiniao","tag-pais","tag-politica","tag-portugal","tag-principais-noticias","tag-principaisnoticias","tag-russia","tag-top-stories","tag-topstories","tag-ucrania","tag-ultimas","tag-ultimas-noticias","tag-ultimasnoticias","tag-world","tag-world-news","tag-worldnews"],"share_on_mastodon":{"url":"","error":"Validation failed: Text character limit of 500 exceeded"},"_links":{"self":[{"href":"https:\/\/www.europesays.com\/pt\/wp-json\/wp\/v2\/posts\/510898","targetHints":{"allow":["GET"]}}],"collection":[{"href":"https:\/\/www.europesays.com\/pt\/wp-json\/wp\/v2\/posts"}],"about":[{"href":"https:\/\/www.europesays.com\/pt\/wp-json\/wp\/v2\/types\/post"}],"author":[{"embeddable":true,"href":"https:\/\/www.europesays.com\/pt\/wp-json\/wp\/v2\/users\/2"}],"replies":[{"embeddable":true,"href":"https:\/\/www.europesays.com\/pt\/wp-json\/wp\/v2\/comments?post=510898"}],"version-history":[{"count":0,"href":"https:\/\/www.europesays.com\/pt\/wp-json\/wp\/v2\/posts\/510898\/revisions"}],"wp:featuredmedia":[{"embeddable":true,"href":"https:\/\/www.europesays.com\/pt\/wp-json\/wp\/v2\/media\/510899"}],"wp:attachment":[{"href":"https:\/\/www.europesays.com\/pt\/wp-json\/wp\/v2\/media?parent=510898"}],"wp:term":[{"taxonomy":"category","embeddable":true,"href":"https:\/\/www.europesays.com\/pt\/wp-json\/wp\/v2\/categories?post=510898"},{"taxonomy":"post_tag","embeddable":true,"href":"https:\/\/www.europesays.com\/pt\/wp-json\/wp\/v2\/tags?post=510898"}],"curies":[{"name":"wp","href":"https:\/\/api.w.org\/{rel}","templated":true}]}}