{"id":510914,"date":"2026-09-03T21:03:17","date_gmt":"2026-09-03T21:03:17","guid":{"rendered":"https:\/\/www.europesays.com\/pt\/510914\/"},"modified":"2026-09-03T21:03:17","modified_gmt":"2026-09-03T21:03:17","slug":"musico-mexicano-mulher-gravida-e-filha-de-tres-anos-mortos-a-tiro-em-casa-socio-do-artista-e-um-dos-principais-suspeitos-sic-noticias","status":"publish","type":"post","link":"https:\/\/www.europesays.com\/pt\/510914\/","title":{"rendered":"M\u00fasico mexicano, mulher gr\u00e1vida e filha de tr\u00eas anos mortos a tiro em casa: s\u00f3cio do artista \u00e9 um dos principais suspeitos &#8211; SIC Not\u00edcias"},"content":{"rendered":"<ol>\n<li><a href=\"https:\/\/news.google.com\/rss\/articles\/CBMi_gFBVV95cUxPOEhNR0Jad013M3lTOVRiSlNNOTFaMjhzclc1SGl1bkJNX2Q0SHprT0JOLW9uOXE3YW45dlFXM3NvSHBjUzkwVFdTVTZwekYxaVlSc1I2SG9xcElVc1hua3JsQTN1UWhNN2lkb19RT0QzeFBUSDRHb3R1TF9NWGFsODJSUHluVDAybEszT01mTjBCYkh2WGZXQ2x0SDdqRTRNQkJXTkU4Qkp2dEdpVklLWC1wZklwUm92MFNtWVJvWm5EZzc0cGVhQUJMaGowX2FPS3o5VGFFb2kxb3FYZGRtcmxQZ29Eb3pFNnV3cXN0TnFNUEo3WFF1TURSa2g1Zw?oc=5\" target=\"_blank\" rel=\"nofollow noopener\">M\u00fasico mexicano, mulher gr\u00e1vida e filha de tr\u00eas anos mortos a tiro em casa: s\u00f3cio do artista \u00e9 um dos principais suspeitos<\/a>&nbsp;&nbsp;SIC Not\u00edcias<\/li>\n<li><a href=\"https:\/\/news.google.com\/rss\/articles\/CBMi5AFBVV95cUxPMFpNblI5cnRxbFhMSW5WUUpqS3hTRzRneTRxOTU0RGE0VDBQd1NSQk9OSnppMFNaZUpQYjljdHR3dVNoMV9RYnk3MWdjRGc3eUc3UDI1NFU5VHRua2RnYVc0cHVGeEN0Q1lwMGtobUx6MHpFSXV4U2UzWndZWUZMYlZJQTN1a1B3Zmo0NWZ0VFhRRUFuZlEtdTJCZDhleDRNb2FjZmtaXzZCUFBVcnZ0a29Wc2RfdVh5aFdOcUpBa0wtckVSVWxnbk5BX0ZDcHhpa3liQWFCdm9JUklXY2p0dFdRQ0bSAfMBQVVfeXFMTTMzUnJCdXhRWV9MVERQX1B1SktCU2V0ZFdaOHhJdkg0cFNyQlZqWGFMRUJZdnVjR2hOaU1fSktERnpnOV8zOVVBa19YSVIzVU5BQ19FREUtYk92bnBRUWZ3SE9EQU1tNTRvZXBSRTVuVnpraTJRWXZ5SHZVWmZWenJ1QndqMmFsUVNvR2V4a2dPZWZRRVhBbW9IWXhKc0hjZzVTVDUxNVNZTDdqQV8xaHQwQmhDMnFONGhWdmk3RjVKeW1GNDJSSVhUWGg3bmlNNTdtY050TUdUb1dqZjV5RG5admNDZkRKT2szQ29WYXBXdUln?oc=5\" target=\"_blank\" rel=\"nofollow noopener\">Menino de 6 anos escapa de chacina ao se esconder embaixo de cama em cobertura de luxo<\/a>&nbsp;&nbsp;Extra online<\/li>\n<li><a href=\"https:\/\/news.google.com\/rss\/articles\/CBMitgFBVV95cUxPMnFsZmxvdnRVS05EckRhSDRpR081N1E1TXMtRHQ0aTFfZzVOOS1LUGNWcmE1cEdJR1NfM0MwOGZsdVNqY1pFN3c5T19KMVJGUzJMVFZCeFBlZDE4N2xJVGFPc0N6TlRlYlJtVXNhZUpNdzhGaXlBQ3dtcl9YbTRJRkYyVENQZi1Sb1VtanN0UV9Mb3A5UVR2d21zc1BqRXBXSVdxZy1QbkxDQWs5SUVfVXpqVUR0dw?oc=5\" target=\"_blank\" rel=\"nofollow noopener\">M\u00fasico, mulher gr\u00e1vida, filha de 3 anos e bab\u00e1 s\u00e3o mortos a tiros no M\u00e9xico<\/a>&nbsp;&nbsp;UOL<\/li>\n<li><a href=\"https:\/\/news.google.com\/rss\/articles\/CBMi5AFBVV95cUxQOU9ncE5WelIxdElfQktROFlYdmVpX28zbDFLRnZfbzNZZUVqQkFEV3ptaEEzUHdvLXRjV3JpczdLdTNyWklMdElkZFlUWEg3Wk91Nmx0bGtTYjVOY2wxbXRDb1o5QUhUOGpLWkxmMXJSUWhfdjcwT0hScXJyUWxkcjVpSzZZcXRoZU52aUhVdE5qMkw5c2FsWlliT2ZuU0h0elRySzV5SkE5NXJCUktPYVFQTGh0VlBVVWs0TE1VMkQ4V08wb3k0eTZsUFpCNk5wSC1sMkx6elZISHBRajRMMVBlb1jSAeoBQVVfeXFMTWpLZDZSRGNaVEJmWUg4bk9IM3Y2MXgzRm56YXRPZFltWUktMzhFbkgxbFlCX010T2ZRRzh5d1lKekhPVkdkWGItNFdzTkxNa1lNVHdnaXVjNnhGMk9mZksxYzF4VmYzaDF2aC1GdThXck5ZbkF4azhTcS1TbGZfNU5FODNHWmhfcFJZY3VobGJEUDRxb2R5YU1Ra0dnWkthWVZvSEdGUF9TRmZmSExORmRHRmdMdEM1NXpVaEF5R1lrTng2djQ5TmRqX2V3VnZoY0xaeE5KSXJTRG1hNEdnOGcxVEhTeWNjTV9R?oc=5\" target=\"_blank\" rel=\"nofollow noopener\">Tecladista de banda, sua mulher, filha, bab\u00e1 e c\u00e3o s\u00e3o encontrados mortos em apartamento<\/a>&nbsp;&nbsp;Correio Braziliense<\/li>\n<li><a href=\"https:\/\/news.google.com\/rss\/articles\/CBMi-AFBVV95cUxOdjdkREhlajZ3dXk2X0hqRnc5QUJENWZmMnJVRnJoX0lUeTlNVXF6UnZRWTJNR08zTWhyZWVVREFrc2FUbDl2R2Y3Zzc2NkJZbzFOdjA2eV9iTUYxSG9Sd3NWdENnVVpZeVp3WE1aZXJxdWdBaW90VmM1ZDhDbnJ1TDhqNktFS1JqVnAtcHc4S1hzVkl1M3prcTEzNUdmVG9pSXd6Qm5wVmhRNm5qZkluSldDYWFPV01uTnpXUGlRcUpqY0VzaTI2ZEhRVVhzaXJVdmlXSE1seW9FSXpfZGJlZ1ZiZzQ3aUx2bk94U1FJTU5qbUxjbGI0Vg?oc=5\" target=\"_blank\" rel=\"nofollow noopener\">M\u00fasico mexicano encontrado morto em casa, junto com a mulher gr\u00e1vida, a filha de 3 anos, a ama e o c\u00e3o da fam\u00edlia<\/a>&nbsp;&nbsp;Expresso<\/li>\n<\/ol>\n","protected":false},"excerpt":{"rendered":"M\u00fasico mexicano, mulher gr\u00e1vida e filha de tr\u00eas anos mortos a tiro em casa: s\u00f3cio do artista \u00e9&hellip;\n","protected":false},"author":2,"featured_media":510915,"comment_status":"","ping_status":"","sticky":false,"template":"","format":"standard","meta":{"footnotes":"","_share_on_mastodon":"0"},"categories":[50],"tags":[27,28,15,16,14,25,26,21,22,62,12,13,19,20,23,24,17,18,29,30,31,63,64,65],"class_list":["post-510914","post","type-post","status-publish","format-standard","has-post-thumbnail","category-mundo","tag-breaking-news","tag-breakingnews","tag-featured-news","tag-featurednews","tag-headlines","tag-latest-news","tag-latestnews","tag-main-news","tag-mainnews","tag-mundo","tag-news","tag-noticias","tag-noticias-principais","tag-noticiasprincipais","tag-principais-noticias","tag-principaisnoticias","tag-top-stories","tag-topstories","tag-ultimas","tag-ultimas-noticias","tag-ultimasnoticias","tag-world","tag-world-news","tag-worldnews"],"share_on_mastodon":{"url":"https:\/\/pubeurope.com\/@pt\/117209137573498046","error":""},"_links":{"self":[{"href":"https:\/\/www.europesays.com\/pt\/wp-json\/wp\/v2\/posts\/510914","targetHints":{"allow":["GET"]}}],"collection":[{"href":"https:\/\/www.europesays.com\/pt\/wp-json\/wp\/v2\/posts"}],"about":[{"href":"https:\/\/www.europesays.com\/pt\/wp-json\/wp\/v2\/types\/post"}],"author":[{"embeddable":true,"href":"https:\/\/www.europesays.com\/pt\/wp-json\/wp\/v2\/users\/2"}],"replies":[{"embeddable":true,"href":"https:\/\/www.europesays.com\/pt\/wp-json\/wp\/v2\/comments?post=510914"}],"version-history":[{"count":0,"href":"https:\/\/www.europesays.com\/pt\/wp-json\/wp\/v2\/posts\/510914\/revisions"}],"wp:featuredmedia":[{"embeddable":true,"href":"https:\/\/www.europesays.com\/pt\/wp-json\/wp\/v2\/media\/510915"}],"wp:attachment":[{"href":"https:\/\/www.europesays.com\/pt\/wp-json\/wp\/v2\/media?parent=510914"}],"wp:term":[{"taxonomy":"category","embeddable":true,"href":"https:\/\/www.europesays.com\/pt\/wp-json\/wp\/v2\/categories?post=510914"},{"taxonomy":"post_tag","embeddable":true,"href":"https:\/\/www.europesays.com\/pt\/wp-json\/wp\/v2\/tags?post=510914"}],"curies":[{"name":"wp","href":"https:\/\/api.w.org\/{rel}","templated":true}]}}