{"id":51093,"date":"2025-08-30T04:52:11","date_gmt":"2025-08-30T04:52:11","guid":{"rendered":"https:\/\/www.europesays.com\/pt\/51093\/"},"modified":"2025-08-30T04:52:11","modified_gmt":"2025-08-30T04:52:11","slug":"afonso-morre-o-que-acontece-com-filho-de-odete-na-novela","status":"publish","type":"post","link":"https:\/\/www.europesays.com\/pt\/51093\/","title":{"rendered":"Afonso morre? O que acontece com filho de Odete na novela"},"content":{"rendered":"<p class=\"bullet mt-0\" data-v-232111b4=\"\"><strong>Tratamento come\u00e7a e m\u00e9dico exp\u00f5e necessidade de transplante de medula. <\/strong>Heleninha, Celina e Odete fazem exames para descobrirem se s\u00e3o doadoras compat\u00edveis, mas os resultados s\u00e3o negativos.<\/p>\n<p class=\"bullet\" data-v-232111b4=\"\"><strong>Odete colhe material gen\u00e9tico de Leonardo (Guilherme Magon) \u00e0s escondidas.<\/strong> A rica\u00e7a quer saber se o filho que rejeita por 13 anos pode ser doador de medula para Afonso, algo que deve ser confirmado nos pr\u00f3ximos cap\u00edtulos.<\/p>\n<p class=\"bullet\" data-v-232111b4=\"\"><strong>Leonardo deve salvar a vida do irm\u00e3o. <\/strong>Junto a isso, sua identidade deve ser revelada a todos. Curado, Afonso pode exercer a paternidade dos filhos g\u00eameos ao lado de Solange.<\/p>\n<p class=\"bullet\" data-v-232111b4=\"\"><strong>Afonso n\u00e3o morre em &#8220;Vale Tudo&#8221;. <\/strong>Ele deve terminar a novela ao lado de Solange (Alice Wegmann), de quem j\u00e1 est\u00e1 se reaproximando na novela. Ela est\u00e1 gr\u00e1vida de g\u00eameos, herdeiros do milion\u00e1rio.<\/p>\n<p class=\"bullet\" data-v-232111b4=\"\"><strong>Em cena emocionante que vai ao ar amanh\u00e3, Afonso decide raspar o cabelo para enfrentar os efeitos da quimioterapia.<\/strong> Solange o ajuda e, enquanto corta o cabelo dele, os dois conversam sobre os nomes dos beb\u00eas e reafirmam o desejo de construir uma fam\u00edlia, mesmo diante das adversidades.<\/p>\n<p><img width=\"750\" height=\"421\" src=\"https:\/\/www.europesays.com\/pt\/wp-content\/uploads\/2025\/08\/solange-alice-wegmann-corta-o-cabelo-de-afonso-humberto-carrao-em-vale-tudo-1756323479060_v2_750x421.jpeg\" alt=\"Solange (Alice Wegmann) corta o cabelo de Afonso (Humberto Carr\u00e3o) em 'Vale Tudo'\" loading=\"eager\" fetchpriority=\"low\" decoding=\"auto\" title=\"Solange (Alice Wegmann) corta o cabelo de Afonso (Humberto Carr\u00e3o) em 'Vale Tudo'\" style=\"border-radius:var(--solar-border-radius-25);\" data-v-73d45db8=\"\"\/> Solange (Alice Wegmann) corta o cabelo de Afonso (Humberto Carr\u00e3o) em &#8216;Vale Tudo&#8217; Imagem: Manoella Mell\/Globo<\/p>\n","protected":false},"excerpt":{"rendered":"Tratamento come\u00e7a e m\u00e9dico exp\u00f5e necessidade de transplante de medula. Heleninha, Celina e Odete fazem exames para descobrirem&hellip;\n","protected":false},"author":2,"featured_media":51094,"comment_status":"","ping_status":"","sticky":false,"template":"","format":"standard","meta":{"footnotes":""},"categories":[142],"tags":[114,115,32,33,151],"class_list":{"0":"post-51093","1":"post","2":"type-post","3":"status-publish","4":"format-standard","5":"has-post-thumbnail","7":"category-tv","8":"tag-entertainment","9":"tag-entretenimento","10":"tag-portugal","11":"tag-pt","12":"tag-tv"},"share_on_mastodon":{"url":"","error":""},"_links":{"self":[{"href":"https:\/\/www.europesays.com\/pt\/wp-json\/wp\/v2\/posts\/51093","targetHints":{"allow":["GET"]}}],"collection":[{"href":"https:\/\/www.europesays.com\/pt\/wp-json\/wp\/v2\/posts"}],"about":[{"href":"https:\/\/www.europesays.com\/pt\/wp-json\/wp\/v2\/types\/post"}],"author":[{"embeddable":true,"href":"https:\/\/www.europesays.com\/pt\/wp-json\/wp\/v2\/users\/2"}],"replies":[{"embeddable":true,"href":"https:\/\/www.europesays.com\/pt\/wp-json\/wp\/v2\/comments?post=51093"}],"version-history":[{"count":0,"href":"https:\/\/www.europesays.com\/pt\/wp-json\/wp\/v2\/posts\/51093\/revisions"}],"wp:featuredmedia":[{"embeddable":true,"href":"https:\/\/www.europesays.com\/pt\/wp-json\/wp\/v2\/media\/51094"}],"wp:attachment":[{"href":"https:\/\/www.europesays.com\/pt\/wp-json\/wp\/v2\/media?parent=51093"}],"wp:term":[{"taxonomy":"category","embeddable":true,"href":"https:\/\/www.europesays.com\/pt\/wp-json\/wp\/v2\/categories?post=51093"},{"taxonomy":"post_tag","embeddable":true,"href":"https:\/\/www.europesays.com\/pt\/wp-json\/wp\/v2\/tags?post=51093"}],"curies":[{"name":"wp","href":"https:\/\/api.w.org\/{rel}","templated":true}]}}