{"id":510930,"date":"2026-09-03T21:17:15","date_gmt":"2026-09-03T21:17:15","guid":{"rendered":"https:\/\/www.europesays.com\/pt\/510930\/"},"modified":"2026-09-03T21:17:15","modified_gmt":"2026-09-03T21:17:15","slug":"russia-exige-a-libertacao-imediata-de-navio-apreendido-pela-noruega","status":"publish","type":"post","link":"https:\/\/www.europesays.com\/pt\/510930\/","title":{"rendered":"R\u00fassia exige a liberta\u00e7\u00e3o imediata de navio apreendido pela Noruega"},"content":{"rendered":"<p class=\"text-paragraph\">O ministro do Desenvolvimento do Extremo Oriente e do \u00c1rtico russo, Alexey Chekunkov, afirmou que advogados russos j\u00e1 come\u00e7aram a preparar uma a\u00e7\u00e3o judicial contra a Noruega devido \u00e0 apreens\u00e3o de um navio russo em Spitsbergen, segundo a ag\u00eancia russa TASS.<\/p>\n<p class=\"text-paragraph\">&#8220;Posso confirmar que foram iniciadas a\u00e7\u00f5es judiciais. Os advogados da empresa [Arktikugol] e os advogados russos, em coordena\u00e7\u00e3o com a embaixada russa na Noruega, est\u00e3o a preparar-se para contestar esta deten\u00e7\u00e3o ilegal num tribunal local. Saliento que isto se baseia numa queixa apresentada pela empresa privada ucraniana Naftogaz&#8221;, afirmou o ministro russo citado pela TASS.<\/p>\n<p class=\"text-paragraph\">Na quarta-feira, o governador de Svalbard, um arquip\u00e9lago noruegu\u00eas situado a cerca de 1.000 quil\u00f3metros do P\u00f3lo Norte, tinha anunciado a apreens\u00e3o do navio &#8220;Professor Molchanov&#8221;, em conformidade com uma decis\u00e3o proferida a 31 de agosto pela justi\u00e7a norueguesa.<\/p>\n<p class=\"text-paragraph\">O &#8220;Professor Molchanov&#8221;, com 72 metros de comprimento e 13 metros de largura, que as autoridades norueguesas tinham proibido de se aproximar de Barentsburg, uma localidade mineira explorada pela R\u00fassia em Svalbard, \u00e9 utilizado pela Federa\u00e7\u00e3o Russa para &#8220;expedi\u00e7\u00f5es comerciais&#8221;, segundo a ag\u00eancia noticiosa norueguesa NTB.<\/p>\n<p class=\"text-paragraph\">De acordo com a NTB, a apreens\u00e3o do navio &#8220;faz parte de uma iniciativa global destinada a garantir que a Federa\u00e7\u00e3o Russa cumpre as suas obriga\u00e7\u00f5es pendentes&#8221;, estimadas em 4,22 mil milh\u00f5es de d\u00f3lares (cerca de 3,63 mil milh\u00f5es de euros), mais juros e custos, depois das expropria\u00e7\u00f5es sofridas pela Naftogaz com a anexa\u00e7\u00e3o ilegal russa da Crimeia em 2014.<\/p>\n<p class=\"text-paragraph\">Em 2023, um tribunal arbitral com sede em Haia deu ganho de causa ao grupo ucraniano, senten\u00e7a essa que foi posteriormente reconhecida como execut\u00f3ria na Noruega.<\/p>\n<p class=\"text-paragraph\">A embaixada da R\u00fassia em Oslo denunciou &#8220;uma viola\u00e7\u00e3o do Direito Internacional com motiva\u00e7\u00e3o pol\u00edtica&#8221; e anunciou que iria recorrer da decis\u00e3o.<\/p>\n<p class=\"text-paragraph\">Devido \u00e0s san\u00e7\u00f5es impostas pela Noruega ap\u00f3s a invas\u00e3o russa da Ucr\u00e2nia, o &#8220;Professor Molchanov&#8221;\u00a0\u00e9, segundo a embaixada russa, a \u00fanica via de abastecimento das instala\u00e7\u00f5es russas em Svalbard.<\/p>\n<p class=\"text-paragraph\">Neste territ\u00f3rio da NATO, a R\u00fassia explora uma mina de carv\u00e3o na aldeia de Barentsburg, onde vivem cerca de 350 russos e ucranianos russ\u00f3fonos, bem como outro local mais pequeno, chamado Pyramiden.<\/p>\n<p class=\"text-paragraph\">Por seu lado, Oslo salienta que os direitos garantidos pelo Tratado de Svalbard\u00a0n\u00e3o isentam os cidad\u00e3os ou as empresas dos pa\u00edses signat\u00e1rios do cumprimento das leis e regulamentos noruegueses.<\/p>\n<p class=\"text-paragraph\">O Tratado de Svalbard, assinado em 1920 em Paris, reconhece a soberania da Noruega sobre o arquip\u00e9lago e \u00e1guas territoriais e o\u00a0texto tem a particularidade de conceder aos nacionais de todas as partes contratantes o direito de explorar os recursos naturais &#8220;em condi\u00e7\u00f5es de perfeita igualdade&#8221;.<\/p>\n<p class=\"text-paragraph\">O tratado pro\u00edbe ainda\u00a0a constru\u00e7\u00e3o de qualquer tipo de fortifica\u00e7\u00e3o militar ou base militar, bem como a utiliza\u00e7\u00e3o das ilhas para fins b\u00e9licos.<\/p>\n<p>Leia Tamb\u00e9m: <a href=\"https:\/\/www.noticiasaominuto.com\/mundo\/3045915\/alemanha-franca-e-polonia-avisam-que-responderao-a-violencia-russa\" target=\"_blank\" rel=\"noopener noreferrer nofollow\">Alemanha, Fran\u00e7a e Pol\u00f3nia avisam que responder\u00e3o a viol\u00eancia russa<\/a><\/p>\n","protected":false},"excerpt":{"rendered":"O ministro do Desenvolvimento do Extremo Oriente e do \u00c1rtico russo, Alexey Chekunkov, afirmou que advogados russos j\u00e1&hellip;\n","protected":false},"author":2,"featured_media":510931,"comment_status":"","ping_status":"","sticky":false,"template":"","format":"standard","meta":{"footnotes":"","_share_on_mastodon":"0"},"categories":[50],"tags":[27,28,15,16,14,25,26,21,22,62,12,13,19,20,23,24,17,18,29,30,31,63,64,65],"class_list":["post-510930","post","type-post","status-publish","format-standard","has-post-thumbnail","category-mundo","tag-breaking-news","tag-breakingnews","tag-featured-news","tag-featurednews","tag-headlines","tag-latest-news","tag-latestnews","tag-main-news","tag-mainnews","tag-mundo","tag-news","tag-noticias","tag-noticias-principais","tag-noticiasprincipais","tag-principais-noticias","tag-principaisnoticias","tag-top-stories","tag-topstories","tag-ultimas","tag-ultimas-noticias","tag-ultimasnoticias","tag-world","tag-world-news","tag-worldnews"],"share_on_mastodon":{"url":"https:\/\/pubeurope.com\/@pt\/117209192396684589","error":""},"_links":{"self":[{"href":"https:\/\/www.europesays.com\/pt\/wp-json\/wp\/v2\/posts\/510930","targetHints":{"allow":["GET"]}}],"collection":[{"href":"https:\/\/www.europesays.com\/pt\/wp-json\/wp\/v2\/posts"}],"about":[{"href":"https:\/\/www.europesays.com\/pt\/wp-json\/wp\/v2\/types\/post"}],"author":[{"embeddable":true,"href":"https:\/\/www.europesays.com\/pt\/wp-json\/wp\/v2\/users\/2"}],"replies":[{"embeddable":true,"href":"https:\/\/www.europesays.com\/pt\/wp-json\/wp\/v2\/comments?post=510930"}],"version-history":[{"count":0,"href":"https:\/\/www.europesays.com\/pt\/wp-json\/wp\/v2\/posts\/510930\/revisions"}],"wp:featuredmedia":[{"embeddable":true,"href":"https:\/\/www.europesays.com\/pt\/wp-json\/wp\/v2\/media\/510931"}],"wp:attachment":[{"href":"https:\/\/www.europesays.com\/pt\/wp-json\/wp\/v2\/media?parent=510930"}],"wp:term":[{"taxonomy":"category","embeddable":true,"href":"https:\/\/www.europesays.com\/pt\/wp-json\/wp\/v2\/categories?post=510930"},{"taxonomy":"post_tag","embeddable":true,"href":"https:\/\/www.europesays.com\/pt\/wp-json\/wp\/v2\/tags?post=510930"}],"curies":[{"name":"wp","href":"https:\/\/api.w.org\/{rel}","templated":true}]}}