{"id":510934,"date":"2026-09-03T21:23:15","date_gmt":"2026-09-03T21:23:15","guid":{"rendered":"https:\/\/www.europesays.com\/pt\/510934\/"},"modified":"2026-09-03T21:23:15","modified_gmt":"2026-09-03T21:23:15","slug":"avenida-brasil-2-vera-holtz-volta-a-globo-para-sequencia-03-09-2026-outro-canal","status":"publish","type":"post","link":"https:\/\/www.europesays.com\/pt\/510934\/","title":{"rendered":"Avenida Brasil 2: Vera Holtz volta \u00e0 Globo para sequ\u00eancia &#8211; 03\/09\/2026 &#8211; Outro Canal"},"content":{"rendered":"<p>\n<strong class=\"c-signature__location\">Aracaju <\/strong>\n<\/p>\n<p>Ap\u00f3s sete anos afastada da televis\u00e3o, <a href=\"https:\/\/www1.folha.uol.com.br\/folha-topicos\/vera-holtz\/\" rel=\"nofollow noopener\" target=\"_blank\">Vera Holtz<\/a> vai voltar \u00e0 <a href=\"https:\/\/www1.folha.uol.com.br\/folha-topicos\/globo\/\" rel=\"nofollow noopener\" target=\"_blank\">Globo<\/a>. A atriz acertou contrato com a emissora para reviver Lucinda, a m\u00e3e dos pobres do lix\u00e3o na continua\u00e7\u00e3o de &#8220;<a href=\"https:\/\/www1.folha.uol.com.br\/folha-topicos\/avenida-brasil\/\" rel=\"nofollow noopener\" target=\"_blank\">Avenida Brasil<\/a>&#8220;, que estreia em janeiro na faixa hoje ocupada por &#8220;<a href=\"https:\/\/www1.folha.uol.com.br\/folha-topicos\/quem-ama-cuida\/\" rel=\"nofollow noopener\" target=\"_blank\">Quem Ama Cuida<\/a>&#8220;.<\/p>\n<p>  <a href=\"https:\/\/f5.folha.uol.com.br\/colunistas\/outro-canal\/\" rel=\"nofollow noopener\" target=\"_blank\"><br \/>\n    <img decoding=\"async\" src=\"https:\/\/www.europesays.com\/pt\/wp-content\/uploads\/2026\/09\/1788470595_520_172599691166e09f6f54fe2_1725996911_1x1_xs.jpg\" alt=\"Foto de Outro Canal\" class=\"img-responsive c-lazyload\"\/><\/p>\n<p>  <\/a><\/p>\n<p class=\"author__description\">\n    Cobre diariamente os bastidores das novelas, do telejornalismo e da m\u00eddia esportiva. Tem como titular o jornalista Gabriel Vaquer\n  <\/p>\n","protected":false},"excerpt":{"rendered":"Aracaju Ap\u00f3s sete anos afastada da televis\u00e3o, Vera Holtz vai voltar \u00e0 Globo. A atriz acertou contrato com&hellip;\n","protected":false},"author":2,"featured_media":510935,"comment_status":"","ping_status":"","sticky":false,"template":"","format":"standard","meta":{"footnotes":"","_share_on_mastodon":"0"},"categories":[142],"tags":[18415,219,211,223,114,115,224,225,226,753,221,220,222,2931,32,33,2566,218,228,151,52184,227],"class_list":["post-510934","post","type-post","status-publish","format-standard","has-post-thumbnail","category-tv","tag-avenida-brasil","tag-bichos","tag-celebridades","tag-colunistas","tag-entertainment","tag-entretenimento","tag-estranho","tag-eu-amo","tag-fofices","tag-globo","tag-horoscopo","tag-humanos","tag-humor","tag-novela","tag-portugal","tag-pt","tag-televiso","tag-televisao","tag-tudo","tag-tv","tag-vera-holtz","tag-videos"],"share_on_mastodon":{"url":"https:\/\/pubeurope.com\/@pt\/117209216906051507","error":""},"_links":{"self":[{"href":"https:\/\/www.europesays.com\/pt\/wp-json\/wp\/v2\/posts\/510934","targetHints":{"allow":["GET"]}}],"collection":[{"href":"https:\/\/www.europesays.com\/pt\/wp-json\/wp\/v2\/posts"}],"about":[{"href":"https:\/\/www.europesays.com\/pt\/wp-json\/wp\/v2\/types\/post"}],"author":[{"embeddable":true,"href":"https:\/\/www.europesays.com\/pt\/wp-json\/wp\/v2\/users\/2"}],"replies":[{"embeddable":true,"href":"https:\/\/www.europesays.com\/pt\/wp-json\/wp\/v2\/comments?post=510934"}],"version-history":[{"count":0,"href":"https:\/\/www.europesays.com\/pt\/wp-json\/wp\/v2\/posts\/510934\/revisions"}],"wp:featuredmedia":[{"embeddable":true,"href":"https:\/\/www.europesays.com\/pt\/wp-json\/wp\/v2\/media\/510935"}],"wp:attachment":[{"href":"https:\/\/www.europesays.com\/pt\/wp-json\/wp\/v2\/media?parent=510934"}],"wp:term":[{"taxonomy":"category","embeddable":true,"href":"https:\/\/www.europesays.com\/pt\/wp-json\/wp\/v2\/categories?post=510934"},{"taxonomy":"post_tag","embeddable":true,"href":"https:\/\/www.europesays.com\/pt\/wp-json\/wp\/v2\/tags?post=510934"}],"curies":[{"name":"wp","href":"https:\/\/api.w.org\/{rel}","templated":true}]}}