{"id":510946,"date":"2026-09-03T21:32:15","date_gmt":"2026-09-03T21:32:15","guid":{"rendered":"https:\/\/www.europesays.com\/pt\/510946\/"},"modified":"2026-09-03T21:32:15","modified_gmt":"2026-09-03T21:32:15","slug":"animal-misterio-aterroriza-bairro-norte-americano-ja-atacou-tres-pessoas","status":"publish","type":"post","link":"https:\/\/www.europesays.com\/pt\/510946\/","title":{"rendered":"Animal mist\u00e9rio aterroriza bairro norte-americano. J\u00e1 atacou tr\u00eas pessoas"},"content":{"rendered":"<p>O bairro de Lebanon, em New Hampshire, nos Estados Unidos, est\u00e1 intrigado com a presen\u00e7a de um animal que as autoridades ainda n\u00e3o conseguiram identificar e que j\u00e1 atacou, pelo menos, tr\u00eas pessoas.<\/p>\n<p>Testemunhas descrevem o animal como sendo semelhante a uma raposa cinzenta ou uma marta-pescador.<\/p>\n<p>O animal j\u00e1 foi filmado a atacar v\u00e1rias pessoas, causando momentos de terror, por\u00e9m, como n\u00e3o foi poss\u00edvel captur\u00e1-lo, as autoridades continuam sem conseguir confirmar de que tipo de animal se trata.<\/p>\n<p>Por\u00e9m, temem que o facto de estar a atacar seja sinal de que tem raiva.<\/p>\n<p>O primeiro ataque aconteceu no domingo, seguindo-se mais dois, um deles ao final da tarde de segunda-feira.<\/p>\n<p>&#8220;\u00c9 preocupante porque o animal est\u00e1 a atacar as pessoas. E isso, por norma, \u00e9 indicativo de que algo n\u00e3o est\u00e1 bem com ele&#8221;, disse o chefe da pol\u00edcia de Lebanon, Philip Roberts.<\/p>\n<p>J\u00e1 uma residente diz-se assustada com a\u00a0 situa\u00e7\u00e3o. &#8220;J\u00e1 temos tanta coisa com que nos preocupar e agora temos de andar atentos a ver se n\u00e3o somos atacados em algum parque de estacionamento&#8221;, disse.<\/p>\n<p>As autoridades est\u00e3o a trabalhar para tentar resgatar o animal e os moradores locais t\u00eam sido aconselhados a estarem atentos e a manterem-se longe de animais selvagens. A pol\u00edcia j\u00e1 recorreu, inclusive, a drones para o encontrar, mas sem sucesso at\u00e9 ao momento.<\/p>\n<p>As autoridades emitiram tamb\u00e9m um aviso para que, em caso de ataque, qualquer visado deva lavar imediatamente a zona atacada com \u00e1gua e sab\u00e3o e procurar de imediato ajuda m\u00e9dica. Devem tamb\u00e9m tentar resguardar-se num s\u00edtio seguro e alertar as autoridades.<\/p>\n<p>Segundo o WCax3, se se confirmar que o animal tem raiva, \u00e9 poss\u00edvel que este acabe por morrer nos pr\u00f3ximos dias.<\/p>\n<p>Leia Tamb\u00e9m: <a href=\"https:\/\/www.noticiasaominuto.com\/mundo\/3045089\/brasil-touro-lutou-com-bovino-e-caiu-de-penhasco-ficou-tres-dias-preso\" target=\"_blank\" rel=\"noopener noreferrer nofollow\"> Brasil: Touro lutou com bovino e caiu de penhasco. Ficou tr\u00eas dias preso<\/a><\/p>\n<p>\u00a0<\/p>\n","protected":false},"excerpt":{"rendered":"O bairro de Lebanon, em New Hampshire, nos Estados Unidos, est\u00e1 intrigado com a presen\u00e7a de um animal&hellip;\n","protected":false},"author":2,"featured_media":510947,"comment_status":"","ping_status":"","sticky":false,"template":"","format":"standard","meta":{"footnotes":"","_share_on_mastodon":"0"},"categories":[50],"tags":[27,28,15,16,14,25,26,21,22,62,12,13,19,20,23,24,17,18,29,30,31,63,64,65],"class_list":["post-510946","post","type-post","status-publish","format-standard","has-post-thumbnail","category-mundo","tag-breaking-news","tag-breakingnews","tag-featured-news","tag-featurednews","tag-headlines","tag-latest-news","tag-latestnews","tag-main-news","tag-mainnews","tag-mundo","tag-news","tag-noticias","tag-noticias-principais","tag-noticiasprincipais","tag-principais-noticias","tag-principaisnoticias","tag-top-stories","tag-topstories","tag-ultimas","tag-ultimas-noticias","tag-ultimasnoticias","tag-world","tag-world-news","tag-worldnews"],"share_on_mastodon":{"url":"https:\/\/pubeurope.com\/@pt\/117209251719381984","error":""},"_links":{"self":[{"href":"https:\/\/www.europesays.com\/pt\/wp-json\/wp\/v2\/posts\/510946","targetHints":{"allow":["GET"]}}],"collection":[{"href":"https:\/\/www.europesays.com\/pt\/wp-json\/wp\/v2\/posts"}],"about":[{"href":"https:\/\/www.europesays.com\/pt\/wp-json\/wp\/v2\/types\/post"}],"author":[{"embeddable":true,"href":"https:\/\/www.europesays.com\/pt\/wp-json\/wp\/v2\/users\/2"}],"replies":[{"embeddable":true,"href":"https:\/\/www.europesays.com\/pt\/wp-json\/wp\/v2\/comments?post=510946"}],"version-history":[{"count":0,"href":"https:\/\/www.europesays.com\/pt\/wp-json\/wp\/v2\/posts\/510946\/revisions"}],"wp:featuredmedia":[{"embeddable":true,"href":"https:\/\/www.europesays.com\/pt\/wp-json\/wp\/v2\/media\/510947"}],"wp:attachment":[{"href":"https:\/\/www.europesays.com\/pt\/wp-json\/wp\/v2\/media?parent=510946"}],"wp:term":[{"taxonomy":"category","embeddable":true,"href":"https:\/\/www.europesays.com\/pt\/wp-json\/wp\/v2\/categories?post=510946"},{"taxonomy":"post_tag","embeddable":true,"href":"https:\/\/www.europesays.com\/pt\/wp-json\/wp\/v2\/tags?post=510946"}],"curies":[{"name":"wp","href":"https:\/\/api.w.org\/{rel}","templated":true}]}}