{"id":51095,"date":"2025-08-30T05:03:13","date_gmt":"2025-08-30T05:03:13","guid":{"rendered":"https:\/\/www.europesays.com\/pt\/51095\/"},"modified":"2025-08-30T05:03:13","modified_gmt":"2025-08-30T05:03:13","slug":"conheca-o-apartamento-da-mae-de-fabiana-justus-sacha-chryzman","status":"publish","type":"post","link":"https:\/\/www.europesays.com\/pt\/51095\/","title":{"rendered":"Conhe\u00e7a o apartamento da m\u00e3e de Fabiana Justus, Sacha Chryzman"},"content":{"rendered":"<p>M\u00e3e de Fabiana Justus, Sacha Chryzman surpreende ao mostrar como \u00e9 o seu apartamento, que tem decora\u00e7\u00e3o cl\u00e1ssica<\/p>\n<p>M\u00e3e da influencer <strong>Fabiana Justus<\/strong>, <strong>Sacha Chryzman<\/strong> surpreendeu ao mostrar como \u00e9 o seu apartamento em S\u00e3o Paulo. Na noite de quinta-feira, 28, ela recebeu amigos para um jantar em casa e aproveitou para revelar os detalhes da decora\u00e7\u00e3o dos ambientes da \u00e1rea social.<\/p>\n<p>Sacha revelou que seu apartamento tem a decora\u00e7\u00e3o cl\u00e1ssica. O local possui sof\u00e1s e poltronas brancos e m\u00f3veis em tons de madeira escura na sala de estar.<\/p>\n<p>Al\u00e9m disso, a sala de TV conta com sof\u00e1 confort\u00e1vel e estante com arm\u00e1rios brancos. Enquanto isso, a sala de jantar conta com mesa com tampo de vidro e cadeiras de madeira cl\u00e1ssica, al\u00e9m de aparador de vidro na parede.<\/p>\n<p><img decoding=\"async\" alt=\"Apartamento de Sacha Chryzman\" height=\"1379\" loading=\"lazy\" src=\"https:\/\/www.europesays.com\/pt\/wp-content\/uploads\/2025\/08\/apartamento-de-sacha-chryzman-13.jpg\" width=\"778\"\/><\/p>\n<p><img decoding=\"async\" alt=\"Apartamento de Sacha Chryzman\" height=\"1378\" loading=\"lazy\" src=\"https:\/\/www.europesays.com\/pt\/wp-content\/uploads\/2025\/08\/apartamento-de-sacha-chryzman-12.jpg\" width=\"778\"\/><\/p>\n<p><img decoding=\"async\" alt=\"Apartamento de Sacha Chryzman\" height=\"1379\" loading=\"lazy\" src=\"https:\/\/www.europesays.com\/pt\/wp-content\/uploads\/2025\/08\/apartamento-de-sacha-chryzman-14.jpg\" width=\"778\"\/><\/p>\n<p><img decoding=\"async\" alt=\"Apartamento de Sacha Chryzman\" height=\"1393\" loading=\"lazy\" src=\"https:\/\/www.europesays.com\/pt\/wp-content\/uploads\/2025\/08\/apartamento-de-sacha-chryzman-11.jpg\" width=\"778\"\/><\/p>\n<p><img decoding=\"async\" alt=\"Apartamento de Sacha Chryzman\" height=\"1374\" loading=\"lazy\" src=\"https:\/\/www.europesays.com\/pt\/wp-content\/uploads\/2025\/08\/apartamento-de-sacha-chryzman-10.jpg\" width=\"778\"\/><\/p>\n<p><img decoding=\"async\" alt=\"Apartamento de Sacha Chryzman\" height=\"1387\" loading=\"lazy\" src=\"https:\/\/www.europesays.com\/pt\/wp-content\/uploads\/2025\/08\/apartamento-de-sacha-chryzman-9.jpg\" width=\"778\"\/><\/p>\n<p><img decoding=\"async\" alt=\"Apartamento de Sacha Chryzman\" height=\"1382\" loading=\"lazy\" src=\"https:\/\/www.europesays.com\/pt\/wp-content\/uploads\/2025\/08\/apartamento-de-sacha-chryzman-8.jpg\" width=\"778\"\/><\/p>\n<p><img decoding=\"async\" alt=\"Apartamento de Sacha Chryzman\" height=\"1403\" loading=\"lazy\" src=\"https:\/\/www.europesays.com\/pt\/wp-content\/uploads\/2025\/08\/apartamento-de-sacha-chryzman-7.jpg\" width=\"778\"\/><\/p>\n<p><img decoding=\"async\" alt=\"Apartamento de Sacha Chryzman\" height=\"1367\" loading=\"lazy\" src=\"https:\/\/www.europesays.com\/pt\/wp-content\/uploads\/2025\/08\/apartamento-de-sacha-chryzman-6.jpg\" width=\"778\"\/><\/p>\n<p><img decoding=\"async\" alt=\"Apartamento de Sacha Chryzman\" height=\"1371\" loading=\"lazy\" src=\"https:\/\/www.europesays.com\/pt\/wp-content\/uploads\/2025\/08\/apartamento-de-sacha-chryzman-5.jpg\" width=\"778\"\/><\/p>\n<p><img decoding=\"async\" alt=\"Apartamento de Sacha Chryzman\" height=\"1389\" loading=\"lazy\" src=\"https:\/\/www.europesays.com\/pt\/wp-content\/uploads\/2025\/08\/apartamento-de-sacha-chryzman-4.jpg\" width=\"778\"\/><\/p>\n<p><img decoding=\"async\" alt=\"Apartamento de Sacha Chryzman\" height=\"1380\" loading=\"lazy\" src=\"https:\/\/www.europesays.com\/pt\/wp-content\/uploads\/2025\/08\/apartamento-de-sacha-chryzman-3.jpg\" width=\"778\"\/><\/p>\n<p><img decoding=\"async\" alt=\"Apartamento de Sacha Chryzman\" height=\"1379\" loading=\"lazy\" src=\"https:\/\/www.europesays.com\/pt\/wp-content\/uploads\/2025\/08\/apartamento-de-sacha-chryzman-2.jpg\" width=\"778\"\/><\/p>\n<p><img decoding=\"async\" alt=\"Apartamento de Sacha Chryzman\" height=\"1386\" loading=\"lazy\" src=\"https:\/\/www.europesays.com\/pt\/wp-content\/uploads\/2025\/08\/apartamento-de-sacha-chryzman-1.jpg\" width=\"778\"\/><\/p>\n<p><strong>Leia tamb\u00e9m<\/strong>: <a href=\"https:\/\/caras.com.br\/bem-estar\/mae-de-fabiana-justus-relata-acidente-apaguei-o-fogo-com-minha-mao.phtml\" rel=\"noopener nofollow\" target=\"_blank\">M\u00e3e de Fabiana Justus relata acidente: \u2018Apaguei o fogo com minha m\u00e3o\u2019<\/a><\/p>\n<p>Saiba mais sobre a m\u00e3e de Fabiana Justus<\/p>\n<p>Fabiana Justus \u00e9 fruto do primeiro casamento do empres\u00e1rio e apresentador <strong>Roberto Justus<\/strong> com<strong> Sacha Chryzman<\/strong>. <a href=\"https:\/\/caras.com.br\/atualidades\/quem-e-mae-de-fabiana-justus-ela-teve-dois-filhos-com-roberto-justus.phtml\" rel=\"noopener nofollow\" target=\"_blank\">Roberto e Sacha foram casados entre os anos de 1980 e 1989 e tiveram dois filhos juntos<\/a>: Fabiana e <strong>Ricardo<\/strong>. Os dois se conheceram quando ela tinha apenas 17 anos e logo de apaixonaram e casaram. Na \u00e9poca, ela queria cursar medicina, mas desistiu em prol do casamento. Durante o casamento, ela iniciou a faculdade de administra\u00e7\u00e3o, mas n\u00e3o concluiu. Hoje em dia, ela trabalha na \u00e1rea de vendas no mercado de luxo.<\/p>\n<p>Em uma participa\u00e7\u00e3o no podcast FabTalks, apresentado por sua filha, Sacha contou sobre como conheceu o ex-marido. Ela disse que seus pais foram em uma festa e conheceram Roberto, que logo perguntou se eles tinham uma filha. Ele pediu o telefone da casa da fam\u00edlia e ligou para conhecer Sacha.<\/p>\n<p>&#8220;A minha m\u00e3e falou: \u2018Filha, conheci o homem da sua vida. Ele \u00e9 lindo\u2019. Eu nunca me esque\u00e7o que ela reparou nas m\u00e3os do Roberto e disse que ele tinha m\u00e3os de pianista, por causa dos dedos longos. Eu nem liguei. Ela disse: \u2018Ele falou que ia pedir o telefone aqui de casa para a Julia, que \u00e9 a irm\u00e3 dele\u2019. Dito e feito. No dia seguinte, ele me ligou e perguntou: \u2018Posso passar na sua casa hoje?\u2019. Imagina, eu n\u00e3o tinha feito o cabelo. Eu falei: \u2018N\u00e3o, eu tenho um trabalho de escola\u2019. Que rid\u00edculo falar isso. Falei: \u2018Vamos marcar depois de amanh\u00e3\u2019&#8221;, disse ela.\u00a0<\/p>\n<p>E completou: &#8220;Ele veio, eu abri a porta. Ele disse que deu uma secada em mim e falou: \u2018Gostei\u2019. E a\u00ed sentou. Eu passei pela minha m\u00e3e e fiz um positivo pelas costas. A gente ficou conversando e 15 dias depois a gente saiu para jantar. Ele falou: \u2018Tenho uma not\u00edcia para te dar\u2019. Eu entrei no carro e ele falou: \u2018Eu vou casar com voc\u00ea esse ano. Eu n\u00e3o quero que voc\u00ea fa\u00e7a medicina. Eu gosto de viajar e voc\u00ea vai ter que estudar muito. Faz qualquer coisa, mas medicina voc\u00ea fica presa\u2019. Ele nem pediu, ele afirmou. Eu achei que ele estava brincando. Eu me apaixonei na \u00e9poca, e fiz minha escolha. Eu conheci o Roberto e em seis meses eu casei. Eu casei em 1980. Eu n\u00e3o me arrependo, olha quem est\u00e1 aqui. Eu amadureci na marra. Fui muito feliz&#8221;.\u00a0<\/p>\n<p>Ent\u00e3o, Sacha ainda relembrou sobre a decis\u00e3o de se separar. &#8220;Quando a gente deixou de ser feliz, a gente teve uma decis\u00e3o muito s\u00e1bia. Realmente, a gente estava brigando muito, j\u00e1 tinha se separado, tinha voltado. Todas as tentativas s\u00e3o v\u00e1lidas. E quando voc\u00ea esgota as tentativas, e viu que o lado homem e mulher era muita briga e a gente cresceu para lados diferentes. A gente resolveu ser amigos e \u00e9 o que a gente \u00e9 hoje. Realmente, a nossa separa\u00e7\u00e3o foi muito at\u00edpica. Ele vinha na minha casa todo dia para deitar as crian\u00e7as, para jantar. Os filhos n\u00e3o sentiram que o pai foi embora, sentiram que o homem e mulher acabou, mas a amizade ficou e o pai estava presente. Isso \u00e9 muito importante&#8221;, afirmou.\u00a0<\/p>\n","protected":false},"excerpt":{"rendered":"M\u00e3e de Fabiana Justus, Sacha Chryzman surpreende ao mostrar como \u00e9 o seu apartamento, que tem decora\u00e7\u00e3o cl\u00e1ssica&hellip;\n","protected":false},"author":2,"featured_media":51096,"comment_status":"","ping_status":"","sticky":false,"template":"","format":"standard","meta":{"footnotes":""},"categories":[145],"tags":[211,210,114,115,14920,32,33,14921],"class_list":{"0":"post-51095","1":"post","2":"type-post","3":"status-publish","4":"format-standard","5":"has-post-thumbnail","7":"category-celebridades","8":"tag-celebridades","9":"tag-celebrities","10":"tag-entertainment","11":"tag-entretenimento","12":"tag-fabiana-justus","13":"tag-portugal","14":"tag-pt","15":"tag-sacha-chryzman"},"share_on_mastodon":{"url":"","error":""},"_links":{"self":[{"href":"https:\/\/www.europesays.com\/pt\/wp-json\/wp\/v2\/posts\/51095","targetHints":{"allow":["GET"]}}],"collection":[{"href":"https:\/\/www.europesays.com\/pt\/wp-json\/wp\/v2\/posts"}],"about":[{"href":"https:\/\/www.europesays.com\/pt\/wp-json\/wp\/v2\/types\/post"}],"author":[{"embeddable":true,"href":"https:\/\/www.europesays.com\/pt\/wp-json\/wp\/v2\/users\/2"}],"replies":[{"embeddable":true,"href":"https:\/\/www.europesays.com\/pt\/wp-json\/wp\/v2\/comments?post=51095"}],"version-history":[{"count":0,"href":"https:\/\/www.europesays.com\/pt\/wp-json\/wp\/v2\/posts\/51095\/revisions"}],"wp:featuredmedia":[{"embeddable":true,"href":"https:\/\/www.europesays.com\/pt\/wp-json\/wp\/v2\/media\/51096"}],"wp:attachment":[{"href":"https:\/\/www.europesays.com\/pt\/wp-json\/wp\/v2\/media?parent=51095"}],"wp:term":[{"taxonomy":"category","embeddable":true,"href":"https:\/\/www.europesays.com\/pt\/wp-json\/wp\/v2\/categories?post=51095"},{"taxonomy":"post_tag","embeddable":true,"href":"https:\/\/www.europesays.com\/pt\/wp-json\/wp\/v2\/tags?post=51095"}],"curies":[{"name":"wp","href":"https:\/\/api.w.org\/{rel}","templated":true}]}}