{"id":510964,"date":"2026-09-03T21:46:20","date_gmt":"2026-09-03T21:46:20","guid":{"rendered":"https:\/\/www.europesays.com\/pt\/510964\/"},"modified":"2026-09-03T21:46:20","modified_gmt":"2026-09-03T21:46:20","slug":"putin-acusa-ucrania-de-ameacar-aviacao-civil-e-diz-que-isso-dificulta-negociacoes-de-paz","status":"publish","type":"post","link":"https:\/\/www.europesays.com\/pt\/510964\/","title":{"rendered":"Putin acusa Ucr\u00e2nia de amea\u00e7ar avia\u00e7\u00e3o civil e diz que isso dificulta negocia\u00e7\u00f5es de paz"},"content":{"rendered":"<p>O presidente russo defendeu esta quinta-feira, 3 de setembro, que aquilo que chama de amea\u00e7as de ataques da Ucr\u00e2nia contra avi\u00f5es civis dificultam a possibilidade de qualquer negocia\u00e7\u00e3o com vista \u00e0 paz. Ao mesmo tempo, Vladimir Putin considerou que ainda existem op\u00e7\u00f5es para negocia\u00e7\u00f5es construtivas e pac\u00edficas.<\/p>\n<p>Durante a sess\u00e3o plen\u00e1ria do F\u00f3rum Econ\u00f3mico Oriental em Vladivostok, capital do Extremo Oriente russo, Putin referiu-se \u00e0s declara\u00e7\u00f5es do presidente ucraniano, que advertiu as companhias a\u00e9reas de que \u201chaver\u00e1 drones\u201d ucranianos no c\u00e9u russo \u201cenquanto a guerra continuar\u201d e que \u00e9 perigoso sobrevoar o espa\u00e7o a\u00e9rea russo.<\/p>\n<p>\u201cAlertamos todas as companhias a\u00e9reas que utilizam o espa\u00e7o a\u00e9reo russo, todas as seguradoras e todos aqueles que ainda operam nos principais aeroportos russos: o espa\u00e7o a\u00e9reo russo est\u00e1 a tornar-se extremamente perigoso\u201d, disse Volodymyr Zelensky no in\u00edcio da semana precisando, no entanto, que a avia\u00e7\u00e3o civil n\u00e3o era o alvo \u201cem si\u201d.<\/p>\n<p>&#8220;Isto obstrui, sem d\u00favida, a possibilidade de realizar negocia\u00e7\u00f5es de paz bilaterais&#8221;, reagiu Vladimir Putin, citado pela ag\u00eancia EFE. &#8220;As amea\u00e7as de ataques contra aeronaves civis s\u00e3o, obviamente, uma manifesta\u00e7\u00e3o de terrorismo de Estado&#8221;, acrescentou, depois de na ter\u00e7a-feira j\u00e1 ter afirmado que &#8220;n\u00e3o se negoceia com terroristas&#8221; e que Moscovo responderia a quaisquer provoca\u00e7\u00f5es deste tipo. <\/p>\n<p>Paralelamente, Putin considerou que n\u00e3o est\u00e3o esgotadas as op\u00e7\u00f5es para negocia\u00e7\u00f5es construtivas e pac\u00edficas para um entendimento com a Ucr\u00e2nia, tendo agradecido aos pa\u00edses que insistem numa solu\u00e7\u00e3o pol\u00edtica para o conflito, como os Estados Unidos e a China.<\/p>\n<p>&#8220;Em \u00faltima an\u00e1lise, o problema deve ser resolvido, antes de mais, pelos pa\u00edses envolvidos no conflito&#8230; Em primeiro lugar, \u00e9 a R\u00fassia e a Ucr\u00e2nia que devem chegar a um acordo&#8221;, declarou, manifestando d\u00favidas de que Kiev esteja dispon\u00edvel para um acordo de paz..<\/p>\n","protected":false},"excerpt":{"rendered":"O presidente russo defendeu esta quinta-feira, 3 de setembro, que aquilo que chama de amea\u00e7as de ataques da&hellip;\n","protected":false},"author":2,"featured_media":510965,"comment_status":"","ping_status":"","sticky":false,"template":"","format":"standard","meta":{"footnotes":"","_share_on_mastodon":"0"},"categories":[50],"tags":[28026,27,28,358,81838,837,81836,235,15,16,81837,14,25,26,21,22,4617,62,12156,12,13,19,20,23,24,3813,839,81835,17,18,840,29,30,31,2415,2416,63,64,65],"class_list":["post-510964","post","type-post","status-publish","format-standard","has-post-thumbnail","category-mundo","tag-aviacao-civil","tag-breaking-news","tag-breakingnews","tag-china","tag-conflito-russo-ucraniano","tag-drones","tag-espaco-aereo-russo","tag-estados-unidos","tag-featured-news","tag-featurednews","tag-forum-economico-oriental","tag-headlines","tag-latest-news","tag-latestnews","tag-main-news","tag-mainnews","tag-moscovo","tag-mundo","tag-negociacoes-de-paz","tag-news","tag-noticias","tag-noticias-principais","tag-noticiasprincipais","tag-principais-noticias","tag-principaisnoticias","tag-putin","tag-russia","tag-terrorismo-de-estado","tag-top-stories","tag-topstories","tag-ucrania","tag-ultimas","tag-ultimas-noticias","tag-ultimasnoticias","tag-vladimir-putin","tag-volodymyr-zelensky","tag-world","tag-world-news","tag-worldnews"],"share_on_mastodon":{"url":"","error":"Validation failed: Text character limit of 500 exceeded"},"_links":{"self":[{"href":"https:\/\/www.europesays.com\/pt\/wp-json\/wp\/v2\/posts\/510964","targetHints":{"allow":["GET"]}}],"collection":[{"href":"https:\/\/www.europesays.com\/pt\/wp-json\/wp\/v2\/posts"}],"about":[{"href":"https:\/\/www.europesays.com\/pt\/wp-json\/wp\/v2\/types\/post"}],"author":[{"embeddable":true,"href":"https:\/\/www.europesays.com\/pt\/wp-json\/wp\/v2\/users\/2"}],"replies":[{"embeddable":true,"href":"https:\/\/www.europesays.com\/pt\/wp-json\/wp\/v2\/comments?post=510964"}],"version-history":[{"count":0,"href":"https:\/\/www.europesays.com\/pt\/wp-json\/wp\/v2\/posts\/510964\/revisions"}],"wp:featuredmedia":[{"embeddable":true,"href":"https:\/\/www.europesays.com\/pt\/wp-json\/wp\/v2\/media\/510965"}],"wp:attachment":[{"href":"https:\/\/www.europesays.com\/pt\/wp-json\/wp\/v2\/media?parent=510964"}],"wp:term":[{"taxonomy":"category","embeddable":true,"href":"https:\/\/www.europesays.com\/pt\/wp-json\/wp\/v2\/categories?post=510964"},{"taxonomy":"post_tag","embeddable":true,"href":"https:\/\/www.europesays.com\/pt\/wp-json\/wp\/v2\/tags?post=510964"}],"curies":[{"name":"wp","href":"https:\/\/api.w.org\/{rel}","templated":true}]}}