{"id":510970,"date":"2026-09-03T21:52:24","date_gmt":"2026-09-03T21:52:24","guid":{"rendered":"https:\/\/www.europesays.com\/pt\/510970\/"},"modified":"2026-09-03T21:52:24","modified_gmt":"2026-09-03T21:52:24","slug":"contra-futebol-da-globo-sessao-sbt-aposta-em-silvio-santos-e-tem-respiro-no-ibope","status":"publish","type":"post","link":"https:\/\/www.europesays.com\/pt\/510970\/","title":{"rendered":"Contra futebol da Globo, Sess\u00e3o +SBT aposta em Silvio Santos e tem respiro no Ibope"},"content":{"rendered":"<p>A Sess\u00e3o +SBT ganhou sobrevida na grade de programa\u00e7\u00e3o e na noite dessa quarta-feira (2), apostou em <a href=\"https:\/\/natelinha.uol.com.br\/famosos\/tudo-sobre\/silvio-santos\" rel=\"nofollow noopener\" target=\"_blank\">Silvio Santos<\/a>\u00a0(1930-2024) contra o futebol da Globo. Ao relembrar edi\u00e7\u00f5es do Qual \u00e9 a M\u00fasica?, o programa atingiu 4 pontos de m\u00e9dia e al\u00e7ou o posto de atra\u00e7\u00e3o mais vista do dia na casa.<\/p>\n<p>continua depois da publicidade<\/p>\n<p>Dados do Ibope obtidos pelo <strong>NaTelinha<\/strong> atrav\u00e9s de fontes do mercado apontam que a m\u00e9dia do programa nesse dia da semana \u00e9 mais alta. Nas\u00a0quatro edi\u00e7\u00f5es \u00e0s quartas, a m\u00e9dia foi de 4,3 pontos na Grande SP. Nos outros dias, teve uma m\u00e1xima de 3,3 pontos em 8 de agosto, s\u00e1bado. A m\u00e9dia geral at\u00e9 agora \u00e9 de 3,1.<\/p>\n<p>Agora, a atra\u00e7\u00e3o capitaneada por Gaby Cabrini e Gabriel Cartolano \u00e9 exibida de ter\u00e7a a sexta, mas com um incremento aos s\u00e1bados, quando \u00e9 ao vivo com mais de tr\u00eas horas de dura\u00e7\u00e3o.<\/p>\n<p>continua depois da publicidade<\/p>\n<p>+\u00a0<a href=\"https:\/\/natelinha.uol.com.br\/famosos\/2026\/09\/03\/yasmin-brunet-desabafa-ao-falar-sobre-efeitos-do-lipedema-dor-e-queimacao-247147.php\" rel=\"nofollow noopener\" target=\"_blank\">Yasmin Brunet desabafa ao falar sobre efeitos do lipedema: &#8220;Dor e queima\u00e7\u00e3o&#8221;<\/a><\/p>\n<p>+\u00a0<a href=\"https:\/\/natelinha.uol.com.br\/famosos\/2026\/09\/03\/ex-bbb-natalia-deodato-reage-a-criticas-apos-surgir-trabalhando-em-salao-de-beleza-muita-ignorancia-247145.php\" rel=\"nofollow noopener\" target=\"_blank\">Ex-BBB Nat\u00e1lia Deodato reage a cr\u00edticas ap\u00f3s surgir trabalhando em sal\u00e3o de beleza: &#8220;Muita ignor\u00e2ncia&#8221;<\/a><\/p>\n<p><strong>Outros destaques de audi\u00eancia do dia:<\/strong><\/p>\n<ul>\n<li>Apesar do jogo morno, Santos x Palmeiras teve mais audi\u00eancia que na semana passada. O cl\u00e1ssico, que teve classifica\u00e7\u00e3o do Verd\u00e3o, atingiu 19,3 pontos.<\/li>\n<li>O Canta Comigo Teen 6 igualou seu recorde negativo e anotou 3,4 pontos.<\/li>\n<li>O Superpop segue \u00e0 frente da Band. O programa de Cari\u00facha conquistou 0,9 ponto na capital paulista, superando o Cine Clube.<\/li>\n<\/ul>\n<p>\u00a0\u00a0<br \/>\nConfira as audi\u00eancias de quarta-feira\u00a0(02\/09\/2026):<\/p>\n<tr style=\"height: 77px;\">\n<img decoding=\"async\" loading=\"lazy\" class=\"horizontal\" src=\"https:\/\/www.europesays.com\/pt\/wp-content\/uploads\/2026\/09\/1788472341_587_globo.webp\" alt=\"Logo Globo\" width=\"42\" height=\"42\"\/>\u00a0\u00a0<br \/>\n<\/tr>\n<tr style=\"height: 49px;\">\n<td style=\"height: 49px;\">Bom Dia SP<\/td>\n<td style=\"height: 49px;\">8,0<\/td>\n<\/tr>\n<tr style=\"height: 49px;\">\n<td style=\"height: 49px;\">Bom Dia Brasil<\/td>\n<td style=\"height: 49px;\">8,2<\/td>\n<\/tr>\n<tr style=\"height: 47px;\">\n<td style=\"height: 47px;\">Encontro com Patr\u00edcia Poeta<\/td>\n<td style=\"height: 47px;\">6,8<\/td>\n<\/tr>\n<tr style=\"height: 49px;\">\n<td style=\"height: 49px;\">Mais Voc\u00ea<\/td>\n<td style=\"height: 49px;\">6,6<\/td>\n<\/tr>\n<tr style=\"height: 49px;\">\n<td style=\"height: 49px;\">SP1<\/td>\n<td style=\"height: 49px;\">9,1<\/td>\n<\/tr>\n<tr style=\"height: 49px;\">\n<td style=\"height: 49px;\">Hor\u00e1rio\u00a0Pol\u00edtico<\/td>\n<td style=\"height: 49px;\">8,2<\/td>\n<\/tr>\n<tr style=\"height: 49px;\">\n<td style=\"height: 49px;\">SP1 (continua\u00e7\u00e3o)<\/td>\n<td style=\"height: 49px;\">9,0<\/td>\n<\/tr>\n<tr style=\"height: 49px;\">\n<td style=\"height: 49px;\">Globo Esporte<\/td>\n<td style=\"height: 49px;\">8,8<\/td>\n<\/tr>\n<tr style=\"height: 49px;\">\n<td style=\"height: 49px;\">Jornal Hoje<\/td>\n<td style=\"height: 49px;\">9,8<\/td>\n<\/tr>\n<tr style=\"height: 49px;\">\n<td style=\"height: 49px;\">Edi\u00e7\u00e3o Especial: Al\u00e9m do Tempo<\/td>\n<td style=\"height: 49px;\">9,2<\/td>\n<\/tr>\n<tr style=\"height: 49px;\">\n<td style=\"height: 49px;\">Sess\u00e3o da Tarde: Nosso Amigo Extraordin\u00e1rio<\/td>\n<td style=\"height: 49px;\">8,0<\/td>\n<\/tr>\n<tr style=\"height: 49px;\">\n<td style=\"height: 49px;\">Boletim SP2<\/td>\n<td style=\"height: 49px;\">10,9<\/td>\n<\/tr>\n<tr style=\"height: 49px;\">\n<td style=\"height: 49px;\">Vale a Pena Ver de Novo: Avenida Brasil<\/td>\n<td style=\"height: 49px;\">13,8<\/td>\n<\/tr>\n<tr style=\"height: 49px;\">\n<td style=\"height: 49px;\">A Nobreza do Amor<\/td>\n<td style=\"height: 49px;\">15,9<\/td>\n<\/tr>\n<tr style=\"height: 49px;\">\n<td style=\"height: 49px;\">SP2<\/td>\n<td style=\"height: 49px;\">18,1<\/td>\n<\/tr>\n<tr style=\"height: 49px;\">\n<td style=\"height: 49px;\">Por Voc\u00ea<\/td>\n<td style=\"height: 49px;\">18,7<\/td>\n<\/tr>\n<tr style=\"height: 49px;\">\n<td style=\"height: 49px;\">Jornal Nacional<\/td>\n<td style=\"height: 49px;\">20,1<\/td>\n<\/tr>\n<tr style=\"height: 49px;\">\n<td style=\"height: 49px;\">Hor\u00e1rio\u00a0Pol\u00edtico<\/td>\n<td style=\"height: 49px;\">17,4<\/td>\n<\/tr>\n<tr style=\"height: 49px;\">\n<td style=\"height: 49px;\">Quem Ama Cuida<\/td>\n<td style=\"height: 49px;\">22,2<\/td>\n<\/tr>\n<tr style=\"height: 49px;\">\n<td style=\"height: 49px;\">Copa do Brasil:\u00a0Santos x Palmeiras<\/td>\n<td style=\"height: 49px;\">19,3<\/td>\n<\/tr>\n<tr style=\"height: 49px;\">\n<td style=\"height: 49px;\">Segue o Jogo<\/td>\n<td style=\"height: 49px;\">11,3<\/td>\n<\/tr>\n<tr style=\"height: 49px;\">\n<td style=\"height: 49px;\">Estrelas da Casa<\/td>\n<td style=\"height: 49px;\">8,7<\/td>\n<\/tr>\n<tr style=\"height: 49px;\">\n<td style=\"height: 49px;\">Jornal da Globo<\/td>\n<td style=\"height: 49px;\">7,0<\/td>\n<\/tr>\n<tr style=\"height: 49px;\">\n<td style=\"height: 49px;\">A Nobreza do Amor (reapresenta\u00e7\u00e3o)<\/td>\n<td style=\"height: 49px;\">4,8<\/td>\n<\/tr>\n<tr style=\"height: 49px;\">\n<td style=\"height: 49px;\">Por Voc\u00ea (reapresenta\u00e7\u00e3o)<\/td>\n<td style=\"height: 49px;\">4,2<\/td>\n<\/tr>\n<tr style=\"height: 49px;\">\n<td style=\"height: 49px;\">Com\u00e9dia na Madruga: Vai Que Cola<\/td>\n<td style=\"height: 49px;\">3,2<\/td>\n<\/tr>\n<tr style=\"height: 49px;\">\n<td style=\"height: 49px;\">Hora 1<\/td>\n<td style=\"height: 49px;\">4,2<\/td>\n<\/tr>\n<tr style=\"height: 77px;\">\n<img decoding=\"async\" loading=\"lazy\" class=\"horizontal\" src=\"https:\/\/www.europesays.com\/pt\/wp-content\/uploads\/2026\/09\/1788472342_920_record.webp\" alt=\"Logo Record\" width=\"42\" height=\"42\"\/>\u00a0\u00a0<br \/>\n<\/tr>\n<tr style=\"height: 49px;\">\n<td style=\"height: 49px;\">Balan\u00e7o Geral Manh\u00e3<\/td>\n<td style=\"height: 49px;\">1,8<\/td>\n<\/tr>\n<tr style=\"height: 49px;\">\n<td style=\"height: 49px;\">Balan\u00e7o Geral Manh\u00e3 II<\/td>\n<td style=\"height: 49px;\">2,6<\/td>\n<\/tr>\n<tr style=\"height: 49px;\">\n<td style=\"height: 49px;\">Balan\u00e7o Geral Manh\u00e3 SP<\/td>\n<td style=\"height: 49px;\">2,2<\/td>\n<\/tr>\n<tr style=\"height: 49px;\">\n<td style=\"height: 49px;\">Fala Brasil<\/td>\n<td style=\"height: 49px;\">2,3<\/td>\n<\/tr>\n<tr style=\"height: 49px;\">\n<td style=\"height: 49px;\">Hoje em Dia<\/td>\n<td style=\"height: 49px;\">2,6<\/td>\n<\/tr>\n<tr style=\"height: 49px;\">\n<td style=\"height: 49px;\">Balan\u00e7o Geral SP\u00a0<\/td>\n<td style=\"height: 49px;\">3,3<\/td>\n<\/tr>\n<tr style=\"height: 49px;\">\n<td style=\"height: 49px;\">Hor\u00e1rio Pol\u00edtico<\/td>\n<td style=\"height: 49px;\">3,6<\/td>\n<\/tr>\n<tr style=\"height: 49px;\">\n<td style=\"height: 49px;\">Balan\u00e7o Geral SP (continua\u00e7\u00e3o)<\/td>\n<td style=\"height: 49px;\">5,5<\/td>\n<\/tr>\n<tr style=\"height: 49px;\">\n<td style=\"height: 49px;\">The Love School &#8211; Escola do Amor<\/td>\n<td style=\"height: 49px;\">5,0<\/td>\n<\/tr>\n<tr style=\"height: 49px;\">\n<td style=\"height: 49px;\">Balan\u00e7o Geral SP (continua\u00e7\u00e3o)<\/td>\n<td style=\"height: 49px;\">5,1<\/td>\n<\/tr>\n<tr style=\"height: 49px;\">\n<td style=\"height: 49px;\">Jesus<\/td>\n<td style=\"height: 49px;\">3,8<\/td>\n<\/tr>\n<tr style=\"height: 49px;\">\n<td style=\"height: 49px;\">Cidade Alerta<\/td>\n<td style=\"height: 49px;\">3,1<\/td>\n<\/tr>\n<tr style=\"height: 49px;\">\n<td style=\"height: 49px;\">Cidade Alerta II<\/td>\n<td style=\"height: 49px;\">5,8<\/td>\n<\/tr>\n<tr style=\"height: 49px;\">\n<td style=\"height: 49px;\">Cidade Alerta\u00a0SP<\/td>\n<td style=\"height: 49px;\">7,3<\/td>\n<\/tr>\n<tr style=\"height: 49px;\">\n<td style=\"height: 49px;\">Jornal da Record\u00a0<\/td>\n<td style=\"height: 49px;\">6,3<\/td>\n<\/tr>\n<tr style=\"height: 49px;\">\n<td style=\"height: 49px;\">Hor\u00e1rio Pol\u00edtico<\/td>\n<td style=\"height: 49px;\">5,5<\/td>\n<\/tr>\n<tr style=\"height: 49px;\">\n<td style=\"height: 49px;\">Jornal da Record (continua\u00e7\u00e3o)<\/td>\n<td style=\"height: 49px;\">5,4<\/td>\n<\/tr>\n<tr style=\"height: 49px;\">\n<td style=\"height: 49px;\">Iludida<\/td>\n<td style=\"height: 49px;\">5,7<\/td>\n<\/tr>\n<tr style=\"height: 49px;\">\n<td style=\"height: 49px;\">Reis &#8211; A Divis\u00e3o<\/td>\n<td style=\"height: 49px;\">4,7<\/td>\n<\/tr>\n<tr style=\"height: 49px;\">\n<td style=\"height: 49px;\">Canta Comigo Teen 6<\/td>\n<td style=\"height: 49px;\">3,4<\/td>\n<\/tr>\n<tr style=\"height: 49px;\">\n<td style=\"height: 49px;\">Jornal da Record &#8211; 24h<\/td>\n<td style=\"height: 49px;\">\u00a01,7<\/td>\n<\/tr>\n<tr style=\"height: 49px;\">\n<td style=\"height: 49px;\">Fala Que Eu Te Escuto<\/td>\n<td style=\"height: 49px;\">0,6<\/td>\n<\/tr>\n<tr style=\"height: 49px;\">\n<td style=\"height: 49px;\">Dicas de Amor<\/td>\n<td style=\"height: 49px;\">0,3<\/td>\n<\/tr>\n<tr style=\"height: 49px;\">\n<td style=\"height: 49px;\">Igreja Universal do Reino de Deus<\/td>\n<td style=\"height: 49px;\">0,1<\/td>\n<\/tr>\n<tr>\n<img decoding=\"async\" loading=\"lazy\" class=\"horizontal\" src=\"https:\/\/www.europesays.com\/pt\/wp-content\/uploads\/2026\/09\/1788472343_698_sbt.webp\" alt=\"Logo SBT\" width=\"42\" height=\"42\"\/>\u00a0\u00a0<br \/>\n<\/tr>\n<tr>\n<td>Se Liga Brasil<\/td>\n<td>1,6<\/td>\n<\/tr>\n<tr>\n<td>Se Liga Brasil SP<\/td>\n<td>2,5<\/td>\n<\/tr>\n<tr>\n<td>Primeiro Impacto<\/td>\n<td>2,8<\/td>\n<\/tr>\n<tr>\n<td>Primeiro Impacto SP<\/td>\n<td>2,7<\/td>\n<\/tr>\n<tr>\n<td>Chaves<\/td>\n<td>2,3<\/td>\n<\/tr>\n<tr>\n<td>Hor\u00e1rio Pol\u00edtico<\/td>\n<td>2,0<\/td>\n<\/tr>\n<tr>\n<td>Chaves<\/td>\n<td>2,5<\/td>\n<\/tr>\n<tr>\n<td>A Desalmada<\/td>\n<td>2,9<\/td>\n<\/tr>\n<tr>\n<td>Fofocalizando<\/td>\n<td>3,1<\/td>\n<\/tr>\n<tr>\n<td>O Que a Vida Me Roubou<\/td>\n<td>2,6<\/td>\n<\/tr>\n<tr>\n<td>SBT Cidades SP<\/td>\n<td>2,9<\/td>\n<\/tr>\n<tr>\n<td>SBT Cidades<\/td>\n<td>2,9<\/td>\n<\/tr>\n<tr>\n<td>SBT Brasil<\/td>\n<td>3,3<\/td>\n<\/tr>\n<tr>\n<td>Hor\u00e1rio Pol\u00edtico<\/td>\n<td>2,7<\/td>\n<\/tr>\n<tr>\n<td>SBT Brasil (continua\u00e7\u00e3o)<\/td>\n<td>2,7<\/td>\n<\/tr>\n<tr>\n<td>Amor Valente<\/td>\n<td>3,0<\/td>\n<\/tr>\n<tr>\n<td>Sess\u00e3o +SBT<\/td>\n<td>4,0<\/td>\n<\/tr>\n<tr>\n<td>Programa do Ratinho<\/td>\n<td>3,9<\/td>\n<\/tr>\n<tr>\n<td>The Noite<\/td>\n<td>2,4<\/td>\n<\/tr>\n<tr>\n<td>Opera\u00e7\u00e3o Mesquita<\/td>\n<td>1,2<\/td>\n<\/tr>\n<tr>\n<td>Passe de Milh\u00f5es<\/td>\n<td>1,0<\/td>\n<\/tr>\n<tr>\n<td>SBT Not\u00edcias<\/td>\n<td>1,1<\/td>\n<\/tr>\n<tr>\n\u00a0<img decoding=\"async\" loading=\"lazy\" class=\"horizontal\" src=\"https:\/\/www.europesays.com\/pt\/wp-content\/uploads\/2026\/09\/1788472344_718_band.webp\" alt=\"Logo Band\" width=\"42\" height=\"42\"\/>\u00a0<br \/>\n<\/tr>\n<tr>\n<td>Igreja Universal do Reino de Deus<\/td>\n<td>0,0<\/td>\n<\/tr>\n<tr>\n<td>AgroBand<\/td>\n<td>0,1<\/td>\n<\/tr>\n<tr>\n<td>BandSports News<\/td>\n<td>0,2<\/td>\n<\/tr>\n<tr>\n<td>Bora Brasil<\/td>\n<td>0,7<\/td>\n<\/tr>\n<tr>\n<td>Jogo Aberto<\/td>\n<td>1,5<\/td>\n<\/tr>\n<tr>\n<td>Jogo Aberto SP<\/td>\n<td>2,5<\/td>\n<\/tr>\n<tr>\n<td>Os Donos da Bola<\/td>\n<td>2,1<\/td>\n<\/tr>\n<tr>\n<td>Hor\u00e1rio Pol\u00edtico<\/td>\n<td>1,3<\/td>\n<\/tr>\n<tr>\n<td>Os Donos da Bola (continua\u00e7\u00e3o)<\/td>\n<td>1,4<\/td>\n<\/tr>\n<tr>\n<td>Melhor da Tarde<\/td>\n<td>1,2<\/td>\n<\/tr>\n<tr>\n<td>Brasil Urgente<\/td>\n<td>2,7<\/td>\n<\/tr>\n<tr>\n<td>Brasil Urgente SP<\/td>\n<td>2,9<\/td>\n<\/tr>\n<tr>\n<td>Jornal da Band<\/td>\n<td>3,1<\/td>\n<\/tr>\n<tr>\n<td>Hor\u00e1rio Pol\u00edtico<\/td>\n<td>1,7<\/td>\n<\/tr>\n<tr>\n<td>Guerra das Rosas<\/td>\n<td>1,2<\/td>\n<\/tr>\n<tr>\n<td>Show da F\u00e9<\/td>\n<td>0,4<\/td>\n<\/tr>\n<tr>\n<td>Cine Clube:\u00a0Quatro Amigas e Um Casamento<\/td>\n<td>0,5<\/td>\n<\/tr>\n<tr>\n<td>Jornal da Noite<\/td>\n<td>0,4<\/td>\n<\/tr>\n<tr>\n<td>Esporte Total<\/td>\n<td>0,4<\/td>\n<\/tr>\n<tr>\n<td>Igreja Universal do Reino de Deus<\/td>\n<td>0,3<\/td>\n<\/tr>\n","protected":false},"excerpt":{"rendered":"A Sess\u00e3o +SBT ganhou sobrevida na grade de programa\u00e7\u00e3o e na noite dessa quarta-feira (2), apostou em Silvio&hellip;\n","protected":false},"author":2,"featured_media":510971,"comment_status":"","ping_status":"","sticky":false,"template":"","format":"standard","meta":{"footnotes":"","_share_on_mastodon":"0"},"categories":[142],"tags":[114,115,32,33,19266,936,151],"class_list":["post-510970","post","type-post","status-publish","format-standard","has-post-thumbnail","category-tv","tag-entertainment","tag-entretenimento","tag-portugal","tag-pt","tag-qual-e-a-musica","tag-sbt","tag-tv"],"share_on_mastodon":{"url":"https:\/\/pubeurope.com\/@pt\/117209331094293667","error":""},"_links":{"self":[{"href":"https:\/\/www.europesays.com\/pt\/wp-json\/wp\/v2\/posts\/510970","targetHints":{"allow":["GET"]}}],"collection":[{"href":"https:\/\/www.europesays.com\/pt\/wp-json\/wp\/v2\/posts"}],"about":[{"href":"https:\/\/www.europesays.com\/pt\/wp-json\/wp\/v2\/types\/post"}],"author":[{"embeddable":true,"href":"https:\/\/www.europesays.com\/pt\/wp-json\/wp\/v2\/users\/2"}],"replies":[{"embeddable":true,"href":"https:\/\/www.europesays.com\/pt\/wp-json\/wp\/v2\/comments?post=510970"}],"version-history":[{"count":0,"href":"https:\/\/www.europesays.com\/pt\/wp-json\/wp\/v2\/posts\/510970\/revisions"}],"wp:featuredmedia":[{"embeddable":true,"href":"https:\/\/www.europesays.com\/pt\/wp-json\/wp\/v2\/media\/510971"}],"wp:attachment":[{"href":"https:\/\/www.europesays.com\/pt\/wp-json\/wp\/v2\/media?parent=510970"}],"wp:term":[{"taxonomy":"category","embeddable":true,"href":"https:\/\/www.europesays.com\/pt\/wp-json\/wp\/v2\/categories?post=510970"},{"taxonomy":"post_tag","embeddable":true,"href":"https:\/\/www.europesays.com\/pt\/wp-json\/wp\/v2\/tags?post=510970"}],"curies":[{"name":"wp","href":"https:\/\/api.w.org\/{rel}","templated":true}]}}