{"id":510980,"date":"2026-09-03T21:59:17","date_gmt":"2026-09-03T21:59:17","guid":{"rendered":"https:\/\/www.europesays.com\/pt\/510980\/"},"modified":"2026-09-03T21:59:17","modified_gmt":"2026-09-03T21:59:17","slug":"segredo-dos-avioes-e-do-laser-nos-novos-produtos-da-dyson","status":"publish","type":"post","link":"https:\/\/www.europesays.com\/pt\/510980\/","title":{"rendered":"Segredo dos avi\u00f5es e do laser nos novos produtos da Dyson"},"content":{"rendered":"<p>A nova estrat\u00e9gia global da Dyson d\u00e1 um passo rumo a m\u00e1quinas totalmente automatizadas e conscientes do espa\u00e7o. Renovou o portef\u00f3lio para o lar e bem-estar, abandonando a mec\u00e2nica isolada em favor de processamento algor\u00edtmico. Traduz-se numa vaga de aparelhos dom\u00e9sticos com sensores avan\u00e7ados concebidos para agir de forma aut\u00f3noma. Trata-se de uma evolu\u00e7\u00e3o t\u00e9cnica focada em resolver tarefas quotidianas com o m\u00ednimo de esfor\u00e7o humano.<\/p>\n<p><a target=\"_blank\" href=\"https:\/\/www.europesays.com\/pt\/wp-content\/uploads\/2026\/09\/dyson_capa_2.jpg\" onclick=\"refreshIframe()\" class=\"foobox\"><img fetchpriority=\"high\" decoding=\"async\" src=\"https:\/\/www.europesays.com\/pt\/wp-content\/uploads\/2026\/09\/dyson_capa_2.jpg\" alt=\"Dyson\" width=\"1200\" height=\"675\" class=\"aligncenter size-full wp-image-1138962\"  \/><\/a>\n<\/p>\n<p>O segmento de beleza capilar liderou esta transi\u00e7\u00e3o com o an\u00fancio da nova prancha alisadora Corrale Coolshine. O equipamento conjuga as habituais placas flex\u00edveis da marca com uma tecnologia in\u00e9dita de tubos de calor que arrefecem o cabelo de imediato. Essa extra\u00e7\u00e3o t\u00e9rmica reduz danos estruturais nos fios e fixa o penteado de forma duradoura sem exigir passagens repetidas. O produto chega a Portugal a meio de setembro pelo valor de 299 euros.<\/p>\n<p>Cabelo impec\u00e1vel e higiene oral de precis\u00e3o milim\u00e9trica<\/p>\n<p>A acompanhar a prancha surge a escova de ar quente Dyson Airsmooth, desenhada para alisar e conferir volume num \u00fanico movimento fluido. O aparelho utiliza um sistema inovador de cerdas duplas com flexibilidade at\u00e9 noventa graus que liberta os fios sem puxar a raiz. Um term\u00f3stato digital mede a temperatura cem vezes por segundo para evitar queimaduras no couro cabeludo. O dispositivo estar\u00e1 dispon\u00edvel por 249 euros logo na segunda semana do m\u00eas.<\/p>\n<p><a target=\"_blank\" href=\"https:\/\/www.europesays.com\/pt\/wp-content\/uploads\/2026\/09\/4474ed1e-2e35-4a59-83c1-56f23a21b79f1.jpeg\" onclick=\"refreshIframe()\" class=\"foobox\"><img loading=\"lazy\" decoding=\"async\" src=\"https:\/\/www.europesays.com\/pt\/wp-content\/uploads\/2026\/09\/4474ed1e-2e35-4a59-83c1-56f23a21b79f1.jpeg\" alt=\"\" width=\"1365\" height=\"768\" class=\"aligncenter size-full wp-image-1139048\"  \/><\/a><\/p>\n<p>A surpresa da apresenta\u00e7\u00e3o internacional foi contudo a CameraJet, uma escova de dentes com c\u00e2mara integrada. O sistema tira partido de uma lente macro com cem mil p\u00edxeis para identificar falhas na escovagem entre os dentes. Ao localizar placa bacteriana, a m\u00e1quina dispara um irrigador c\u00f3nico com elixir bucal diretamente no alvo. O equipamento liga-se \u00e0 rede dom\u00e9stica por 479 euros para mapear os h\u00e1bitos de higiene sem comprometer os dados.<\/p>\n<p>Aeronaves inspiram nova vaga de purificadores silenciosos<\/p>\n<p>Para o tratamento do ar em habita\u00e7\u00f5es, a fabricante brit\u00e2nica revelou os novos purificadores da fam\u00edlia HushJet. Os engenheiros recorreram a princ\u00edpios aerodin\u00e2micos do setor da avia\u00e7\u00e3o para canalizar correntes de ar sem turbul\u00eancia sonora. A gama inclui purificadores potentes capazes de neutralizar formalde\u00eddo em v\u00e1rias divis\u00f5es cont\u00edguas, bem como unidades multifun\u00e7\u00f5es com aquecimento. O lan\u00e7amento de toda a fam\u00edlia de purificadores est\u00e1 marcado para os primeiros meses de 2027.<\/p>\n<p><a target=\"_blank\" href=\"https:\/\/www.europesays.com\/pt\/wp-content\/uploads\/2026\/09\/PXL_20260903_161602369.jpeg\" onclick=\"refreshIframe()\" class=\"foobox\"><img loading=\"lazy\" decoding=\"async\" src=\"https:\/\/www.europesays.com\/pt\/wp-content\/uploads\/2026\/09\/PXL_20260903_161602369.jpeg\" alt=\"\" width=\"1365\" height=\"768\" class=\"aligncenter size-full wp-image-1139045\"  \/><\/a><\/p>\n<p>A limpeza do ch\u00e3o ganhou refor\u00e7os com os robots Nurovi equipados com vis\u00e3o inteligente e luz ultravioleta. O topo de gama R3 limpa manchas complexas com \u00e1gua quente e esvazia o dep\u00f3sito na base de carga, enquanto o R2 Wash+Dry aplica mopas triangulares nos rodap\u00e9s por 849 euros. A vers\u00e3o R1 Dry fecha o trio a 549 euros, existindo ainda a mopa vertical leve W1 PencilWash a 349 euros.<\/p>\n<p>A experi\u00eancia da marca encerra com a expans\u00e3o dos servi\u00e7os de p\u00f3s-venda integrados na aplica\u00e7\u00e3o MyDyson. Os utilizadores contam com diagn\u00f3sticos remotos atrav\u00e9s de assistentes inteligentes e apoio personalizado na instala\u00e7\u00e3o de robots. No mercado nacional, a loja do Centro Colombo em Lisboa passar\u00e1 a oferecer repara\u00e7\u00f5es r\u00e1pidas em balc\u00e3o e empr\u00e9stimo gratuito de equipamentos.<\/p>\n","protected":false},"excerpt":{"rendered":"A nova estrat\u00e9gia global da Dyson d\u00e1 um passo rumo a m\u00e1quinas totalmente automatizadas e conscientes do espa\u00e7o.&hellip;\n","protected":false},"author":2,"featured_media":510981,"comment_status":"","ping_status":"","sticky":false,"template":"","format":"standard","meta":{"footnotes":"","_share_on_mastodon":"0"},"categories":[83],"tags":[88,16690,89,90,32,33],"class_list":["post-510980","post","type-post","status-publish","format-standard","has-post-thumbnail","category-empresas","tag-business","tag-dyson","tag-economy","tag-empresas","tag-portugal","tag-pt"],"share_on_mastodon":{"url":"https:\/\/pubeurope.com\/@pt\/117209358367069755","error":""},"_links":{"self":[{"href":"https:\/\/www.europesays.com\/pt\/wp-json\/wp\/v2\/posts\/510980","targetHints":{"allow":["GET"]}}],"collection":[{"href":"https:\/\/www.europesays.com\/pt\/wp-json\/wp\/v2\/posts"}],"about":[{"href":"https:\/\/www.europesays.com\/pt\/wp-json\/wp\/v2\/types\/post"}],"author":[{"embeddable":true,"href":"https:\/\/www.europesays.com\/pt\/wp-json\/wp\/v2\/users\/2"}],"replies":[{"embeddable":true,"href":"https:\/\/www.europesays.com\/pt\/wp-json\/wp\/v2\/comments?post=510980"}],"version-history":[{"count":0,"href":"https:\/\/www.europesays.com\/pt\/wp-json\/wp\/v2\/posts\/510980\/revisions"}],"wp:featuredmedia":[{"embeddable":true,"href":"https:\/\/www.europesays.com\/pt\/wp-json\/wp\/v2\/media\/510981"}],"wp:attachment":[{"href":"https:\/\/www.europesays.com\/pt\/wp-json\/wp\/v2\/media?parent=510980"}],"wp:term":[{"taxonomy":"category","embeddable":true,"href":"https:\/\/www.europesays.com\/pt\/wp-json\/wp\/v2\/categories?post=510980"},{"taxonomy":"post_tag","embeddable":true,"href":"https:\/\/www.europesays.com\/pt\/wp-json\/wp\/v2\/tags?post=510980"}],"curies":[{"name":"wp","href":"https:\/\/api.w.org\/{rel}","templated":true}]}}