{"id":511000,"date":"2026-09-03T22:14:23","date_gmt":"2026-09-03T22:14:23","guid":{"rendered":"https:\/\/www.europesays.com\/pt\/511000\/"},"modified":"2026-09-03T22:14:23","modified_gmt":"2026-09-03T22:14:23","slug":"espanha-dezenas-de-milhares-manifestam-se-em-madrid-por-ceuta-e-contra-o-governo","status":"publish","type":"post","link":"https:\/\/www.europesays.com\/pt\/511000\/","title":{"rendered":"Espanha: dezenas de milhares manifestam-se em Madrid por Ceuta e contra o governo"},"content":{"rendered":"<p>Dezenas de milhares de pessoas concentraram-se esta quarta-feira na pra\u00e7a de Cibeles <strong>em apoio \u00e0 cidade de Ceuta<\/strong>, numa mobiliza\u00e7\u00e3o integrada numa jornada de protestos que decorreu em paralelo \u00e0 celebra\u00e7\u00e3o do dia oficial do exclave espanhol.<\/p>\n<p>          <img decoding=\"async\" class=\"c-ad__placeholder__logo\" src=\"https:\/\/static.euronews.com\/website\/images\/logos\/logo-euronews-stacked-outlined-72x72-grey-9.svg\" width=\"72\" height=\"72\" alt=\"\" loading=\"lazy\"\/><br \/>\n          PUBLICIDADE<\/p>\n<p>          <img decoding=\"async\" class=\"c-ad__placeholder__logo\" src=\"https:\/\/static.euronews.com\/website\/images\/logos\/logo-euronews-stacked-outlined-72x72-grey-9.svg\" width=\"72\" height=\"72\" alt=\"\" loading=\"lazy\"\/><br \/>\n          PUBLICIDADE<\/p>\n<p>A iniciativa exigia a defesa da soberania da cidade aut\u00f3noma e <strong>questionava a atua\u00e7\u00e3o do governo<\/strong> perante a crise migrat\u00f3ria desencadeada pela entrada simult\u00e2nea de cerca de 80.000 imigrantes na cidade aut\u00f3noma, no passado m\u00eas de julho.<\/p>\n<p>\u201cConsideramos que este Governo n\u00e3o a apoia, quando \u00e9 mais uma zona de Espanha e tem de ser defendida acima de tudo\u201d, lamentava <strong>Antonio<\/strong> em declara\u00e7\u00f5es a Euronews, que se deslocou ao centro da capital para mostrar o seu apoio ao exclave. \u201cParece que apoia mais os interesses de Marrocos do que os interesses de Espanha e \u00e9 uma situa\u00e7\u00e3o que n\u00e3o se compreende (\u2026) Entre todos temos de defender Ceuta e Melilla, e todas as cidades que pertencem a Espanha, acima de tudo\u201d<\/p>\n<p>A concentra\u00e7\u00e3o madrilena, inicialmente pensada como um ato da Federa\u00e7\u00e3o Espanhola de Munic\u00edpios e Prov\u00edncias (FEMP), ganhou um marcado cariz pol\u00edtico. Segundo o governo espanhol, cerca de <strong>50.000 pessoas<\/strong> participaram no protesto, onde foram exibidos cartazes em defesa de Ceuta e entoadas palavras de ordem contra o Executivo.<\/p>\n<p>Entre os presentes estavam o l\u00edder do Partido Popular, <strong>Alberto N\u00fa\u00f1ez Feij\u00f3o<\/strong>, o presidente do Vox, <strong>Santiago Abascal<\/strong>, a presidente da Comunidade de Madrid, <strong>Isabel D\u00edaz Ayuso<\/strong>, e o presidente da c\u00e2mara de Madrid, <strong>Jos\u00e9 Luis Mart\u00ednez-Almeida<\/strong>. Durante o ato foi lido um manifesto em defesa da espanholidade de Ceuta e da integridade territorial de Espanha.<\/p>\n<p>A mobiliza\u00e7\u00e3o, uma das realizadas em <strong>260 munic\u00edpios espanh\u00f3is<\/strong> ao longo do dia, contou com a participa\u00e7\u00e3o de cidad\u00e3os vindos de v\u00e1rios pontos da Comunidade de Madrid.<\/p>\n<p><strong>Alfonso<\/strong>, um jovem de Majadahonda, criticou a resposta do Governo de <strong>Pedro S\u00e1nchez<\/strong> perante a situa\u00e7\u00e3o da cidade aut\u00f3noma: \u201cS\u00e1nchez n\u00e3o se ocupou de nada. <strong>N\u00e3o teve coragem de se deslocar at\u00e9 l\u00e1<\/strong>, enquanto o PP teve coragem de ir e ver a situa\u00e7\u00e3o em que est\u00e1 Ceuta, algo que S\u00e1nchez n\u00e3o fez\u201d.<\/p>\n<p><strong>Eduardo<\/strong>, outro dos participantes, defendeu o car\u00e1cter espanhol da cidade aut\u00f3noma e manifestou preocupa\u00e7\u00e3o com uma poss\u00edvel extens\u00e3o da crise: \u201cCeuta \u00e9 espanhola e tem sido historicamente (&#8230;) <strong>nunca foi marroquina nem pertenceu aos reinos alau\u00edtas<\/strong> e n\u00e3o sei a que \u00e9 que responde esta invas\u00e3o, que depois pode seguir para Melilla, Can\u00e1rias, ou Al-Andalus, etc. Portanto, ou defendes a tua casa ou n\u00e3o h\u00e1 solu\u00e7\u00e3o\u201d.<\/p>\n<p>A concentra\u00e7\u00e3o acontece mais de <a href=\"https:\/\/pt.euronews.com\/2026\/07\/30\/espanha-e-marrocos-acordam-devolucao-urgente-dos-ultimos-migrantes-chegados-a-ceuta\" rel=\"nofollow noopener\" target=\"_blank\">um m\u00eas depois da entrada em larga escala de migrantes em Ceuta<\/a>, nos dias 30 e 31 de julho. Esses acontecimentos provocaram forte tens\u00e3o na cidade aut\u00f3noma e mant\u00eam aberto o debate pol\u00edtico sobre a gest\u00e3o da crise e a rela\u00e7\u00e3o com Marrocos.<\/p>\n<p>Relat\u00f3rio policial aumenta tens\u00e3o no debate<\/p>\n<p>O protesto coincide ainda com <a href=\"https:\/\/pt.euronews.com\/2026\/09\/02\/relatorio-diz-que-agentes-marroquinos-orientaram-entrada-em-ceuta\" rel=\"nofollow noopener\" target=\"_blank\">a pol\u00e9mica em torno de um relat\u00f3rio do Centro Nacional de Imigra\u00e7\u00e3o e Fronteiras (Cenif)<\/a> sobre esses acontecimentos. Segundo revelou o jornal El Espa\u00f1ol, o documento inclui 32 fotografias de agentes marroquinos, fardados e \u00e0 civil, identificados durante a entrada e <strong>apontados pelo poss\u00edvel papel de coordena\u00e7\u00e3o no terreno<\/strong>.<\/p>\n<p>O relat\u00f3rio afirma que alguns agentes ter\u00e3o orientado as pessoas que cruzavam a fronteira e que certos <strong>indiv\u00edduos \u00e0 civil<\/strong> evidenciavam comportamentos de lideran\u00e7a e coordena\u00e7\u00e3o. No entanto, o diretor-geral da Pol\u00edcia, <strong>Francisco Pardo<\/strong>, transmitiu posteriormente ao ministro da Administra\u00e7\u00e3o Interna, <strong>Fernando Grande-Marlaska<\/strong>, que n\u00e3o existe qualquer relat\u00f3rio policial que atribua \u00e0s for\u00e7as de seguran\u00e7a marroquinas a planifica\u00e7\u00e3o ou execu\u00e7\u00e3o da entrada de migrantes.<\/p>\n","protected":false},"excerpt":{"rendered":"Dezenas de milhares de pessoas concentraram-se esta quarta-feira na pra\u00e7a de Cibeles em apoio \u00e0 cidade de Ceuta,&hellip;\n","protected":false},"author":2,"featured_media":511001,"comment_status":"","ping_status":"","sticky":false,"template":"","format":"standard","meta":{"footnotes":"","_share_on_mastodon":"0"},"categories":[50],"tags":[27,28,9087,45942,640,15,16,14,25,26,21,22,62,12,13,19,20,17553,23,24,17,18,29,30,31,63,64,65],"class_list":["post-511000","post","type-post","status-publish","format-standard","has-post-thumbnail","category-mundo","tag-breaking-news","tag-breakingnews","tag-ceuta","tag-crise-migrantes-e-refugiados","tag-espanha","tag-featured-news","tag-featurednews","tag-headlines","tag-latest-news","tag-latestnews","tag-main-news","tag-mainnews","tag-mundo","tag-news","tag-noticias","tag-noticias-principais","tag-noticiasprincipais","tag-pedro-sanchez","tag-principais-noticias","tag-principaisnoticias","tag-top-stories","tag-topstories","tag-ultimas","tag-ultimas-noticias","tag-ultimasnoticias","tag-world","tag-world-news","tag-worldnews"],"share_on_mastodon":{"url":"https:\/\/pubeurope.com\/@pt\/117209417210992265","error":""},"_links":{"self":[{"href":"https:\/\/www.europesays.com\/pt\/wp-json\/wp\/v2\/posts\/511000","targetHints":{"allow":["GET"]}}],"collection":[{"href":"https:\/\/www.europesays.com\/pt\/wp-json\/wp\/v2\/posts"}],"about":[{"href":"https:\/\/www.europesays.com\/pt\/wp-json\/wp\/v2\/types\/post"}],"author":[{"embeddable":true,"href":"https:\/\/www.europesays.com\/pt\/wp-json\/wp\/v2\/users\/2"}],"replies":[{"embeddable":true,"href":"https:\/\/www.europesays.com\/pt\/wp-json\/wp\/v2\/comments?post=511000"}],"version-history":[{"count":0,"href":"https:\/\/www.europesays.com\/pt\/wp-json\/wp\/v2\/posts\/511000\/revisions"}],"wp:featuredmedia":[{"embeddable":true,"href":"https:\/\/www.europesays.com\/pt\/wp-json\/wp\/v2\/media\/511001"}],"wp:attachment":[{"href":"https:\/\/www.europesays.com\/pt\/wp-json\/wp\/v2\/media?parent=511000"}],"wp:term":[{"taxonomy":"category","embeddable":true,"href":"https:\/\/www.europesays.com\/pt\/wp-json\/wp\/v2\/categories?post=511000"},{"taxonomy":"post_tag","embeddable":true,"href":"https:\/\/www.europesays.com\/pt\/wp-json\/wp\/v2\/tags?post=511000"}],"curies":[{"name":"wp","href":"https:\/\/api.w.org\/{rel}","templated":true}]}}