{"id":511019,"date":"2026-09-03T22:28:28","date_gmt":"2026-09-03T22:28:28","guid":{"rendered":"https:\/\/www.europesays.com\/pt\/511019\/"},"modified":"2026-09-03T22:28:28","modified_gmt":"2026-09-03T22:28:28","slug":"tiroteio-em-minneapolis-faz-multiplas-vitimas-incluindo-dois-policias","status":"publish","type":"post","link":"https:\/\/www.europesays.com\/pt\/511019\/","title":{"rendered":"Tiroteio em Minneapolis faz &#8220;m\u00faltiplas v\u00edtimas&#8221;, incluindo dois pol\u00edcias"},"content":{"rendered":"<p>                Autarquia da cidade pediu aos habitantes para evitarem a zona da ocorr\u00eancia<\/p>\n<p>Um tiroteio na baixa da cidade norte-americana de Minneapolis, no estado do Minnesota, fez esta quarta-feira &#8220;m\u00faltiplas v\u00edtimas&#8221;, incluindo dois pol\u00edcias, adiantou a administra\u00e7\u00e3o da cidade nas redes sociais.<\/p>\n<p>&#8220;O Departamento de Pol\u00edcia de Minneapolis encontra-se no local de um tiroteio na zona da 15 E Grant St., que envolve v\u00e1rias v\u00edtimas, incluindo dois agentes da pol\u00edcia. Por favor, evitem a zona&#8221;, pode ler-se na publica\u00e7\u00e3o.<\/p>\n<blockquote class=\"twitter-tweet\">\n<p lang=\"en\">The Minneapolis Police Department is on the scene of a shooting in the area of 15 E Grant St. involving multiple victims, including two police officers. Please avoid the area. Additional information will be provided as it becomes available.<\/p>\n<p> \u2014 City of Minneapolis (@CityMinneapolis) <a href=\"https:\/\/x.com\/CityMinneapolis\/status\/2095273208366714945?ref_src=twsrc%5Etfw\" rel=\"nofollow\">September 2, 2026<\/a>\n<\/p><\/blockquote>\n","protected":false},"excerpt":{"rendered":"Autarquia da cidade pediu aos habitantes para evitarem a zona da ocorr\u00eancia Um tiroteio na baixa da cidade&hellip;\n","protected":false},"author":2,"featured_media":511020,"comment_status":"","ping_status":"","sticky":false,"template":"","format":"standard","meta":{"footnotes":"","_share_on_mastodon":"0"},"categories":[50],"tags":[609,836,611,27,28,607,608,333,832,604,135,610,476,15,16,301,830,14,603,25,26,570,21,22,831,833,42708,14198,62,834,12,13,19,20,835,602,26772,52,32,23,24,3512,17,18,29,30,31,63,64,65],"class_list":["post-511019","post","type-post","status-publish","format-standard","has-post-thumbnail","category-mundo","tag-alerta","tag-analise","tag-ao-minuto","tag-breaking-news","tag-breakingnews","tag-cnn","tag-cnn-portugal","tag-comentadores","tag-costa","tag-crime","tag-desporto","tag-direto","tag-economia","tag-featured-news","tag-featurednews","tag-governo","tag-guerra","tag-headlines","tag-justica","tag-latest-news","tag-latestnews","tag-live","tag-main-news","tag-mainnews","tag-mais-vistas","tag-marcelo","tag-minneapolis","tag-minnesota","tag-mundo","tag-negocios","tag-news","tag-noticias","tag-noticias-principais","tag-noticiasprincipais","tag-opiniao","tag-pais","tag-policias","tag-politica","tag-portugal","tag-principais-noticias","tag-principaisnoticias","tag-tiroteio","tag-top-stories","tag-topstories","tag-ultimas","tag-ultimas-noticias","tag-ultimasnoticias","tag-world","tag-world-news","tag-worldnews"],"share_on_mastodon":{"url":"","error":"Validation failed: Text character limit of 500 exceeded"},"_links":{"self":[{"href":"https:\/\/www.europesays.com\/pt\/wp-json\/wp\/v2\/posts\/511019","targetHints":{"allow":["GET"]}}],"collection":[{"href":"https:\/\/www.europesays.com\/pt\/wp-json\/wp\/v2\/posts"}],"about":[{"href":"https:\/\/www.europesays.com\/pt\/wp-json\/wp\/v2\/types\/post"}],"author":[{"embeddable":true,"href":"https:\/\/www.europesays.com\/pt\/wp-json\/wp\/v2\/users\/2"}],"replies":[{"embeddable":true,"href":"https:\/\/www.europesays.com\/pt\/wp-json\/wp\/v2\/comments?post=511019"}],"version-history":[{"count":0,"href":"https:\/\/www.europesays.com\/pt\/wp-json\/wp\/v2\/posts\/511019\/revisions"}],"wp:featuredmedia":[{"embeddable":true,"href":"https:\/\/www.europesays.com\/pt\/wp-json\/wp\/v2\/media\/511020"}],"wp:attachment":[{"href":"https:\/\/www.europesays.com\/pt\/wp-json\/wp\/v2\/media?parent=511019"}],"wp:term":[{"taxonomy":"category","embeddable":true,"href":"https:\/\/www.europesays.com\/pt\/wp-json\/wp\/v2\/categories?post=511019"},{"taxonomy":"post_tag","embeddable":true,"href":"https:\/\/www.europesays.com\/pt\/wp-json\/wp\/v2\/tags?post=511019"}],"curies":[{"name":"wp","href":"https:\/\/api.w.org\/{rel}","templated":true}]}}