{"id":511025,"date":"2026-09-03T22:32:23","date_gmt":"2026-09-03T22:32:23","guid":{"rendered":"https:\/\/www.europesays.com\/pt\/511025\/"},"modified":"2026-09-03T22:32:23","modified_gmt":"2026-09-03T22:32:23","slug":"casa-eco-mateus-castilho-arquitetura","status":"publish","type":"post","link":"https:\/\/www.europesays.com\/pt\/511025\/","title":{"rendered":"Casa Eco \/ Mateus Castilho Arquitetura"},"content":{"rendered":"<p><a class=\"js-image-size__link \" href=\"https:\/\/www.archdaily.com\/pt\/1184169\/casa-eco-mateus-castilho-arquitetura\/6a91c4cba25c7b000125fdb4-casa-eco-mateus-castilho-arquitetura-foto\" rel=\"attachment nofollow noopener\" style=\"width: 100%;\" target=\"_blank\"><img decoding=\"async\" alt=\"Casa Eco \/ Mateus Castilho Arquitetura - Imagem 1 de 24\" data-nr-picture-id=\"6a91c4cba25c7b000125fdb4\" fetchpriority=\"high\" height=\"274\" itemprop=\"image\" loading=\"eager\" longdesc=\"https:\/\/www.archdaily.com\/pt\/1184169\/casa-eco-mateus-castilho-arquitetura\/6a91c4cba25c7b000125fdb4-casa-eco-mateus-castilho-arquitetura-foto\" src=\"https:\/\/www.europesays.com\/pt\/wp-content\/uploads\/2026\/09\/04_08A7840-Pano-Edit_copyright_manuel_sa_0.jpg\" style=\"min-height: var(--featured-height, auto); aspect-ratio: auto 640 \/ 274\" width=\"640\"\/><\/a>\u00a9 Manuel S\u00e1<\/p>\n<p class=\"thumbs afd-desktop-e\"><a class=\"thumbs__link\" data-nr-picture-id=\"6a91c4cba25c7b000125fdb2\" href=\"https:\/\/www.archdaily.com\/pt\/1184169\/casa-eco-mateus-castilho-arquitetura\/6a91c4cba25c7b000125fdb2-casa-eco-mateus-castilho-arquitetura-foto\" rel=\"attachment nofollow noopener\" target=\"_blank\"><img loading=\"lazy\" decoding=\"async\" alt=\"Casa Eco \/ Mateus Castilho Arquitetura - Fotografia de Interiores, Balc\u00e3o\" class=\"thumbs__img b-lazy\" data-nr-picture-id=\"6a91c4cba25c7b000125fdb2\" data-pin-nopin=\"true\" src=\"https:\/\/www.europesays.com\/pt\/wp-content\/uploads\/2026\/09\/02_08A7864-Edit_copyright_manuel_sa_0.jpg\" height=\"125\" longdesc=\"https:\/\/www.archdaily.com\/pt\/1184169\/casa-eco-mateus-castilho-arquitetura\/6a91c4cba25c7b000125fdb2-casa-eco-mateus-castilho-arquitetura-foto\" title=\"\u00a9 Manuel S\u00e1\" width=\"125\"\/><\/a><a class=\"thumbs__link\" data-nr-picture-id=\"6a91c4cba25c7b000125fdb5\" href=\"https:\/\/www.archdaily.com\/pt\/1184169\/casa-eco-mateus-castilho-arquitetura\/6a91c4cba25c7b000125fdb5-casa-eco-mateus-castilho-arquitetura-foto\" rel=\"attachment nofollow noopener\" target=\"_blank\"><img loading=\"lazy\" decoding=\"async\" alt=\"Casa Eco \/ Mateus Castilho Arquitetura - Fotografia de Exterior\" class=\"thumbs__img b-lazy\" data-nr-picture-id=\"6a91c4cba25c7b000125fdb5\" data-pin-nopin=\"true\" src=\"https:\/\/www.europesays.com\/pt\/wp-content\/uploads\/2026\/09\/05_08A7843-Edit_copyright_manuel_sa_0.jpg\" height=\"125\" longdesc=\"https:\/\/www.archdaily.com\/pt\/1184169\/casa-eco-mateus-castilho-arquitetura\/6a91c4cba25c7b000125fdb5-casa-eco-mateus-castilho-arquitetura-foto\" title=\"\u00a9 Manuel S\u00e1\" width=\"125\"\/><\/a><a class=\"thumbs__link\" data-nr-picture-id=\"6a91c4cca25c7b000125fdbb\" href=\"https:\/\/www.archdaily.com\/pt\/1184169\/casa-eco-mateus-castilho-arquitetura\/6a91c4cca25c7b000125fdbb-casa-eco-mateus-castilho-arquitetura-foto\" rel=\"attachment nofollow noopener\" target=\"_blank\"><img loading=\"lazy\" decoding=\"async\" alt=\"Casa Eco \/ Mateus Castilho Arquitetura - Fotografia de Interiores, Sala de Estar\" class=\"thumbs__img b-lazy\" data-nr-picture-id=\"6a91c4cca25c7b000125fdbb\" data-pin-nopin=\"true\" src=\"https:\/\/www.europesays.com\/pt\/wp-content\/uploads\/2026\/09\/11_08A7798-Pano_copyright_manuel_sa_0.jpg\" height=\"125\" longdesc=\"https:\/\/www.archdaily.com\/pt\/1184169\/casa-eco-mateus-castilho-arquitetura\/6a91c4cca25c7b000125fdbb-casa-eco-mateus-castilho-arquitetura-foto\" title=\"\u00a9 Manuel S\u00e1\" width=\"125\"\/><\/a><a class=\"thumbs__link\" data-nr-picture-id=\"6a91c4cca25c7b000125fdb9\" href=\"https:\/\/www.archdaily.com\/pt\/1184169\/casa-eco-mateus-castilho-arquitetura\/6a91c4cca25c7b000125fdb9-casa-eco-mateus-castilho-arquitetura-foto\" rel=\"attachment nofollow noopener\" target=\"_blank\"><img loading=\"lazy\" decoding=\"async\" alt=\"Casa Eco \/ Mateus Castilho Arquitetura - Fotografia de Interiores, Viga\" class=\"thumbs__img b-lazy\" data-nr-picture-id=\"6a91c4cca25c7b000125fdb9\" data-pin-nopin=\"true\" src=\"https:\/\/www.europesays.com\/pt\/wp-content\/uploads\/2026\/09\/08_08A7972-Pano_copyright_manuel_sa_0.jpg\" height=\"125\" longdesc=\"https:\/\/www.archdaily.com\/pt\/1184169\/casa-eco-mateus-castilho-arquitetura\/6a91c4cca25c7b000125fdb9-casa-eco-mateus-castilho-arquitetura-foto\" title=\"\u00a9 Manuel S\u00e1\" width=\"125\"\/><\/a><a class=\"thumbs__link afd-desktop-e\" href=\"https:\/\/www.archdaily.com\/pt\/1184169\/casa-eco-mateus-castilho-arquitetura\/6a91c4cba25c7b000125fdb4-casa-eco-mateus-castilho-arquitetura-foto\" rel=\"nofollow noopener\" target=\"_blank\"><img decoding=\"async\" alt=\"Casa Eco \/ Mateus Castilho Arquitetura - Mais Imagens\" class=\"thumbs__img b-lazy\" src=\"https:\/\/www.europesays.com\/pt\/wp-content\/uploads\/2026\/09\/04_08A7840-Pano-Edit_copyright_manuel_sa_0.jpg\" itemprop=\"image\" bad-src=\"data:image\/gif;base64,R0lGODlhAQABAIAAAAUEBAAAACwAAAAAAQABAAACAkQBADs=\"\/>+ 19<\/a><\/p>\n<p class=\"article-meta__author\">Curadoria de <strong>Susanna Moreira<\/strong><\/p>\n<p>    Compartilhar<\/p>\n<p>Compartilhar<\/p>\n<ul class=\"afd-share__networks clearfix\">\n<li class=\"afd-share__social\"><a aria-label=\"Facebook\" class=\"afd-share__button\" data-insights-category=\"share\" data-insights-label=\"facebook_sharing_options\" data-insights-value=\"1184169\" data-social=\"facebook\" href=\"https:\/\/www.facebook.com\/sharer\/sharer.php?u=https:\/\/www.archdaily.com.br\/pt\/1184169\/casa-eco-mateus-castilho-arquitetura\" rel=\"nofollow noopener\" target=\"_blank\"><\/a>\n<p>Facebook<\/p>\n<\/li>\n<li class=\"afd-share__social\"><a aria-label=\"Twitter\" class=\"afd-share__button\" data-insights-category=\"share\" data-insights-label=\"twitter_sharing_options\" data-insights-value=\"1184169\" data-social=\"twitter\" href=\"https:\/\/twitter.com\/intent\/tweet?text=Casa%20Eco%20%2F%20Mateus%20Castilho%20Arquitetura&amp;url=https:\/\/www.archdaily.com.br\/pt\/1184169\/casa-eco-mateus-castilho-arquitetura&amp;via=archdailybr\" rel=\"nofollow noopener\" target=\"_blank\"><\/a>\n<p>Twitter<\/p>\n<\/li>\n<li class=\"afd-share__social\"><a class=\"afd-share__button\" data-insights-category=\"share\" data-insights-label=\"email_sharing_options\" data-insights-value=\"1184169\" data-social=\"email\" href=\"mailto:?subject=Casa Eco \/ Mateus Castilho Arquitetura&amp;body=https:\/\/www.archdaily.com.br\/pt\/1184169\/casa-eco-mateus-castilho-arquitetura\"><\/a>\n<p>Mail<\/p>\n<\/li>\n<li class=\"afd-share__social\"><a aria-label=\"Pinterest\" class=\"afd-share__button\" data-insights-category=\"share\" data-insights-label=\"pinterest_sharing_options\" data-insights-value=\"1184169\" data-social=\"pinterest\" href=\"https:\/\/pinterest.com\/pin\/create\/button\/?url=https%3A%2F%2Fwww.archdaily.com.br%2Fpt%2F1184169%2Fcasa-eco-mateus-castilho-arquitetura&amp;media=https%3A%2F%2Fimages.adsttc.com%2Fmedia%2Fimages%2F6a91%2Fc4cb%2Fa25c%2F7b00%2F0125%2Ffdb4%2Flarge_jpg%2F04_08A7840-Pano-Edit_copyright_manuel_sa_0.jpg%3F1787938163&amp;description=Casa%20Eco%20%2F%20Mateus%20Castilho%20Arquitetura\" rel=\"nofollow noopener\" target=\"_blank\"><\/a>\n<p>Pinterest<\/p>\n<\/li>\n<li class=\"afd-share__social\"><a aria-label=\"Whatsapp\" class=\"afd-share__button\" data-action=\"share\/whatsapp\/share\" data-insights-category=\"share\" data-insights-label=\"whatsapp_sharing_options\" data-insights-value=\"1184169\" data-social=\"whatsapp\" href=\"whatsapp:\/\/send?text=Casa+Eco+%2F+Mateus+Castilho+Arquitetura+%7C+https%3A%2F%2Fwww.archdaily.com.br%2Fpt%2F1184169%2Fcasa-eco-mateus-castilho-arquitetura%3Futm_source%3DWhatsapp%26utm_medium%3DIM%26utm_campaign%3Dshare-button\" rel=\"nofollow\"><\/a>\n<p>Whatsapp<\/p>\n<\/li>\n<\/ul>\n<p>Ou<\/p>\n<p>https:\/\/www.archdaily.com.br\/pt\/1184169\/casa-eco-mateus-castilho-arquitetura<\/p>\n<ul class=\"afd-char-list afd-specs__item-container js-char-list\" wp_automatic_readability=\"-1.2857142857143\">\n<li class=\"afd-specs__item\">\n<\/li>\n<li class=\"afd-specs__item\">\n  \u00c1rea<br \/>\n  \u00c1rea deste projeto de arquitetura<\/p>\n<p>\u00c1rea:\u00a0<br \/>\n        <a href=\"https:\/\/www.archdaily.com\/search\/pt\/projects\/min_area\/440\/max_area\/660?ad_name=project-specs&amp;ad_medium=single\" rel=\"nofollow noopener\" target=\"_blank\">550<\/a> m\u00b2<\/li>\n<li class=\"afd-specs__item\">\n<p>  Ano<br \/>\n  Ano de conclus\u00e3o deste projeto de arquitetura<\/p>\n<p>            Ano:\u00a0<\/p>\n<p>                    <a href=\"https:\/\/www.archdaily.com\/search\/pt\/projects\/year\/2025?ad_name=project-specs&amp;ad_medium=single\" rel=\"nofollow noopener\" target=\"_blank\"><br \/>\n          2025<br \/>\n        <\/a><\/p>\n<\/li>\n<li class=\"afd-specs__item\">\n<p>  Fot\u00f3grafo<\/p>\n<\/li>\n<li class=\"afd-specs__item\" wp_automatic_readability=\"0\">\n<p>  Fabricantes<br \/>\n  Marcas com produtos usados neste projeto de arquitetura<\/p>\n<p>Fabricantes: \u00a0Agnaldo Martins, Vito Quintans <\/p>\n<\/li>\n<\/ul>\n<p><a class=\"js-image-size__link lazy-anchor\" href=\"https:\/\/www.archdaily.com\/pt\/1184169\/casa-eco-mateus-castilho-arquitetura\/6a91c4cba25c7b000125fdb0-casa-eco-mateus-castilho-arquitetura-foto\" rel=\"nofollow noopener\" target=\"_blank\"><img decoding=\"async\" alt=\"Casa Eco \/ Mateus Castilho Arquitetura - Imagem 6 de 24\" data-nr-picture-id=\"6a91c4cba25c7b000125fdb0\" height=\"427\" itemprop=\"image\" loading=\"lazy\" longdesc=\"https:\/\/www.archdaily.com\/pt\/1184169\/casa-eco-mateus-castilho-arquitetura\/6a91c4cba25c7b000125fdb0-casa-eco-mateus-castilho-arquitetura-foto\" src=\"https:\/\/www.europesays.com\/pt\/wp-content\/uploads\/2026\/09\/01_08A7858_copyright_manuel_sa_0.jpg\" width=\"640\"\/>\u00a9 Manuel S\u00e1<\/a><\/p>\n<p>Descri\u00e7\u00e3o enviada pela equipe de projeto. A Casa Eco come\u00e7ou a ser concebida em 2020, a partir do desejo de um casal por uma resid\u00eancia de veraneio destinada ao descanso e ao conv\u00edvio com familiares e amigos. O projeto nasceu ainda na escolha do terreno, realizada em parceria com o escrit\u00f3rio, e desde o in\u00edcio, teve como premissa ser uma casa acolhedora, aberta ao encontro e profundamente vinculada ao lugar.<\/p>\n<p><img decoding=\"async\" src=\"https:\/\/www.europesays.com\/pt\/wp-content\/uploads\/2026\/09\/1788474743_226_loader-blue.gif\" alt=\"Content Loader\" style=\"width: 40px; margin: 24px;\"\/><script async src=\"https:\/\/platform.twitter.com\/widgets.js\" charset=\"utf-8\"><\/script><\/p>\n","protected":false},"excerpt":{"rendered":"\u00a9 Manuel S\u00e1 + 19 Curadoria de Susanna Moreira Compartilhar Compartilhar Facebook Twitter Mail Pinterest Whatsapp Ou https:\/\/www.archdaily.com.br\/pt\/1184169\/casa-eco-mateus-castilho-arquitetura&hellip;\n","protected":false},"author":2,"featured_media":511026,"comment_status":"","ping_status":"","sticky":false,"template":"","format":"standard","meta":{"footnotes":"","_share_on_mastodon":"0"},"categories":[144],"tags":[304,361,207,205,206,203,201,202,362,204,114,115,32,33],"class_list":["post-511025","post","type-post","status-publish","format-standard","has-post-thumbnail","category-arte-e-design","tag-arquitetura","tag-arquitetura-residencial","tag-arte","tag-arte-e-design","tag-artedesign","tag-arts","tag-arts-and-design","tag-artsanddesign","tag-casas","tag-design","tag-entertainment","tag-entretenimento","tag-portugal","tag-pt"],"share_on_mastodon":{"url":"https:\/\/pubeurope.com\/@pt\/117209488083843049","error":""},"_links":{"self":[{"href":"https:\/\/www.europesays.com\/pt\/wp-json\/wp\/v2\/posts\/511025","targetHints":{"allow":["GET"]}}],"collection":[{"href":"https:\/\/www.europesays.com\/pt\/wp-json\/wp\/v2\/posts"}],"about":[{"href":"https:\/\/www.europesays.com\/pt\/wp-json\/wp\/v2\/types\/post"}],"author":[{"embeddable":true,"href":"https:\/\/www.europesays.com\/pt\/wp-json\/wp\/v2\/users\/2"}],"replies":[{"embeddable":true,"href":"https:\/\/www.europesays.com\/pt\/wp-json\/wp\/v2\/comments?post=511025"}],"version-history":[{"count":0,"href":"https:\/\/www.europesays.com\/pt\/wp-json\/wp\/v2\/posts\/511025\/revisions"}],"wp:featuredmedia":[{"embeddable":true,"href":"https:\/\/www.europesays.com\/pt\/wp-json\/wp\/v2\/media\/511026"}],"wp:attachment":[{"href":"https:\/\/www.europesays.com\/pt\/wp-json\/wp\/v2\/media?parent=511025"}],"wp:term":[{"taxonomy":"category","embeddable":true,"href":"https:\/\/www.europesays.com\/pt\/wp-json\/wp\/v2\/categories?post=511025"},{"taxonomy":"post_tag","embeddable":true,"href":"https:\/\/www.europesays.com\/pt\/wp-json\/wp\/v2\/tags?post=511025"}],"curies":[{"name":"wp","href":"https:\/\/api.w.org\/{rel}","templated":true}]}}