{"id":51103,"date":"2025-08-30T05:25:21","date_gmt":"2025-08-30T05:25:21","guid":{"rendered":"https:\/\/www.europesays.com\/pt\/51103\/"},"modified":"2025-08-30T05:25:21","modified_gmt":"2025-08-30T05:25:21","slug":"apos-rever-abusador-estela-sofre-mudanca","status":"publish","type":"post","link":"https:\/\/www.europesays.com\/pt\/51103\/","title":{"rendered":"Ap\u00f3s rever abusador, Estela sofre mudan\u00e7a"},"content":{"rendered":"<p class=\"bullet mt-0\" data-v-232111b4=\"\"><strong>Nas cenas seguintes, Estela perdoa Celso e os dois reatam.<\/strong><\/p>\n<p class=\"bullet\" data-v-232111b4=\"\"><strong>Ainda neste s\u00e1bado, Zulma tenta convencer Candinho a lhe dar uma chance, e Celso alerta o primo sobre ela. <\/strong>Depois, Zulma pensa em usar Zenaide e Sabi\u00e1 para se livrar de Ernesto. <\/p>\n<p class=\"bullet\" data-v-232111b4=\"\"><strong>Em outro n\u00facleo, Ol\u00edmpia sabota o concurso de rainha da r\u00e1dio para prejudicar Dita. <\/strong>Asdr\u00fabal tem uma ideia para ajudar Dita. Ao final, Tamires permite que Dita se apresente no Dancing.<\/p>\n<p class=\"bullet\" data-v-232111b4=\"\">A novela &#8220;\u00cata Mundo Melhor!&#8221;, escrita por Walcyr Carrasco, vai ao ar de segunda a s\u00e1bado, \u00e0s 18h20, na Globo. Confira o <a href=\"https:\/\/www.uol.com.br\/splash\/novelas\/eta-mundo-melhor-resumo-dos-capitulos-da-novela-da-globo.htm\" target=\"_blank\" rel=\"nofollow noopener\">resumo completo dos cap\u00edtulos aqui.<\/a><\/p>\n","protected":false},"excerpt":{"rendered":"Nas cenas seguintes, Estela perdoa Celso e os dois reatam. Ainda neste s\u00e1bado, Zulma tenta convencer Candinho a&hellip;\n","protected":false},"author":2,"featured_media":51104,"comment_status":"","ping_status":"","sticky":false,"template":"","format":"standard","meta":{"footnotes":""},"categories":[142],"tags":[114,115,32,33,151],"class_list":{"0":"post-51103","1":"post","2":"type-post","3":"status-publish","4":"format-standard","5":"has-post-thumbnail","7":"category-tv","8":"tag-entertainment","9":"tag-entretenimento","10":"tag-portugal","11":"tag-pt","12":"tag-tv"},"share_on_mastodon":{"url":"","error":""},"_links":{"self":[{"href":"https:\/\/www.europesays.com\/pt\/wp-json\/wp\/v2\/posts\/51103","targetHints":{"allow":["GET"]}}],"collection":[{"href":"https:\/\/www.europesays.com\/pt\/wp-json\/wp\/v2\/posts"}],"about":[{"href":"https:\/\/www.europesays.com\/pt\/wp-json\/wp\/v2\/types\/post"}],"author":[{"embeddable":true,"href":"https:\/\/www.europesays.com\/pt\/wp-json\/wp\/v2\/users\/2"}],"replies":[{"embeddable":true,"href":"https:\/\/www.europesays.com\/pt\/wp-json\/wp\/v2\/comments?post=51103"}],"version-history":[{"count":0,"href":"https:\/\/www.europesays.com\/pt\/wp-json\/wp\/v2\/posts\/51103\/revisions"}],"wp:featuredmedia":[{"embeddable":true,"href":"https:\/\/www.europesays.com\/pt\/wp-json\/wp\/v2\/media\/51104"}],"wp:attachment":[{"href":"https:\/\/www.europesays.com\/pt\/wp-json\/wp\/v2\/media?parent=51103"}],"wp:term":[{"taxonomy":"category","embeddable":true,"href":"https:\/\/www.europesays.com\/pt\/wp-json\/wp\/v2\/categories?post=51103"},{"taxonomy":"post_tag","embeddable":true,"href":"https:\/\/www.europesays.com\/pt\/wp-json\/wp\/v2\/tags?post=51103"}],"curies":[{"name":"wp","href":"https:\/\/api.w.org\/{rel}","templated":true}]}}