{"id":511037,"date":"2026-09-03T22:43:27","date_gmt":"2026-09-03T22:43:27","guid":{"rendered":"https:\/\/www.europesays.com\/pt\/511037\/"},"modified":"2026-09-03T22:43:27","modified_gmt":"2026-09-03T22:43:27","slug":"peticao-contra-revisao-da-carreira-dos-tecnicos-de-diagnostico-chega-a-ar","status":"publish","type":"post","link":"https:\/\/www.europesays.com\/pt\/511037\/","title":{"rendered":"Peti\u00e7\u00e3o contra revis\u00e3o da carreira dos t\u00e9cnicos de diagn\u00f3stico chega \u00e0 AR"},"content":{"rendered":"<p class=\"text-paragraph\">Sara Videira adiantou \u00e0 Lusa que a peti\u00e7\u00e3o, entregue na ter\u00e7a-feira com 8.675 assinaturas, pretende promover o debate parlamentar para permitir que seja alterado o &#8220;acordo de princ\u00edpio&#8221; alcan\u00e7ado entre o Minist\u00e9rio da Sa\u00fade e dois sindicatos sobre a nova carreira dos TSDT.<\/p>\n<p class=\"text-paragraph\">&#8220;Os partidos podem avan\u00e7ar com uma iniciativa legislativa e alterar o diploma que, entretanto, vai sair. Basicamente, queremos que esteja em conformidade com o que os profissionais pretendem&#8221;, salientou a t\u00e9cnica superior de diagn\u00f3stico e terap\u00eautica.<\/p>\n<p class=\"text-paragraph\">No final de julho, o Minist\u00e9rio da Sa\u00fade anunciou que chegou a acordo com o Sindicato dos T\u00e9cnicos Superiores de Diagn\u00f3stico e Terap\u00eautica (SINDITE) e o Sindicato dos Trabalhadores da Administra\u00e7\u00e3o P\u00fablica e de Entidades com Fins P\u00fablicos (SINTAP) para a valoriza\u00e7\u00e3o dos TSDT em 2026 e 2027, que passam a ser designados por especialistas das \u00e1reas de diagn\u00f3stico e terap\u00eautica.<\/p>\n<p class=\"text-paragraph\">Segundo Sara Videira, uma das mat\u00e9rias que os subscritores pretendem ver alterada tem a ver com os pontos para a progress\u00e3o na carreira, com a peti\u00e7\u00e3o a alertar que a proposta de acordo apresentada pelo Governo prev\u00ea que a transi\u00e7\u00e3o para a nova estrutura da carreira implique, em alguns casos, a sua perda.<\/p>\n<p class=\"text-paragraph\">Um dos principais motivos para rejeitar proposta &#8220;\u00e9 que noutras carreiras da sa\u00fade, como a enfermagem e a farmac\u00eautica, os pontos foram mantidos nos processos de revis\u00e3o e valoriza\u00e7\u00e3o das respetivas carreiras&#8221;, salienta a peti\u00e7\u00e3o.<\/p>\n<p class=\"text-paragraph\">&#8220;A maioria dos trabalhadores s\u00e3o contra as propostas, principalmente, a quebra de pontos. Esses pontos j\u00e1 foram at\u00e9 alvo de decis\u00f5es em tribunal para os obter&#8221;, real\u00e7ou a primeira subscritora da peti\u00e7\u00e3o.<\/p>\n<p class=\"text-paragraph\">Entre as principais reivindica\u00e7\u00f5es est\u00e1, assim, a salvaguarda da totalidade dos pontos acumulados na avalia\u00e7\u00e3o de desempenho, independentemente de o trabalhador j\u00e1 ter ou n\u00e3o atingido o n\u00famero necess\u00e1rio para alterar o seu posicionamento remunerat\u00f3rio.<\/p>\n<p class=\"text-paragraph\">Os peticion\u00e1rios defendem tamb\u00e9m uma estrutura remunerat\u00f3ria &#8220;mais coerente, previs\u00edvel e equilibrada&#8221; ao longo de toda a carreira, assente em progress\u00f5es uniformes de quatro n\u00edveis, assim como &#8220;clareza nas regras de transi\u00e7\u00e3o e de reposicionamento remunerat\u00f3rio&#8221;.<\/p>\n<p class=\"text-paragraph\">Sara Videira salientou ainda que a peti\u00e7\u00e3o n\u00e3o rejeita a revis\u00e3o da carreira, uma vez reconhece que constituiu uma oportunidade de valoriza\u00e7\u00e3o dos TSDT, mas pede que esse processo n\u00e3o seja feito \u00e0 &#8220;custa do m\u00e9rito j\u00e1 adquirido, dos pontos acumulados e das leg\u00edtimas expectativas de progress\u00e3o dos profissionais&#8221;.<\/p>\n<p class=\"text-paragraph\">Os TSDT integram 18 profiss\u00f5es do Servi\u00e7o Nacional de Sa\u00fade, desempenhando fun\u00e7\u00f5es nas \u00e1reas do diagn\u00f3stico, terap\u00eautica, reabilita\u00e7\u00e3o e preven\u00e7\u00e3o.<\/p>\n<p class=\"text-paragraph\">&#8220;Com a entrega da peti\u00e7\u00e3o na Assembleia da Rep\u00fablica, os subscritores esperam agora que a discuss\u00e3o parlamentar permita analisar de forma aprofundada as consequ\u00eancias da proposta e contribuir para uma solu\u00e7\u00e3o mais justa, equilibrada e sustent\u00e1vel para toda a carreira&#8221;, referiu.<\/p>\n<p class=\"text-paragraph\">Quando uma peti\u00e7\u00e3o \u00e9 entregue no parlamento com mais de 7.500 assinaturas, como \u00e9 o caso da apresentada sobre a carreira dos TSDT, \u00e9 apreciada em plen\u00e1rio.<\/p>\n<p>Leia Tamb\u00e9m: <a href=\"https:\/\/www.noticiasaominuto.com\/mundo\/3045115\/migracoes-ceuta-domina-rentree-espanhola-a-meses-de-eleicoes-e-leva-sanchez-ao-parlamento\" target=\"_blank\" rel=\"noopener noreferrer nofollow\">Ceuta domina &#8216;rentr\u00e9e&#8217; espanhola e leva S\u00e1nchez ao parlamento<\/a><\/p>\n","protected":false},"excerpt":{"rendered":"Sara Videira adiantou \u00e0 Lusa que a peti\u00e7\u00e3o, entregue na ter\u00e7a-feira com 8.675 assinaturas, pretende promover o debate&hellip;\n","protected":false},"author":2,"featured_media":511038,"comment_status":"","ping_status":"","sticky":false,"template":"","format":"standard","meta":{"footnotes":"","_share_on_mastodon":"0"},"categories":[50],"tags":[27,28,15,16,14,25,26,21,22,62,12,13,19,20,23,24,17,18,29,30,31,63,64,65],"class_list":["post-511037","post","type-post","status-publish","format-standard","has-post-thumbnail","category-mundo","tag-breaking-news","tag-breakingnews","tag-featured-news","tag-featurednews","tag-headlines","tag-latest-news","tag-latestnews","tag-main-news","tag-mainnews","tag-mundo","tag-news","tag-noticias","tag-noticias-principais","tag-noticiasprincipais","tag-principais-noticias","tag-principaisnoticias","tag-top-stories","tag-topstories","tag-ultimas","tag-ultimas-noticias","tag-ultimasnoticias","tag-world","tag-world-news","tag-worldnews"],"share_on_mastodon":{"url":"https:\/\/pubeurope.com\/@pt\/117209530743676321","error":""},"_links":{"self":[{"href":"https:\/\/www.europesays.com\/pt\/wp-json\/wp\/v2\/posts\/511037","targetHints":{"allow":["GET"]}}],"collection":[{"href":"https:\/\/www.europesays.com\/pt\/wp-json\/wp\/v2\/posts"}],"about":[{"href":"https:\/\/www.europesays.com\/pt\/wp-json\/wp\/v2\/types\/post"}],"author":[{"embeddable":true,"href":"https:\/\/www.europesays.com\/pt\/wp-json\/wp\/v2\/users\/2"}],"replies":[{"embeddable":true,"href":"https:\/\/www.europesays.com\/pt\/wp-json\/wp\/v2\/comments?post=511037"}],"version-history":[{"count":0,"href":"https:\/\/www.europesays.com\/pt\/wp-json\/wp\/v2\/posts\/511037\/revisions"}],"wp:featuredmedia":[{"embeddable":true,"href":"https:\/\/www.europesays.com\/pt\/wp-json\/wp\/v2\/media\/511038"}],"wp:attachment":[{"href":"https:\/\/www.europesays.com\/pt\/wp-json\/wp\/v2\/media?parent=511037"}],"wp:term":[{"taxonomy":"category","embeddable":true,"href":"https:\/\/www.europesays.com\/pt\/wp-json\/wp\/v2\/categories?post=511037"},{"taxonomy":"post_tag","embeddable":true,"href":"https:\/\/www.europesays.com\/pt\/wp-json\/wp\/v2\/tags?post=511037"}],"curies":[{"name":"wp","href":"https:\/\/api.w.org\/{rel}","templated":true}]}}