{"id":511043,"date":"2026-09-03T22:47:13","date_gmt":"2026-09-03T22:47:13","guid":{"rendered":"https:\/\/www.europesays.com\/pt\/511043\/"},"modified":"2026-09-03T22:47:13","modified_gmt":"2026-09-03T22:47:13","slug":"mostra-olhares-revela-a-cidade-por-outras-lentes","status":"publish","type":"post","link":"https:\/\/www.europesays.com\/pt\/511043\/","title":{"rendered":"Mostra &#8216;Olhares&#8217; revela a cidade por outras lentes"},"content":{"rendered":"<p class=\"texto\">H\u00e1 mais de 30 anos, F\u00e1bio Rog\u00e9rio encontra na fotografia uma forma de observar e registrar o mundo. Ao longo desse percurso, tornou-se um dos nomes mais tradicionais do fotojornalismo de Sorocaba e, h\u00e1 duas d\u00e9cadas, integra a equipe do jornal Cruzeiro do Sul. Agora, parte dessa experi\u00eancia se transforma em aprendizado compartilhado na exposi\u00e7\u00e3o &#8220;Olhares&#8221;, que est\u00e1 em cartaz no P\u00e1tio Cian\u00ea Shopping.<\/p>\n<p class=\"texto\">Com curadoria de F\u00e1bio, a mostra re\u00fane 28 fotografias produzidas por alunos do curso gratuito de fotografia da Biblioteca Comunit\u00e1ria &#8220;Milton Expedito&#8221;. O resultado apresenta diferentes maneiras de enxergar cenas, pessoas e situa\u00e7\u00f5es do cotidiano, a partir do olhar de quem est\u00e1 descobrindo ou aprimorando a linguagem fotogr\u00e1fica.<\/p>\n<p class=\"texto\">A exposi\u00e7\u00e3o \u00e9 gratuita e permanece no Bloco B do Piso 2 do P\u00e1tio Cian\u00ea at\u00e9 30 de setembro. A iniciativa tamb\u00e9m marca o Dia do Rep\u00f3rter Fotogr\u00e1fico, celebrado em 2 de setembro, e re\u00fane trabalhos de 14 alunos: Andr\u00e9 Camargo, Caroline Faustino, Juliano Postigo, Michele Dronov, M\u00e1rio Cesar Oliveira, Rudnei Vieira, Felipe Cust\u00f3dio, Alisson Zanella, Josu\u00e9 de Lima, L\u00edgia Molina, Fernando Heleno, Raquel Azevedo, Jorge Camargo e Daniel Ferranti Elias.<\/p>\n<p class=\"texto\">O curso \u00e9 resultado do trabalho volunt\u00e1rio de F\u00e1bio, que utiliza sua experi\u00eancia profissional para orientar os participantes na constru\u00e7\u00e3o de seus pr\u00f3prios registros. Mais do que ensinar t\u00e9cnicas, a proposta estimula a percep\u00e7\u00e3o sobre aquilo que est\u00e1 diante da c\u00e2mera e as diferentes possibilidades de transformar uma cena cotidiana em imagem.<\/p>\n<p>Tr\u00eas d\u00e9cadas atr\u00e1s da c\u00e2mera<\/p>\n<p class=\"texto\">A trajet\u00f3ria de F\u00e1bio Rog\u00e9rio na fotografia come\u00e7ou ainda jovem, como jornaleiro do Di\u00e1rio de Sorocaba. A partir dali, passou a atuar como laboratorista fotogr\u00e1fico e, posteriormente, teve a oportunidade de trabalhar como fot\u00f3grafo do jornal. Em 2002, chegou ao Cruzeiro do Sul, onde permanece at\u00e9 hoje, construindo uma carreira marcada pelo acompanhamento das transforma\u00e7\u00f5es de Sorocaba por meio das imagens.<\/p>\n<p class=\"texto\">Formado em Fotografia e p\u00f3s-graduado em Estilo, Comunica\u00e7\u00e3o e Produ\u00e7\u00e3o de Moda, F\u00e1bio tamb\u00e9m desenvolve trabalhos autorais. Em 2026, foi um dos contemplados pelo pr\u00eamio &#8220;Os Movimentos das Cidades&#8221;, com o projeto &#8220;Fotografia Terap\u00eautica&#8221;.<\/p>\n<p class=\"texto\">Em &#8220;Olhares&#8221;, no entanto, o protagonismo \u00e9 dos alunos e das diferentes perspectivas que eles apresentam. A exposi\u00e7\u00e3o evidencia justamente a capacidade da fotografia de revelar aspectos que podem passar despercebidos na rotina \u2014 e mostra como cada fot\u00f3grafo, mesmo diante de uma mesma realidade, pode construir uma maneira pr\u00f3pria de olhar. (Da Reda\u00e7\u00e3o)<\/p>\n<p class=\"texto\">\u00a0<\/p>\n","protected":false},"excerpt":{"rendered":"H\u00e1 mais de 30 anos, F\u00e1bio Rog\u00e9rio encontra na fotografia uma forma de observar e registrar o mundo.&hellip;\n","protected":false},"author":2,"featured_media":511044,"comment_status":"","ping_status":"","sticky":false,"template":"","format":"standard","meta":{"footnotes":"","_share_on_mastodon":"0"},"categories":[144],"tags":[207,205,206,203,201,202,204,114,115,32,33],"class_list":["post-511043","post","type-post","status-publish","format-standard","has-post-thumbnail","category-arte-e-design","tag-arte","tag-arte-e-design","tag-artedesign","tag-arts","tag-arts-and-design","tag-artsanddesign","tag-design","tag-entertainment","tag-entretenimento","tag-portugal","tag-pt"],"share_on_mastodon":{"url":"https:\/\/pubeurope.com\/@pt\/117209546439952485","error":""},"_links":{"self":[{"href":"https:\/\/www.europesays.com\/pt\/wp-json\/wp\/v2\/posts\/511043","targetHints":{"allow":["GET"]}}],"collection":[{"href":"https:\/\/www.europesays.com\/pt\/wp-json\/wp\/v2\/posts"}],"about":[{"href":"https:\/\/www.europesays.com\/pt\/wp-json\/wp\/v2\/types\/post"}],"author":[{"embeddable":true,"href":"https:\/\/www.europesays.com\/pt\/wp-json\/wp\/v2\/users\/2"}],"replies":[{"embeddable":true,"href":"https:\/\/www.europesays.com\/pt\/wp-json\/wp\/v2\/comments?post=511043"}],"version-history":[{"count":0,"href":"https:\/\/www.europesays.com\/pt\/wp-json\/wp\/v2\/posts\/511043\/revisions"}],"wp:featuredmedia":[{"embeddable":true,"href":"https:\/\/www.europesays.com\/pt\/wp-json\/wp\/v2\/media\/511044"}],"wp:attachment":[{"href":"https:\/\/www.europesays.com\/pt\/wp-json\/wp\/v2\/media?parent=511043"}],"wp:term":[{"taxonomy":"category","embeddable":true,"href":"https:\/\/www.europesays.com\/pt\/wp-json\/wp\/v2\/categories?post=511043"},{"taxonomy":"post_tag","embeddable":true,"href":"https:\/\/www.europesays.com\/pt\/wp-json\/wp\/v2\/tags?post=511043"}],"curies":[{"name":"wp","href":"https:\/\/api.w.org\/{rel}","templated":true}]}}