{"id":511055,"date":"2026-09-03T22:59:14","date_gmt":"2026-09-03T22:59:14","guid":{"rendered":"https:\/\/www.europesays.com\/pt\/511055\/"},"modified":"2026-09-03T22:59:14","modified_gmt":"2026-09-03T22:59:14","slug":"aguiar-branco-diz-que-esta-nao-e-a-primeira-vez-que-tem-duvidas-sobre-o-objeto-de-uma-cpi","status":"publish","type":"post","link":"https:\/\/www.europesays.com\/pt\/511055\/","title":{"rendered":"Aguiar-Branco diz que esta n\u00e3o \u00e9 a primeira vez que tem &#8220;d\u00favidas&#8221; sobre o objeto de uma CPI"},"content":{"rendered":"\n<p>&#13;<br \/>\n\u201cN\u00e3o \u00e9 a primeira vez que eu fiz as minhas observa\u00e7\u00f5es no que diz respeito \u00e0 necessidade de conformar aquilo que pedem com a interpreta\u00e7\u00e3o que eu, enquanto presidente da Assembleia da Rep\u00fablica, estou obrigado a fazer da conformidade do que \u00e9 o objeto de uma comiss\u00e3o de inqu\u00e9rito com o que \u00e9 a previs\u00e3o e possibilidade de constitucional de ela acontecer\u201d, explicou Aguiar-Branco aos jornalistas, durante a sua visita ao arquip\u00e9lago a\u00e7oriano, que est\u00e1 a efetuar para assinalar os 50 anos de autonomia dos A\u00e7ores e da Madeira.&#13;\n<\/p>\n<p>&#13;<br \/>\n<b>&#13;<br \/>\n\u201cLimito-me a fazer essa an\u00e1lise jur\u00eddica\u201d, acrescentou, afirmando estar \u201cconfiante\u201d que o Chega \u201cpoder\u00e1 compreender e aderir \u00e0s observa\u00e7\u00f5es que eu fiz\u201d.<\/b><br \/>&#13;\n<\/p>\n<p>          <img decoding=\"async\" itemprop=\"image\" class=\"img-fluid\"   src=\"https:\/\/www.europesays.com\/pt\/wp-content\/uploads\/2026\/09\/1788476354_689_antena1_default.png\"\/><\/p>\n<p><\/p>\n<p>&#13;<br \/>\n<b>Jos\u00e9 Pedro Aguiar-Branco pediu altera\u00e7\u00f5es ao texto da comiss\u00e3o parlamentar de inqu\u00e9rito sobre a a\u00e7\u00e3o do ministro da Administra\u00e7\u00e3o Interna, considerando que a delimita\u00e7\u00e3o do objeto e dos fundamentos s\u00e3o insuficientes e que, por isso, poder\u00e1 rejeitar o pedido do Chega.&#13;<br \/>\n<\/b>&#13;\n<\/p>\n<p>Aguiar Branco entende, por exemplo, que \u00e9 necess\u00e1rio especificar quais os atos e decis\u00f5es de Lu\u00eds Neves enquanto diretor nacional da PJ que s\u00e3o alvo desta comiss\u00e3o de inqu\u00e9rito, j\u00e1 que n\u00e3o se pode analisar tudo o que fez ao longo de oito anos.<\/p>\n<p>Nessa linha, considera tamb\u00e9m que \u00e9 necess\u00e1rio delimitar os contratos da sociedade ConstruBarcelos celebrados com o atual ministro da Administra\u00e7\u00e3o Interna.<br \/>&#13;\n<\/p>\n<p>&#13;<br \/>\n<b>\u201cA minha pondera\u00e7\u00e3o e avalia\u00e7\u00e3o n\u00e3o \u00e9 de oportunidade ou de bondade pol\u00edtica, \u00e9 de quest\u00f5es de natureza jur\u00eddica e constitucional\u201d, garantiu Aguiar-Branco.<\/b><br \/>&#13;\n<\/p>\n<p>          <img decoding=\"async\" itemprop=\"image\" class=\"img-fluid\"   src=\"https:\/\/www.europesays.com\/pt\/wp-content\/uploads\/2026\/09\/1788476354_689_antena1_default.png\"\/><\/p>\n<p>Andr\u00e9 Ventura j\u00e1 disse que n\u00e3o concorda com Aguiar-Branco, afirmando que \u00e9 preciso \u201cgarantir que h\u00e1 uma an\u00e1lise global \u00e0 imparcialidade e \u00e0 boa gest\u00e3o de Lu\u00eds Neves e de que n\u00e3o houve interfer\u00eancia e influ\u00eancia pol\u00edtica nestas decis\u00f5es\u201d e que \u201cisso s\u00f3 se pode fazer com um objeto de uma CPI suficientemente lato\u201d.<\/p>\n<p>Aguiar-Branco tamb\u00e9m revelou aos jornalistas que na pr\u00f3xima segunda-feira haver\u00e1 uma comiss\u00e3o permanente para convocar um plen\u00e1rio para discutir a mo\u00e7\u00e3o de censura ao Governo apresentada pelo Chega, que se realizar\u00e1 na ter\u00e7a-feira, 8 de agosto.&#13;\n<\/p>\n<p>          <img decoding=\"async\" itemprop=\"image\" class=\"img-fluid\"   src=\"https:\/\/www.europesays.com\/pt\/wp-content\/uploads\/2026\/09\/1788476354_689_antena1_default.png\"\/><\/p>\n","protected":false},"excerpt":{"rendered":"&#13; \u201cN\u00e3o \u00e9 a primeira vez que eu fiz as minhas observa\u00e7\u00f5es no que diz respeito \u00e0 necessidade&hellip;\n","protected":false},"author":2,"featured_media":511056,"comment_status":"","ping_status":"","sticky":false,"template":"","format":"standard","meta":{"footnotes":"","_share_on_mastodon":"0"},"categories":[8],"tags":[45113,27,28,1736,55863,15,16,14,25,26,21,22,12,13,19,20,32,23,24,33,17,18,29,30,31,7783],"class_list":["post-511055","post","type-post","status-publish","format-standard","has-post-thumbnail","category-principais-noticias","tag-aguiar-branco","tag-breaking-news","tag-breakingnews","tag-chega","tag-cpi","tag-featured-news","tag-featurednews","tag-headlines","tag-latest-news","tag-latestnews","tag-main-news","tag-mainnews","tag-news","tag-noticias","tag-noticias-principais","tag-noticiasprincipais","tag-portugal","tag-principais-noticias","tag-principaisnoticias","tag-pt","tag-top-stories","tag-topstories","tag-ultimas","tag-ultimas-noticias","tag-ultimasnoticias","tag-ventura"],"share_on_mastodon":{"url":"https:\/\/pubeurope.com\/@pt\/117209594458986053","error":""},"_links":{"self":[{"href":"https:\/\/www.europesays.com\/pt\/wp-json\/wp\/v2\/posts\/511055","targetHints":{"allow":["GET"]}}],"collection":[{"href":"https:\/\/www.europesays.com\/pt\/wp-json\/wp\/v2\/posts"}],"about":[{"href":"https:\/\/www.europesays.com\/pt\/wp-json\/wp\/v2\/types\/post"}],"author":[{"embeddable":true,"href":"https:\/\/www.europesays.com\/pt\/wp-json\/wp\/v2\/users\/2"}],"replies":[{"embeddable":true,"href":"https:\/\/www.europesays.com\/pt\/wp-json\/wp\/v2\/comments?post=511055"}],"version-history":[{"count":0,"href":"https:\/\/www.europesays.com\/pt\/wp-json\/wp\/v2\/posts\/511055\/revisions"}],"wp:featuredmedia":[{"embeddable":true,"href":"https:\/\/www.europesays.com\/pt\/wp-json\/wp\/v2\/media\/511056"}],"wp:attachment":[{"href":"https:\/\/www.europesays.com\/pt\/wp-json\/wp\/v2\/media?parent=511055"}],"wp:term":[{"taxonomy":"category","embeddable":true,"href":"https:\/\/www.europesays.com\/pt\/wp-json\/wp\/v2\/categories?post=511055"},{"taxonomy":"post_tag","embeddable":true,"href":"https:\/\/www.europesays.com\/pt\/wp-json\/wp\/v2\/tags?post=511055"}],"curies":[{"name":"wp","href":"https:\/\/api.w.org\/{rel}","templated":true}]}}