{"id":511059,"date":"2026-09-03T23:01:16","date_gmt":"2026-09-03T23:01:16","guid":{"rendered":"https:\/\/www.europesays.com\/pt\/511059\/"},"modified":"2026-09-03T23:01:16","modified_gmt":"2026-09-03T23:01:16","slug":"casa-vista-studio-gontijo-arquitetura","status":"publish","type":"post","link":"https:\/\/www.europesays.com\/pt\/511059\/","title":{"rendered":"Casa Vista \/ Studio Gontijo Arquitetura"},"content":{"rendered":"<p><a class=\"js-image-size__link \" href=\"https:\/\/www.archdaily.com\/pt\/1184189\/casa-vista-studio-gontijo-arquitetura\/6a91d257a25c7b000125ff10-casa-vista-studio-gontijo-arquitetura-foto\" rel=\"attachment nofollow noopener\" style=\"width: 100%;\" target=\"_blank\"><img decoding=\"async\" alt=\"Casa Vista \/ Studio Gontijo Arquitetura - Imagem 1 de 30\" data-nr-picture-id=\"6a91d257a25c7b000125ff10\" fetchpriority=\"high\" height=\"406\" itemprop=\"image\" loading=\"eager\" longdesc=\"https:\/\/www.archdaily.com\/pt\/1184189\/casa-vista-studio-gontijo-arquitetura\/6a91d257a25c7b000125ff10-casa-vista-studio-gontijo-arquitetura-foto\" src=\"https:\/\/www.europesays.com\/pt\/wp-content\/uploads\/2026\/09\/Studio_Gontijo_-_07_-_Joana_Fran_a.jpg\" style=\"min-height: var(--featured-height, auto); aspect-ratio: auto 640 \/ 406\" width=\"640\"\/><\/a>\u00a9 Joana Fran\u00e7a<\/p>\n<p class=\"thumbs afd-desktop-e\"><a class=\"thumbs__link\" data-nr-picture-id=\"6a91d256a25c7b000125ff0c\" href=\"https:\/\/www.archdaily.com\/pt\/1184189\/casa-vista-studio-gontijo-arquitetura\/6a91d256a25c7b000125ff0c-casa-vista-studio-gontijo-arquitetura-foto\" rel=\"attachment nofollow noopener\" target=\"_blank\"><img loading=\"lazy\" decoding=\"async\" alt=\"Casa Vista \/ Studio Gontijo Arquitetura - Imagem 2 de 30\" class=\"thumbs__img b-lazy\" data-nr-picture-id=\"6a91d256a25c7b000125ff0c\" data-pin-nopin=\"true\" src=\"https:\/\/www.europesays.com\/pt\/wp-content\/uploads\/2026\/09\/Studio_Gontijo_-_01_-_Joana_Fran_a.jpg\" height=\"125\" longdesc=\"https:\/\/www.archdaily.com\/pt\/1184189\/casa-vista-studio-gontijo-arquitetura\/6a91d256a25c7b000125ff0c-casa-vista-studio-gontijo-arquitetura-foto\" title=\"\u00a9 Joana Fran\u00e7a\" width=\"125\"\/><\/a><a class=\"thumbs__link\" data-nr-picture-id=\"6a91d257a25c7b000125ff11\" href=\"https:\/\/www.archdaily.com\/pt\/1184189\/casa-vista-studio-gontijo-arquitetura\/6a91d257a25c7b000125ff11-casa-vista-studio-gontijo-arquitetura-foto\" rel=\"attachment nofollow noopener\" target=\"_blank\"><img loading=\"lazy\" decoding=\"async\" alt=\"Casa Vista \/ Studio Gontijo Arquitetura - Imagem 3 de 30\" class=\"thumbs__img b-lazy\" data-nr-picture-id=\"6a91d257a25c7b000125ff11\" data-pin-nopin=\"true\" src=\"https:\/\/www.europesays.com\/pt\/wp-content\/uploads\/2026\/09\/Studio_Gontijo_-_08_-_Joana_Fran_a.jpg\" height=\"125\" longdesc=\"https:\/\/www.archdaily.com\/pt\/1184189\/casa-vista-studio-gontijo-arquitetura\/6a91d257a25c7b000125ff11-casa-vista-studio-gontijo-arquitetura-foto\" title=\"\u00a9 Joana Fran\u00e7a\" width=\"125\"\/><\/a><a class=\"thumbs__link\" data-nr-picture-id=\"6a91d257a25c7b000125ff12\" href=\"https:\/\/www.archdaily.com\/pt\/1184189\/casa-vista-studio-gontijo-arquitetura\/6a91d257a25c7b000125ff12-casa-vista-studio-gontijo-arquitetura-foto\" rel=\"attachment nofollow noopener\" target=\"_blank\"><img loading=\"lazy\" decoding=\"async\" alt=\"Casa Vista \/ Studio Gontijo Arquitetura - Imagem 4 de 30\" class=\"thumbs__img b-lazy\" data-nr-picture-id=\"6a91d257a25c7b000125ff12\" data-pin-nopin=\"true\" src=\"https:\/\/www.europesays.com\/pt\/wp-content\/uploads\/2026\/09\/Studio_Gontijo_-_09_-_Joana_Fran_a.jpg\" height=\"125\" longdesc=\"https:\/\/www.archdaily.com\/pt\/1184189\/casa-vista-studio-gontijo-arquitetura\/6a91d257a25c7b000125ff12-casa-vista-studio-gontijo-arquitetura-foto\" title=\"\u00a9 Joana Fran\u00e7a\" width=\"125\"\/><\/a><a class=\"thumbs__link\" data-nr-picture-id=\"6a91d258a25c7b000125ff15\" href=\"https:\/\/www.archdaily.com\/pt\/1184189\/casa-vista-studio-gontijo-arquitetura\/6a91d258a25c7b000125ff15-casa-vista-studio-gontijo-arquitetura-foto\" rel=\"attachment nofollow noopener\" target=\"_blank\"><img loading=\"lazy\" decoding=\"async\" alt=\"Casa Vista \/ Studio Gontijo Arquitetura - Fotografia de Exterior, Aido\" class=\"thumbs__img b-lazy\" data-nr-picture-id=\"6a91d258a25c7b000125ff15\" data-pin-nopin=\"true\" src=\"https:\/\/www.europesays.com\/pt\/wp-content\/uploads\/2026\/09\/Studio_Gontijo_-_12_-_Joana_Fran_a.jpg\" height=\"125\" longdesc=\"https:\/\/www.archdaily.com\/pt\/1184189\/casa-vista-studio-gontijo-arquitetura\/6a91d258a25c7b000125ff15-casa-vista-studio-gontijo-arquitetura-foto\" title=\"\u00a9 Joana Fran\u00e7a\" width=\"125\"\/><\/a><a class=\"thumbs__link afd-desktop-e\" href=\"https:\/\/www.archdaily.com\/pt\/1184189\/casa-vista-studio-gontijo-arquitetura\/6a91d257a25c7b000125ff10-casa-vista-studio-gontijo-arquitetura-foto\" rel=\"nofollow noopener\" target=\"_blank\"><img decoding=\"async\" alt=\"Casa Vista \/ Studio Gontijo Arquitetura - Mais Imagens\" class=\"thumbs__img b-lazy\" src=\"https:\/\/www.europesays.com\/pt\/wp-content\/uploads\/2026\/09\/Studio_Gontijo_-_07_-_Joana_Fran_a.jpg\" itemprop=\"image\" bad-src=\"data:image\/gif;base64,R0lGODlhAQABAIAAAAUEBAAAACwAAAAAAQABAAACAkQBADs=\"\/>+ 25<\/a><\/p>\n<p class=\"article-meta__author\">Curadoria de <strong>Susanna Moreira<\/strong><\/p>\n<p>    Compartilhar<\/p>\n<p>Compartilhar<\/p>\n<ul class=\"afd-share__networks clearfix\">\n<li class=\"afd-share__social\"><a aria-label=\"Facebook\" class=\"afd-share__button\" data-insights-category=\"share\" data-insights-label=\"facebook_sharing_options\" data-insights-value=\"1184189\" data-social=\"facebook\" href=\"https:\/\/www.facebook.com\/sharer\/sharer.php?u=https:\/\/www.archdaily.com.br\/pt\/1184189\/casa-vista-studio-gontijo-arquitetura\" rel=\"nofollow noopener\" target=\"_blank\"><\/a>\n<p>Facebook<\/p>\n<\/li>\n<li class=\"afd-share__social\"><a aria-label=\"Twitter\" class=\"afd-share__button\" data-insights-category=\"share\" data-insights-label=\"twitter_sharing_options\" data-insights-value=\"1184189\" data-social=\"twitter\" href=\"https:\/\/twitter.com\/intent\/tweet?text=Casa%20Vista%20%2F%20Studio%20Gontijo%20Arquitetura&amp;url=https:\/\/www.archdaily.com.br\/pt\/1184189\/casa-vista-studio-gontijo-arquitetura&amp;via=archdailybr\" rel=\"nofollow noopener\" target=\"_blank\"><\/a>\n<p>Twitter<\/p>\n<\/li>\n<li class=\"afd-share__social\"><a class=\"afd-share__button\" data-insights-category=\"share\" data-insights-label=\"email_sharing_options\" data-insights-value=\"1184189\" data-social=\"email\" href=\"mailto:?subject=Casa Vista \/ Studio Gontijo Arquitetura&amp;body=https:\/\/www.archdaily.com.br\/pt\/1184189\/casa-vista-studio-gontijo-arquitetura\"><\/a>\n<p>Mail<\/p>\n<\/li>\n<li class=\"afd-share__social\"><a aria-label=\"Pinterest\" class=\"afd-share__button\" data-insights-category=\"share\" data-insights-label=\"pinterest_sharing_options\" data-insights-value=\"1184189\" data-social=\"pinterest\" href=\"https:\/\/pinterest.com\/pin\/create\/button\/?url=https%3A%2F%2Fwww.archdaily.com.br%2Fpt%2F1184189%2Fcasa-vista-studio-gontijo-arquitetura&amp;media=https%3A%2F%2Fimages.adsttc.com%2Fmedia%2Fimages%2F6a91%2Fd257%2Fa25c%2F7b00%2F0125%2Fff10%2Flarge_jpg%2FStudio_Gontijo_-_07_-_Joana_Fran_a.jpg%3F1787941492&amp;description=Casa%20Vista%20%2F%20Studio%20Gontijo%20Arquitetura\" rel=\"nofollow noopener\" target=\"_blank\"><\/a>\n<p>Pinterest<\/p>\n<\/li>\n<li class=\"afd-share__social\"><a aria-label=\"Whatsapp\" class=\"afd-share__button\" data-action=\"share\/whatsapp\/share\" data-insights-category=\"share\" data-insights-label=\"whatsapp_sharing_options\" data-insights-value=\"1184189\" data-social=\"whatsapp\" href=\"whatsapp:\/\/send?text=Casa+Vista+%2F+Studio+Gontijo+Arquitetura+%7C+https%3A%2F%2Fwww.archdaily.com.br%2Fpt%2F1184189%2Fcasa-vista-studio-gontijo-arquitetura%3Futm_source%3DWhatsapp%26utm_medium%3DIM%26utm_campaign%3Dshare-button\" rel=\"nofollow\"><\/a>\n<p>Whatsapp<\/p>\n<\/li>\n<\/ul>\n<p>Ou<\/p>\n<p>https:\/\/www.archdaily.com.br\/pt\/1184189\/casa-vista-studio-gontijo-arquitetura<\/p>\n<ul class=\"afd-char-list afd-specs__item-container js-char-list\" wp_automatic_readability=\"1.2946635730858\">\n<li class=\"afd-specs__item\">\n<\/li>\n<li class=\"afd-specs__item\">\n  \u00c1rea<br \/>\n  \u00c1rea deste projeto de arquitetura<\/p>\n<p>\u00c1rea:\u00a0<br \/>\n        <a href=\"https:\/\/www.archdaily.com\/search\/pt\/projects\/min_area\/800\/max_area\/1200?ad_name=project-specs&amp;ad_medium=single\" rel=\"nofollow noopener\" target=\"_blank\">1000<\/a> m\u00b2<\/li>\n<li class=\"afd-specs__item\">\n<p>  Ano<br \/>\n  Ano de conclus\u00e3o deste projeto de arquitetura<\/p>\n<p>            Ano:\u00a0<\/p>\n<p>                    <a href=\"https:\/\/www.archdaily.com\/search\/pt\/projects\/year\/2024?ad_name=project-specs&amp;ad_medium=single\" rel=\"nofollow noopener\" target=\"_blank\"><br \/>\n          2024<br \/>\n        <\/a><\/p>\n<\/li>\n<li class=\"afd-specs__item\">\n<p>  Fot\u00f3grafo<\/p>\n<\/li>\n<li class=\"afd-specs__item\" wp_automatic_readability=\"6\">\n<p>  Fabricantes<br \/>\n  Marcas com produtos usados neste projeto de arquitetura<\/p>\n<p>Fabricantes: \u00a0Ampla Eletros , Apolinox Metais e Telas Perfuradas, C\u00e1ssio Veiga , Erick Telhados, Ik\u00ea Pedras, Marmarini Marmoraria, Villela M\u00e1rmores<\/p>\n<\/li>\n<\/ul>\n<p><a class=\"js-image-size__link lazy-anchor\" href=\"https:\/\/www.archdaily.com\/pt\/1184189\/casa-vista-studio-gontijo-arquitetura\/6a91d258a25c7b000125ff1c-casa-vista-studio-gontijo-arquitetura-foto\" rel=\"nofollow noopener\" target=\"_blank\"><img decoding=\"async\" alt=\"Casa Vista \/ Studio Gontijo Arquitetura - Imagem 9 de 30\" data-nr-picture-id=\"6a91d258a25c7b000125ff1c\" height=\"427\" itemprop=\"image\" loading=\"lazy\" longdesc=\"https:\/\/www.archdaily.com\/pt\/1184189\/casa-vista-studio-gontijo-arquitetura\/6a91d258a25c7b000125ff1c-casa-vista-studio-gontijo-arquitetura-foto\" src=\"https:\/\/www.europesays.com\/pt\/wp-content\/uploads\/2026\/09\/Studio_Gontijo_-_21_-_Edgard_Cesar.jpg\" width=\"640\"\/>\u00a9 Edgard Cesar<\/a><\/p>\n<p>Descri\u00e7\u00e3o enviada pela equipe de projeto. A Casa Vista nasce da reforma integral de uma resid\u00eancia existente, originalmente marcada por uma planta compartimentada que j\u00e1 n\u00e3o correspondia \u00e0 din\u00e2mica da nova fam\u00edlia. O projeto parte da atualiza\u00e7\u00e3o da constru\u00e7\u00e3o para uma linguagem contempor\u00e2nea e, sobretudo, da inten\u00e7\u00e3o de aprofundar a rela\u00e7\u00e3o entre arquitetura e paisagem.<\/p>\n<p><img decoding=\"async\" src=\"https:\/\/www.europesays.com\/pt\/wp-content\/uploads\/2026\/09\/1788476476_486_loader-blue.gif\" alt=\"Content Loader\" style=\"width: 40px; margin: 24px;\"\/><script async src=\"https:\/\/platform.twitter.com\/widgets.js\" charset=\"utf-8\"><\/script><\/p>\n","protected":false},"excerpt":{"rendered":"\u00a9 Joana Fran\u00e7a + 25 Curadoria de Susanna Moreira Compartilhar Compartilhar Facebook Twitter Mail Pinterest Whatsapp Ou https:\/\/www.archdaily.com.br\/pt\/1184189\/casa-vista-studio-gontijo-arquitetura&hellip;\n","protected":false},"author":2,"featured_media":511060,"comment_status":"","ping_status":"","sticky":false,"template":"","format":"standard","meta":{"footnotes":"","_share_on_mastodon":"0"},"categories":[144],"tags":[304,361,207,205,206,203,201,202,1427,362,204,114,115,32,33],"class_list":["post-511059","post","type-post","status-publish","format-standard","has-post-thumbnail","category-arte-e-design","tag-arquitetura","tag-arquitetura-residencial","tag-arte","tag-arte-e-design","tag-artedesign","tag-arts","tag-arts-and-design","tag-artsanddesign","tag-brasilia","tag-casas","tag-design","tag-entertainment","tag-entretenimento","tag-portugal","tag-pt"],"share_on_mastodon":{"url":"https:\/\/pubeurope.com\/@pt\/117209602523364650","error":""},"_links":{"self":[{"href":"https:\/\/www.europesays.com\/pt\/wp-json\/wp\/v2\/posts\/511059","targetHints":{"allow":["GET"]}}],"collection":[{"href":"https:\/\/www.europesays.com\/pt\/wp-json\/wp\/v2\/posts"}],"about":[{"href":"https:\/\/www.europesays.com\/pt\/wp-json\/wp\/v2\/types\/post"}],"author":[{"embeddable":true,"href":"https:\/\/www.europesays.com\/pt\/wp-json\/wp\/v2\/users\/2"}],"replies":[{"embeddable":true,"href":"https:\/\/www.europesays.com\/pt\/wp-json\/wp\/v2\/comments?post=511059"}],"version-history":[{"count":0,"href":"https:\/\/www.europesays.com\/pt\/wp-json\/wp\/v2\/posts\/511059\/revisions"}],"wp:featuredmedia":[{"embeddable":true,"href":"https:\/\/www.europesays.com\/pt\/wp-json\/wp\/v2\/media\/511060"}],"wp:attachment":[{"href":"https:\/\/www.europesays.com\/pt\/wp-json\/wp\/v2\/media?parent=511059"}],"wp:term":[{"taxonomy":"category","embeddable":true,"href":"https:\/\/www.europesays.com\/pt\/wp-json\/wp\/v2\/categories?post=511059"},{"taxonomy":"post_tag","embeddable":true,"href":"https:\/\/www.europesays.com\/pt\/wp-json\/wp\/v2\/tags?post=511059"}],"curies":[{"name":"wp","href":"https:\/\/api.w.org\/{rel}","templated":true}]}}