{"id":511061,"date":"2026-09-03T23:03:24","date_gmt":"2026-09-03T23:03:24","guid":{"rendered":"https:\/\/www.europesays.com\/pt\/511061\/"},"modified":"2026-09-03T23:03:24","modified_gmt":"2026-09-03T23:03:24","slug":"quem-ama-cuida-pilar-descobre-farsa-o-globo","status":"publish","type":"post","link":"https:\/\/www.europesays.com\/pt\/511061\/","title":{"rendered":"\u2018Quem ama cuida\u2019: Pilar descobre farsa &#8211; O GLOBO"},"content":{"rendered":"<ol>\n<li><a href=\"https:\/\/news.google.com\/rss\/articles\/CBMinwFBVV95cUxOWEMxTXVmNG1PX0YxV2txQndlcXVMZ2RNNjNTR1JSSGNCeTN2VldXSW4wUGQ0YnZud2lFdDRwMnVFZ1pnN2tlck9WZjJGaDkwMFFJSTFxOWVnMUlsNmtpTHhVMFdLMUxiZk9ZOEVER2FiSEYyTHJQS0dCMEEta2J0Z2dsUHl3bGV3cjdQOHVJdFZUTFp4OHNVenk3bHNmanfSAa4BQVVfeXFMTTk5UmQ1RTRwZkthX3JIZENSaXQ5dldwSWNRWHFibm85MFVOUkJPS3VJck1DMHlNY0pNVjJ3ZnltaXFDdkp5SC1fQl85RlZxYUZTX3NWWFJLSjlRYU9aV2xmSFRGcElnZDBXRmVGeWFIdXJzQ1ZKdGxPNkFVTXNHZ2ppeERkUWdEZkk1VEcweTJRRXZNRzJUeS10VjlzbGs2b2NjbDMyOE1pZWhuenl3?oc=5\" target=\"_blank\" rel=\"nofollow noopener\">\u2018Quem ama cuida\u2019: Pilar descobre farsa<\/a>&nbsp;&nbsp;O GLOBO<\/li>\n<li><a href=\"https:\/\/news.google.com\/rss\/articles\/CBMiyAFBVV95cUxNVGNSMGdlMFJESjBqY3BKV0FvWjJSUjYzZWRZM1pBSndiM0FMOTBzLUdkOF9PNDllWlI0a0x3b2h3U1pnMVFaTTNYdWVVNTZkUWg3V3B3Mm5fSlZNZkFtdEdzMm9ZTUozbW44YTI4cnlaZXRuNWRXeFFsU21CaXkwek5rRkNhSVRvZzhrdlBOWUFiQUZyUDlqdnVhbVNvTFBwVjBvUGVuSFlSOHJkRHRHVDNQanJ3YlN5ZGVzMU1VOEotQXlWVFRmT9IB1wFBVV95cUxQZEY3akZzb0VWMUdrMUhmWEFYYUJ5LUZNWHNWcndCcmtPN3ozdnN5dDE2MkRPQl90UGgtM1VmeWliUUJwTUhDcmFndEMyNzVhc2hQRkRCUlhkVk04N1kzWTBVWTViSWY4X0lzOW1jUDBJb2NLbS0zZ1U3UGZTUlBHTGEtaVRVcEg4Rl9GRVNZUjhrZ0JiVmVyaG14ZjJRaWYtU0FTREJPeHBHUXdjSjNkbzd1VW9SSmZmbVJMMUhPdFVDWkNuYUlURVVCazhkZzhhZUtETUlxMA?oc=5\" target=\"_blank\" rel=\"nofollow noopener\">Quem Ama Cuida: Andr\u00e9ia \u00e9 desmascarada por Pilar ap\u00f3s ficar noiva de Rafael<\/a>&nbsp;&nbsp;Not\u00edcias da TV<\/li>\n<li><a href=\"https:\/\/news.google.com\/rss\/articles\/CBMi0wFBVV95cUxOTHNidGM5Y1RJTnRhTWlfTTZmOTlhUGJoeDZjMEJJZTM3bTVSSV9oWFpkWUFVNnpYUXYycmpaT1BTTHh1SFl6aTlyQkc3TUd2VWFIQ1Y5c2g5WGZ5dGp1REZQa09PcmVDT1RMYW5XdGpGTFpTMHd3WU1jTDdiOXVhUVBUSUZndjY3bE5JWGhKSFFEZTVZUUdpbW81SmZwYkhodFVfOXVZMlhpaWNrNm1XS2twWjNZNl9WbXJDX3E5ZExfTmtzci1qMlZoRUtFSVhjSUpZ?oc=5\" target=\"_blank\" rel=\"nofollow noopener\">Quem Ama Cuida: Pilar investiga a vida de Andreia, descobre que ela \u00e9 pobre e sustentada pelo ex-marido<\/a>&nbsp;&nbsp;Portal iG<\/li>\n<li><a href=\"https:\/\/news.google.com\/rss\/articles\/CBMi4AFBVV95cUxQQ2NjenVMLXI3WWd2T0lialZiVldVOU5pdGxTOFlTTFB5Xzk5NVVKM1lTdlZZVjJ6SWU0bFhpVklzQzJtc0pKRHM2MWJKQlFyT2NjT2wwTm10SWdiQ3pXV1JCMGlxaVNXTDZZX0t0THlNOWpTcjNUd0tmTDNBOUhZbUQtOXFlTEppTmtOcXo1b3FXVm9hck1XZkU2Vl9RN2N3d0x6MnlTRUs5VXpPbmMyYWdTOFZmRTh4RUtTRHpNMGhYTzJZaWN4SXZncUZRbE4yZ3BBX0VYOGZnNzN2eDRMdA?oc=5\" target=\"_blank\" rel=\"nofollow noopener\">Quem Ama Cuida: Pilar descobre a verdade sobre Andr\u00e9ia e coloca romance com Rafael em risco<\/a>&nbsp;&nbsp;Observat\u00f3rio da TV<\/li>\n<li><a href=\"https:\/\/news.google.com\/rss\/articles\/CBMilAJBVV95cUxNeDh3YTczcS1MMU9yZU10ZWdZT0c2TzhZcW9KbEI1dEM2WmNhWFJzcVJqVWNjdjhHU3AyaDRvcnBuOXNYR1hPYWpKRENXd1FsTWRES0xRQkwxR3llUkJIdVhGbEFISGtvTEV5MDFTRkQyaEpkVGdvNUp4a3FQbEsxOEk3cXQ5bTk3Mm5XQ0VGMnJDZ2FOMEpieFZCc1JoYl9nUGxnMWp2ZGRhejFXQ0Zmb1ZUU0Ztc2x1S2wzXzRyRnB6dUktMmFabG5KNDRZN1FTZ0xhS29HM3hfVS1LQUVxdmlWREpFWlA3NUhrMlNoR1hYdXZIQThmSnlZR1AwWVF2LXI0dVBmcktuQkZTcWpVU0xHVUnSAaMCQVVfeXFMUFVOSGU3bzhycXFJZWJ6M1drN2hUUGZ2OWZ5SWdMX1kxTWt0NHBjY2l1akR6d2VZckFIcjVCRndROVpqcDJmVmhSODJ2cWxLX1BEZVlzVVl5SHFYajAzb0NrUWM5SjRkdUcxa1RrMTI3Skw1UzFKVVZCdng4bkxYVG5wQ05yOUFsZGtUSUpfZW80THF3dUdacDdqR2lSamNyaUw1NW1vZzExRmdsU1NwWktxT28tSW9kZ0s3T2R1VGMzOUN1NENJRDk2S3hPMkVFN3hYcUc4OGVNc2xPY2ZDYnJGM18zVm1OTmZUeWhnbzZPUnQ5c1owcUJ1VzVONWhMdWNLc25QeDVMSGd5QlhyZjdCMnZYQk15alhPQ0I5al9aSFJR?oc=5\" target=\"_blank\" rel=\"nofollow noopener\">Duda Almeida prev\u00ea final de Andr\u00e9ia em &#8216;Quem Ama Cuida&#8217; e conta sonho em comum com personagem<\/a>&nbsp;&nbsp;Globo<\/li>\n<\/ol>\n","protected":false},"excerpt":{"rendered":"\u2018Quem ama cuida\u2019: Pilar descobre farsa&nbsp;&nbsp;O GLOBO Quem Ama Cuida: Andr\u00e9ia \u00e9 desmascarada por Pilar ap\u00f3s ficar noiva&hellip;\n","protected":false},"author":2,"featured_media":511062,"comment_status":"","ping_status":"","sticky":false,"template":"","format":"standard","meta":{"footnotes":"","_share_on_mastodon":"0"},"categories":[142],"tags":[114,115,26154,46618,32,33,35878,679,151],"class_list":["post-511061","post","type-post","status-publish","format-standard","has-post-thumbnail","category-tv","tag-entertainment","tag-entretenimento","tag-isabel-teixeira","tag-isabel-teixeira-e-atriz","tag-portugal","tag-pt","tag-quem-ama-cuida","tag-reportagem","tag-tv"],"share_on_mastodon":{"url":"https:\/\/pubeurope.com\/@pt\/117209609418981179","error":""},"_links":{"self":[{"href":"https:\/\/www.europesays.com\/pt\/wp-json\/wp\/v2\/posts\/511061","targetHints":{"allow":["GET"]}}],"collection":[{"href":"https:\/\/www.europesays.com\/pt\/wp-json\/wp\/v2\/posts"}],"about":[{"href":"https:\/\/www.europesays.com\/pt\/wp-json\/wp\/v2\/types\/post"}],"author":[{"embeddable":true,"href":"https:\/\/www.europesays.com\/pt\/wp-json\/wp\/v2\/users\/2"}],"replies":[{"embeddable":true,"href":"https:\/\/www.europesays.com\/pt\/wp-json\/wp\/v2\/comments?post=511061"}],"version-history":[{"count":0,"href":"https:\/\/www.europesays.com\/pt\/wp-json\/wp\/v2\/posts\/511061\/revisions"}],"wp:featuredmedia":[{"embeddable":true,"href":"https:\/\/www.europesays.com\/pt\/wp-json\/wp\/v2\/media\/511062"}],"wp:attachment":[{"href":"https:\/\/www.europesays.com\/pt\/wp-json\/wp\/v2\/media?parent=511061"}],"wp:term":[{"taxonomy":"category","embeddable":true,"href":"https:\/\/www.europesays.com\/pt\/wp-json\/wp\/v2\/categories?post=511061"},{"taxonomy":"post_tag","embeddable":true,"href":"https:\/\/www.europesays.com\/pt\/wp-json\/wp\/v2\/tags?post=511061"}],"curies":[{"name":"wp","href":"https:\/\/api.w.org\/{rel}","templated":true}]}}