{"id":51107,"date":"2025-08-30T05:36:10","date_gmt":"2025-08-30T05:36:10","guid":{"rendered":"https:\/\/www.europesays.com\/pt\/51107\/"},"modified":"2025-08-30T05:36:10","modified_gmt":"2025-08-30T05:36:10","slug":"medica-chama-a-atencao-para-atitude-envolvendo-a-filha-de-virginia-e-preciso-cuidado","status":"publish","type":"post","link":"https:\/\/www.europesays.com\/pt\/51107\/","title":{"rendered":"M\u00e9dica chama a aten\u00e7\u00e3o para atitude envolvendo a filha de Virginia: &#8216;\u00c9 preciso cuidado&#8217;"},"content":{"rendered":"<p>Em entrevista \u00e0 CARAS Brasil, a Dra. Renata Castro, m\u00e9dica pediatra, avalia uma atitude envolvendo a filha da influenciadora Virginia Fonseca<\/p>\n<p>Filha da influenciadora <a data-mrf-link=\"https:\/\/caras.com.br\/tags\/virginia-fonseca\" href=\"https:\/\/caras.com.br\/tags\/virginia-fonseca\" rel=\"noopener nofollow\" target=\"_blank\"><strong>Virginia Fonseca<\/strong><\/a>, a pequena\u00a0<a data-mrf-link=\"https:\/\/caras.com.br\/tags\/maria-flor\" href=\"https:\/\/caras.com.br\/tags\/maria-flor\" rel=\"noopener nofollow\" target=\"_blank\"><strong>Maria Flor<\/strong><\/a>, de quase 3 anos, mostrou todo o seu lado vaidosa na manh\u00e3 da \u00faltima quarta-feira, 27. A menina apareceu encantada ao receber autoriza\u00e7\u00e3o para provar os c\u00edlios posti\u00e7os da m\u00e3e.<\/p>\n<p data-mrf-recirculation=\".Link no Corpo do artigo\">Nas redes sociais, Virginia compartilhou fotos da herdeira com os acess\u00f3rios nos olhos e com um sorris\u00e3o no rosto ao se ver com o \u2018item de adulto\u2019. A menina surgiu se olhando no espelho ao admirar seus c\u00edlios gigantes. \u201cEla pediu para colocar meus c\u00edlios, gente. Socorro\u201d, brincou a m\u00e3e.\u00a0<\/p>\n<p>O que diz a m\u00e9dica pediatra?<\/p>\n<p data-mrf-recirculation=\".Link no Corpo do artigo\">Para entender mais sobre o assunto, a\u00a0<strong>CARAS Brasil<\/strong>\u00a0entrevista a\u00a0<strong>Dra. Renata Castro<\/strong>, m\u00e9dica pediatra e neonatologista com gradua\u00e7\u00e3o e resid\u00eancia m\u00e9dica na Faculdade de Medicina de S\u00e3o Jos\u00e9 do Rio Preto. Ela explica.\u00a0<\/p>\n<p data-mrf-recirculation=\".Link no Corpo do artigo\">Segundo a Dra. Renata Castro, \u00e9 muito comum que meninas sintam curiosidade em usar os acess\u00f3rios e maquiagens da m\u00e3e. Esse comportamento faz parte da inf\u00e2ncia e do desenvolvimento, j\u00e1 que a crian\u00e7a gosta de imitar os adultos. Isso \u00e9 normal e saud\u00e1vel.\u00a0<\/p>\n<p data-mrf-recirculation=\".Link no Corpo do artigo\">&#8220;Mas \u00e9 preciso cuidado: produtos de maquiagem convencionais n\u00e3o foram desenvolvidos para a pele delicada das crian\u00e7as e podem trazer riscos&#8221;, declara a m\u00e9dica pediatra. Abaixo, ela lista alguns pontos que exigem aten\u00e7\u00e3o.\u00a0<\/p>\n<ul>\n<li data-mrf-recirculation=\".Link no Corpo do artigo\">Alergias e dermatites: fragr\u00e2ncias, corantes e conservantes presentes em batons, sombras e esmaltes podem irritar a pele ou causar rea\u00e7\u00f5es al\u00e9rgicas;<\/li>\n<li data-mrf-recirculation=\".Link no Corpo do artigo\">Intoxica\u00e7\u00e3o: caso a crian\u00e7a leve \u00e0 boca batom, esmalte ou p\u00f3 facial, pode haver ingest\u00e3o acidental de subst\u00e2ncias t\u00f3xicas;<\/li>\n<li data-mrf-recirculation=\".Link no Corpo do artigo\">Componentes de risco: chumbo (presente em alguns batons), formalde\u00eddo e tolueno (em esmaltes), parabenos e ftalatos (conservantes comuns), fragr\u00e2ncias artificiais e metais pesados usados em pigmentos.<\/li>\n<\/ul>\n<p>&#8220;Em crian\u00e7as pele das p\u00e1lpebras \u00e9 muito mais fina e sens\u00edvel, h\u00e1 chance de colocar a m\u00e3o no olho e levar a subst\u00e2ncia para dentro. O uso inadequado pode causar conjuntivite qu\u00edmica, irrita\u00e7\u00f5es e at\u00e9 les\u00f5es na c\u00f3rnea&#8221;, finaliza a m\u00e9dica ao analisar casos como da <a href=\"https:\/\/www.instagram.com\/virginia\/\" rel=\"noopener nofollow\" target=\"_blank\">influenciadora<\/a> Virginia Fonseca.<\/p>\n<p><strong>Leia tamb\u00e9m<\/strong>: <a href=\"https:\/\/caras.com.br\/kids\/maria-flor-filha-de-virginia-surge-com-cilios-posticos-em-brincadeira.phtml\" rel=\"noopener nofollow\" target=\"_blank\">Maria Flor, filha de Virginia, surge com c\u00edlios posti\u00e7os em brincadeira<\/a><\/p>\n<p>FIQUE POR DENTRO DAS NOT\u00cdCIAS DOS FAMOSOS ACOMPANHANDO \u00c0 CARAS BRASIL NAS REDES SOCIAIS:<script async src=\"\/\/www.instagram.com\/embed.js\"><\/script><\/p>\n","protected":false},"excerpt":{"rendered":"Em entrevista \u00e0 CARAS Brasil, a Dra. Renata Castro, m\u00e9dica pediatra, avalia uma atitude envolvendo a filha da&hellip;\n","protected":false},"author":2,"featured_media":51108,"comment_status":"","ping_status":"","sticky":false,"template":"","format":"standard","meta":{"footnotes":""},"categories":[145],"tags":[211,210,114,115,6342,14922,32,33,973],"class_list":{"0":"post-51107","1":"post","2":"type-post","3":"status-publish","4":"format-standard","5":"has-post-thumbnail","7":"category-celebridades","8":"tag-celebridades","9":"tag-celebrities","10":"tag-entertainment","11":"tag-entretenimento","12":"tag-maquiagem","13":"tag-pediatra","14":"tag-portugal","15":"tag-pt","16":"tag-virginia"},"share_on_mastodon":{"url":"","error":""},"_links":{"self":[{"href":"https:\/\/www.europesays.com\/pt\/wp-json\/wp\/v2\/posts\/51107","targetHints":{"allow":["GET"]}}],"collection":[{"href":"https:\/\/www.europesays.com\/pt\/wp-json\/wp\/v2\/posts"}],"about":[{"href":"https:\/\/www.europesays.com\/pt\/wp-json\/wp\/v2\/types\/post"}],"author":[{"embeddable":true,"href":"https:\/\/www.europesays.com\/pt\/wp-json\/wp\/v2\/users\/2"}],"replies":[{"embeddable":true,"href":"https:\/\/www.europesays.com\/pt\/wp-json\/wp\/v2\/comments?post=51107"}],"version-history":[{"count":0,"href":"https:\/\/www.europesays.com\/pt\/wp-json\/wp\/v2\/posts\/51107\/revisions"}],"wp:featuredmedia":[{"embeddable":true,"href":"https:\/\/www.europesays.com\/pt\/wp-json\/wp\/v2\/media\/51108"}],"wp:attachment":[{"href":"https:\/\/www.europesays.com\/pt\/wp-json\/wp\/v2\/media?parent=51107"}],"wp:term":[{"taxonomy":"category","embeddable":true,"href":"https:\/\/www.europesays.com\/pt\/wp-json\/wp\/v2\/categories?post=51107"},{"taxonomy":"post_tag","embeddable":true,"href":"https:\/\/www.europesays.com\/pt\/wp-json\/wp\/v2\/tags?post=51107"}],"curies":[{"name":"wp","href":"https:\/\/api.w.org\/{rel}","templated":true}]}}