{"id":511079,"date":"2026-09-03T23:20:10","date_gmt":"2026-09-03T23:20:10","guid":{"rendered":"https:\/\/www.europesays.com\/pt\/511079\/"},"modified":"2026-09-03T23:20:10","modified_gmt":"2026-09-03T23:20:10","slug":"star-wars-quais-sao-as-proximas-estreias-apos-o-mandaloriano-e-grogu","status":"publish","type":"post","link":"https:\/\/www.europesays.com\/pt\/511079\/","title":{"rendered":"Star Wars: Quais s\u00e3o as pr\u00f3ximas estreias ap\u00f3s O Mandaloriano e Grogu"},"content":{"rendered":"<p>O Mandaloriano e Grogu estreou nesta quarta-feira (2) no <a href=\"https:\/\/tangerina.uol.com.br\/tag\/disney-plus\/\" target=\"_blank\" rel=\"noreferrer noopener nofollow\">Disney+<\/a>, colocando a mais recente aventura de Din Djarin (Pedro Pascal) e seu pequeno companheiro no cat\u00e1logo do streaming. A chegada abre espa\u00e7o para uma pergunta inevit\u00e1vel entre os f\u00e3s: afinal, quais s\u00e3o as pr\u00f3ximas produ\u00e7\u00f5es de <a href=\"https:\/\/tangerina.uol.com.br\/tag\/star-wars\/\" target=\"_blank\" rel=\"noreferrer noopener nofollow\">Star Wars<\/a>?<\/p>\n<p>A <a href=\"https:\/\/www.lucasfilm.com\/\" target=\"_blank\" rel=\"noreferrer noopener nofollow\">Lucasfilm<\/a> mant\u00e9m uma longa lista de projetos em desenvolvimento, embora apenas alguns tenham lan\u00e7amento confirmado. Entre s\u00e9ries, filmes para os cinemas e produ\u00e7\u00f5es ainda sem data, a franquia pretende explorar tanto personagens conhecidos quanto per\u00edodos completamente diferentes de sua cronologia. Confira:<\/p>\n<p>As pr\u00f3ximas estreias de Star Wars<\/p>\n<li><strong>Ahsoka (2\u00aa temporada): 20 de janeiro de 2027<\/strong><\/li>\n<p>\u00c9 a pr\u00f3xima estreia confirmada da franquia. Os novos epis\u00f3dios chegam ao Disney+ e continuar\u00e3o a hist\u00f3ria da Jedi interpretada por Rosario Dawson. O material apresentado na D23 antecipou flashbacks das Guerras Cl\u00f4nicas, novas batalhas espaciais e mais a\u00e7\u00e3o com sabres de luz, enquanto o Grande Almirante Thrawn (Lars Mikkelsen) ter\u00e1 papel importante na trama.<\/p>\n<li><strong>Star Wars: Starfighter: 28 de maio de 2027<\/strong><\/li>\n<p>O pr\u00f3ximo filme de Star Wars nos cinemas ser\u00e1 dirigido por Shawn Levy, de Deadpool &amp; Wolverine (2024). A hist\u00f3ria ser\u00e1 independente e ambientada alguns anos depois de Star Wars: A Ascens\u00e3o Skywalker (2019). Ryan Gosling interpreta Kade Auberon, enquanto o elenco ainda re\u00fane Amy Adams, Matt Smith, Mia Goth, Aaron Pierre, Flynn Gray, Daniel Ings, Simon Bird e Jamael Westman.<\/p>\n<p><img alt=\"Ryan Gosling e Flynn Gray no set de Star Wars: Starfighter, que estreia em 2027\" src=\"data:image\/gif;base64,R0lGODlhAQABAIAAAAAAAP\/\/\/yH5BAEAAAAALAAAAAABAAEAAAIBRAA7\" decoding=\"async\" style=\"position:absolute;top:0;left:0;bottom:0;right:0;box-sizing:border-box;padding:0;border:none;margin:auto;display:block;width:0;height:0;min-width:100%;max-width:100%;min-height:100%;max-height:100%\"\/><\/p>\n<p font-weight=\"500\" font-size=\"14px\" class=\"style__Typo-sc-1e1gvva-0 ezCJRb\">Ryan Gosling e Flynn Gray no set de Star Wars: Starfighter<\/p>\n<p font-weight=\"300\" font-size=\"14px\" class=\"style__Typo-sc-1e1gvva-0 fvAQOT\">(Foto: Instagram\/Reprodu\u00e7\u00e3o)<\/p>\n<p>Lan\u00e7amentos sem previs\u00e3o<\/p>\n<li><strong>Novo filme de Rey: sem data<\/strong><\/li>\n<p>Daisy Ridley retornar\u00e1 como Rey em uma produ\u00e7\u00e3o situada depois de A Ascens\u00e3o Skywalker. A hist\u00f3ria acompanhar\u00e1 a personagem em sua tentativa de reconstruir a Ordem Jedi. Sharmeen Obaid-Chinoy est\u00e1 respons\u00e1vel pela dire\u00e7\u00e3o, enquanto George Nolfi assumiu o roteiro depois das mudan\u00e7as nos bastidores do projeto.<\/p>\n<li><strong>Filme sobre os primeiros Jedi: sem data<\/strong><\/li>\n<p>James Mangold, diretor de Logan (2017) e Indiana Jones e a Rel\u00edquia do Destino (2023), prepara uma hist\u00f3ria situada milhares de anos no passado. A ideia \u00e9 abordar o surgimento dos Jedi e as origens da rela\u00e7\u00e3o dos personagens com a For\u00e7a. O cineasta chegou a comparar sua abordagem \u00e0 de um \u00e9pico b\u00edblico.<\/p>\n<li><strong>Filme de Dave Filoni: sem data<\/strong><\/li>\n<p>Dave Filoni tamb\u00e9m desenvolve um longa live-action pensado para conectar hist\u00f3rias de The Mandalorian (2019-2023), O Livro de Boba Fett (2021-2022), Skeleton Crew (2024-2025) e Ahsoka. A produ\u00e7\u00e3o funcionaria como um grande evento cinematogr\u00e1fico situado entre O Retorno de Jedi (1983) e O Despertar da For\u00e7a (2015), embora tenha perdido prioridade no cronograma.<\/p>\n<li><strong>Star Wars: Maul \u2013 Lorde das Sombras (2\u00aa temporada): sem data<\/strong><\/li>\n<p>A anima\u00e7\u00e3o j\u00e1 est\u00e1 renovada e sua segunda temporada encontra-se em produ\u00e7\u00e3o. A s\u00e9rie acompanha Maul durante os primeiros anos do Imp\u00e9rio Gal\u00e1ctico e teve sua continua\u00e7\u00e3o confirmada antes mesmo da estreia da primeira temporada.<\/p>\n<li><strong>A Droid Story: sem data<\/strong><\/li>\n<p>Lucasfilm Animation e Industrial Light &amp; Magic trabalham no projeto destinado ao Disney+. A hist\u00f3ria apresentar\u00e1 um novo her\u00f3i que ter\u00e1 como guias dois dos personagens mais antigos da saga: R2-D2 e C-3PO.<\/p>\n","protected":false},"excerpt":{"rendered":"O Mandaloriano e Grogu estreou nesta quarta-feira (2) no Disney+, colocando a mais recente aventura de Din Djarin&hellip;\n","protected":false},"author":2,"featured_media":511080,"comment_status":"","ping_status":"","sticky":false,"template":"","format":"standard","meta":{"footnotes":"","_share_on_mastodon":"0"},"categories":[140],"tags":[470,1579,114,115,147,148,878,146,32,33,5418],"class_list":["post-511079","post","type-post","status-publish","format-standard","has-post-thumbnail","category-filmes","tag-cinema","tag-disney","tag-entertainment","tag-entretenimento","tag-film","tag-filmes","tag-lancamentos","tag-movies","tag-portugal","tag-pt","tag-star-wars"],"share_on_mastodon":{"url":"https:\/\/pubeurope.com\/@pt\/117209676449087742","error":""},"_links":{"self":[{"href":"https:\/\/www.europesays.com\/pt\/wp-json\/wp\/v2\/posts\/511079","targetHints":{"allow":["GET"]}}],"collection":[{"href":"https:\/\/www.europesays.com\/pt\/wp-json\/wp\/v2\/posts"}],"about":[{"href":"https:\/\/www.europesays.com\/pt\/wp-json\/wp\/v2\/types\/post"}],"author":[{"embeddable":true,"href":"https:\/\/www.europesays.com\/pt\/wp-json\/wp\/v2\/users\/2"}],"replies":[{"embeddable":true,"href":"https:\/\/www.europesays.com\/pt\/wp-json\/wp\/v2\/comments?post=511079"}],"version-history":[{"count":0,"href":"https:\/\/www.europesays.com\/pt\/wp-json\/wp\/v2\/posts\/511079\/revisions"}],"wp:featuredmedia":[{"embeddable":true,"href":"https:\/\/www.europesays.com\/pt\/wp-json\/wp\/v2\/media\/511080"}],"wp:attachment":[{"href":"https:\/\/www.europesays.com\/pt\/wp-json\/wp\/v2\/media?parent=511079"}],"wp:term":[{"taxonomy":"category","embeddable":true,"href":"https:\/\/www.europesays.com\/pt\/wp-json\/wp\/v2\/categories?post=511079"},{"taxonomy":"post_tag","embeddable":true,"href":"https:\/\/www.europesays.com\/pt\/wp-json\/wp\/v2\/tags?post=511079"}],"curies":[{"name":"wp","href":"https:\/\/api.w.org\/{rel}","templated":true}]}}