{"id":51109,"date":"2025-08-30T05:39:10","date_gmt":"2025-08-30T05:39:10","guid":{"rendered":"https:\/\/www.europesays.com\/pt\/51109\/"},"modified":"2025-08-30T05:39:10","modified_gmt":"2025-08-30T05:39:10","slug":"vale-tudo-entenda-o-cancer-de-afonso-e-como-os-sintomas-surgem","status":"publish","type":"post","link":"https:\/\/www.europesays.com\/pt\/51109\/","title":{"rendered":"&#8220;Vale Tudo&#8221;: entenda o c\u00e2ncer de Afonso e como os sintomas surgem"},"content":{"rendered":"<p class=\"my-5 break-words group-[.isActiveSource]:text-xl\">Em &#8220;<strong class=\"group-[.isActiveSource]:text-xl group-[.isActiveSource]:font-bold\">Vale Tudo<\/strong>&#8220;, a vida de <strong class=\"group-[.isActiveSource]:text-xl group-[.isActiveSource]:font-bold\">Afonso Roitman<\/strong> (Humberto Carr\u00e3o) ganhou uma nova reviravolta: o herdeiro de <strong class=\"group-[.isActiveSource]:text-xl group-[.isActiveSource]:font-bold\">Odete Roitman<\/strong> (Debora Bloch) recebeu o diagn\u00f3stico de <strong class=\"group-[.isActiveSource]:text-xl group-[.isActiveSource]:font-bold\">leucemia mieloide<\/strong> no cap\u00edtulo desta sexta-feira (29).<\/p>\n<p class=\"my-5 break-words group-[.isActiveSource]:text-xl\">Depois de apresentar diversos sintomas, como cansa\u00e7o extremo, manchas pelo corpo e sangramento nasal, Afonso realiza uma bateria de exames e <a href=\"https:\/\/www.cnnbrasil.com.br\/entretenimento\/vale-tudo-apos-exames-de-urgencia-afonso-e-diagnosticado-com-cancer\/\" target=\"_blank\" rel=\"noopener noreferrer nofollow\" class=\"text-red-600 underline hover:text-red-500 font-medium break-words group-[.isActiveSource]:text-xl\">recebe a confirma\u00e7\u00e3o da doen\u00e7a<\/a>.<\/p>\n<p class=\"my-5 break-words group-[.isActiveSource]:text-xl\">A <a href=\"https:\/\/www.cnnbrasil.com.br\/saude\/leucemia-conheca-os-principais-sintomas-causas-e-tratamentos\/\" target=\"_blank\" rel=\"noopener noreferrer nofollow\" class=\"text-red-600 underline hover:text-red-500 font-medium break-words group-[.isActiveSource]:text-xl\">leucemia<\/a> \u00e9 um dos tipos de c\u00e2ncer mais comuns em homens e em mulheres, com 11 mil novos casos estimados entre 2020 e 2022, segundo dados do Inca (Instituto Nacional do C\u00e2ncer). O tumor envolve as c\u00e9lulas sangu\u00edneas, principalmente os gl\u00f3bulos brancos, mas pode afetar tamb\u00e9m as plaquetas e os gl\u00f3bulos vermelhos.<\/p>\n<p class=\"my-5 break-words group-[.isActiveSource]:text-xl\">Ainda n\u00e3o existe uma causa definida para a leucemia, mas fatores gen\u00e9ticos e ambientais podem influenciar no desenvolvimento da doen\u00e7a. Assim como outros tipos de c\u00e2ncer, a leucemia surge devido a muta\u00e7\u00f5es no DNA, que podem ocorrer de maneira espont\u00e2nea ou por influ\u00eancia de fatores externos, como exposi\u00e7\u00e3o \u00e0 radia\u00e7\u00e3o ou a subst\u00e2ncias cancer\u00edgenas.<\/p>\n<p class=\"my-5 break-words group-[.isActiveSource]:text-xl\">&#8220;Esse c\u00e2ncer tem origem na &#8216;f\u00e1brica do sangue&#8217;, que \u00e9 a medula \u00f3ssea. Essa &#8216;f\u00e1brica&#8217; adoece e come\u00e7a a produzir um tipo de c\u00e9lula tumoral que ocupa espa\u00e7o na medula, fazendo com que as c\u00e9lulas normais n\u00e3o sejam produzidas adequadamente&#8221;, explica Roberto Magalh\u00e3es, m\u00e9dico hematologista e respons\u00e1vel t\u00e9cnico pelo servi\u00e7o de leucemia e transplante de medula \u00f3ssea do Hospital Icara\u00ed, em mat\u00e9ria publicada anteriormente na CNN.<\/p>\n<p>Tipos de leucemia<\/p>\n<p class=\"my-5 break-words group-[.isActiveSource]:text-xl\">Existem diferentes tipos de leucemia, que podem ser classificados em agudos (crescimento r\u00e1pido) ou cr\u00f4nicos (crescimento lento) e, tamb\u00e9m, pelo tipo de c\u00e9lula acometida pelo c\u00e2ncer (linfoide ou mieloide). Os principais tipos de leucemia s\u00e3o:<\/p>\n<ul class=\"list-none [li&gt;&amp;]:pl-5\">\n<li class=\"[ul&gt;&amp;]:indent-5 mb-3 break-words [ul&gt;&amp;]:relative [ul&gt;&amp;]:before:absolute [ul&gt;&amp;]:before:left-1 [ul&gt;&amp;]:before:top-2 [ul&gt;&amp;]:before:w-2 [ul&gt;&amp;]:before:h-2 [ul&gt;&amp;]:before:bg-red-600 [ul&gt;&amp;]:before:rounded-full marker:inline group-[.isActiveSource]:text-xl\"><strong class=\"group-[.isActiveSource]:text-xl group-[.isActiveSource]:font-bold\">Leucemia Linfoide Aguda<\/strong>: mais comum em crian\u00e7as e possui r\u00e1pido desenvolvimento;<\/li>\n<li class=\"[ul&gt;&amp;]:indent-5 mb-3 break-words [ul&gt;&amp;]:relative [ul&gt;&amp;]:before:absolute [ul&gt;&amp;]:before:left-1 [ul&gt;&amp;]:before:top-2 [ul&gt;&amp;]:before:w-2 [ul&gt;&amp;]:before:h-2 [ul&gt;&amp;]:before:bg-red-600 [ul&gt;&amp;]:before:rounded-full marker:inline group-[.isActiveSource]:text-xl\"><strong class=\"group-[.isActiveSource]:text-xl group-[.isActiveSource]:font-bold\">Leucemia Linfoide Cr\u00f4nica<\/strong>: mais comum em adultos, principalmente a partir dos 50 anos, e seu crescimento \u00e9 mais lento;<\/li>\n<li class=\"[ul&gt;&amp;]:indent-5 mb-3 break-words [ul&gt;&amp;]:relative [ul&gt;&amp;]:before:absolute [ul&gt;&amp;]:before:left-1 [ul&gt;&amp;]:before:top-2 [ul&gt;&amp;]:before:w-2 [ul&gt;&amp;]:before:h-2 [ul&gt;&amp;]:before:bg-red-600 [ul&gt;&amp;]:before:rounded-full marker:inline group-[.isActiveSource]:text-xl\"><strong class=\"group-[.isActiveSource]:text-xl group-[.isActiveSource]:font-bold\">Leucemia Mieloide Aguda<\/strong>: \u00e9 mais comum em adultos e tem crescimento r\u00e1pido;<\/li>\n<li class=\"[ul&gt;&amp;]:indent-5 mb-3 break-words [ul&gt;&amp;]:relative [ul&gt;&amp;]:before:absolute [ul&gt;&amp;]:before:left-1 [ul&gt;&amp;]:before:top-2 [ul&gt;&amp;]:before:w-2 [ul&gt;&amp;]:before:h-2 [ul&gt;&amp;]:before:bg-red-600 [ul&gt;&amp;]:before:rounded-full marker:inline group-[.isActiveSource]:text-xl\"><strong class=\"group-[.isActiveSource]:text-xl group-[.isActiveSource]:font-bold\">Leucemia Mieloide Cr\u00f4nica<\/strong>: caracterizada pela produ\u00e7\u00e3o excessiva de gl\u00f3bulos brancos, sendo mais comum em idosos.<\/li>\n<\/ul>\n<p class=\"my-5 break-words group-[.isActiveSource]:text-xl\">Quais s\u00e3o os sintomas?<\/p>\n<p class=\"my-5 break-words group-[.isActiveSource]:text-xl\">Os sintomas de leucemia costumam ser semelhantes entre os tipos, podendo incluir:<\/p>\n<ul class=\"list-none [li&gt;&amp;]:pl-5\">\n<li class=\"[ul&gt;&amp;]:indent-5 mb-3 break-words [ul&gt;&amp;]:relative [ul&gt;&amp;]:before:absolute [ul&gt;&amp;]:before:left-1 [ul&gt;&amp;]:before:top-2 [ul&gt;&amp;]:before:w-2 [ul&gt;&amp;]:before:h-2 [ul&gt;&amp;]:before:bg-red-600 [ul&gt;&amp;]:before:rounded-full marker:inline group-[.isActiveSource]:text-xl\">Fraqueza;<\/li>\n<li class=\"[ul&gt;&amp;]:indent-5 mb-3 break-words [ul&gt;&amp;]:relative [ul&gt;&amp;]:before:absolute [ul&gt;&amp;]:before:left-1 [ul&gt;&amp;]:before:top-2 [ul&gt;&amp;]:before:w-2 [ul&gt;&amp;]:before:h-2 [ul&gt;&amp;]:before:bg-red-600 [ul&gt;&amp;]:before:rounded-full marker:inline group-[.isActiveSource]:text-xl\">Sangramentos nasais ou gengivais;<\/li>\n<li class=\"[ul&gt;&amp;]:indent-5 mb-3 break-words [ul&gt;&amp;]:relative [ul&gt;&amp;]:before:absolute [ul&gt;&amp;]:before:left-1 [ul&gt;&amp;]:before:top-2 [ul&gt;&amp;]:before:w-2 [ul&gt;&amp;]:before:h-2 [ul&gt;&amp;]:before:bg-red-600 [ul&gt;&amp;]:before:rounded-full marker:inline group-[.isActiveSource]:text-xl\">Manchas roxas pelo corpo;<\/li>\n<li class=\"[ul&gt;&amp;]:indent-5 mb-3 break-words [ul&gt;&amp;]:relative [ul&gt;&amp;]:before:absolute [ul&gt;&amp;]:before:left-1 [ul&gt;&amp;]:before:top-2 [ul&gt;&amp;]:before:w-2 [ul&gt;&amp;]:before:h-2 [ul&gt;&amp;]:before:bg-red-600 [ul&gt;&amp;]:before:rounded-full marker:inline group-[.isActiveSource]:text-xl\">Dor nas pernas;<\/li>\n<li class=\"[ul&gt;&amp;]:indent-5 mb-3 break-words [ul&gt;&amp;]:relative [ul&gt;&amp;]:before:absolute [ul&gt;&amp;]:before:left-1 [ul&gt;&amp;]:before:top-2 [ul&gt;&amp;]:before:w-2 [ul&gt;&amp;]:before:h-2 [ul&gt;&amp;]:before:bg-red-600 [ul&gt;&amp;]:before:rounded-full marker:inline group-[.isActiveSource]:text-xl\">Febre;<\/li>\n<li class=\"[ul&gt;&amp;]:indent-5 mb-3 break-words [ul&gt;&amp;]:relative [ul&gt;&amp;]:before:absolute [ul&gt;&amp;]:before:left-1 [ul&gt;&amp;]:before:top-2 [ul&gt;&amp;]:before:w-2 [ul&gt;&amp;]:before:h-2 [ul&gt;&amp;]:before:bg-red-600 [ul&gt;&amp;]:before:rounded-full marker:inline group-[.isActiveSource]:text-xl\">G\u00e2nglios aumentados;<\/li>\n<li class=\"[ul&gt;&amp;]:indent-5 mb-3 break-words [ul&gt;&amp;]:relative [ul&gt;&amp;]:before:absolute [ul&gt;&amp;]:before:left-1 [ul&gt;&amp;]:before:top-2 [ul&gt;&amp;]:before:w-2 [ul&gt;&amp;]:before:h-2 [ul&gt;&amp;]:before:bg-red-600 [ul&gt;&amp;]:before:rounded-full marker:inline group-[.isActiveSource]:text-xl\">Dor e aumento na regi\u00e3o esquerda do corpo (ba\u00e7o).<\/li>\n<\/ul>\n<p class=\"my-5 break-words group-[.isActiveSource]:text-xl\">No caso da leucemia mieloide aguda, podem surgir, ainda, sintomas como:<\/p>\n<ul class=\"list-none [li&gt;&amp;]:pl-5\">\n<li class=\"[ul&gt;&amp;]:indent-5 mb-3 break-words [ul&gt;&amp;]:relative [ul&gt;&amp;]:before:absolute [ul&gt;&amp;]:before:left-1 [ul&gt;&amp;]:before:top-2 [ul&gt;&amp;]:before:w-2 [ul&gt;&amp;]:before:h-2 [ul&gt;&amp;]:before:bg-red-600 [ul&gt;&amp;]:before:rounded-full marker:inline group-[.isActiveSource]:text-xl\">Falta de ar durante atividades f\u00edsicas normais;<\/li>\n<li class=\"[ul&gt;&amp;]:indent-5 mb-3 break-words [ul&gt;&amp;]:relative [ul&gt;&amp;]:before:absolute [ul&gt;&amp;]:before:left-1 [ul&gt;&amp;]:before:top-2 [ul&gt;&amp;]:before:w-2 [ul&gt;&amp;]:before:h-2 [ul&gt;&amp;]:before:bg-red-600 [ul&gt;&amp;]:before:rounded-full marker:inline group-[.isActiveSource]:text-xl\">Tonturas ou desmaios;<\/li>\n<li class=\"[ul&gt;&amp;]:indent-5 mb-3 break-words [ul&gt;&amp;]:relative [ul&gt;&amp;]:before:absolute [ul&gt;&amp;]:before:left-1 [ul&gt;&amp;]:before:top-2 [ul&gt;&amp;]:before:w-2 [ul&gt;&amp;]:before:h-2 [ul&gt;&amp;]:before:bg-red-600 [ul&gt;&amp;]:before:rounded-full marker:inline group-[.isActiveSource]:text-xl\">Palidez;<\/li>\n<li class=\"[ul&gt;&amp;]:indent-5 mb-3 break-words [ul&gt;&amp;]:relative [ul&gt;&amp;]:before:absolute [ul&gt;&amp;]:before:left-1 [ul&gt;&amp;]:before:top-2 [ul&gt;&amp;]:before:w-2 [ul&gt;&amp;]:before:h-2 [ul&gt;&amp;]:before:bg-red-600 [ul&gt;&amp;]:before:rounded-full marker:inline group-[.isActiveSource]:text-xl\">Perda de apetite;<\/li>\n<li class=\"[ul&gt;&amp;]:indent-5 mb-3 break-words [ul&gt;&amp;]:relative [ul&gt;&amp;]:before:absolute [ul&gt;&amp;]:before:left-1 [ul&gt;&amp;]:before:top-2 [ul&gt;&amp;]:before:w-2 [ul&gt;&amp;]:before:h-2 [ul&gt;&amp;]:before:bg-red-600 [ul&gt;&amp;]:before:rounded-full marker:inline group-[.isActiveSource]:text-xl\">Perda de peso sem motivo aparente.<\/li>\n<\/ul>\n<p class=\"my-5 break-words group-[.isActiveSource]:text-xl\">Quando esses sintomas come\u00e7am a ser recorrentes ou n\u00e3o possuem uma causa identific\u00e1vel, \u00e9 preciso buscar ajuda m\u00e9dica.<\/p>\n<p>Como \u00e9 feito o diagn\u00f3stico?<\/p>\n<p class=\"my-5 break-words group-[.isActiveSource]:text-xl\">O principal exame que ajuda no diagn\u00f3stico da leucemia \u00e9 o hemograma completo. Quando seu resultado est\u00e1 alterado, com baixo n\u00famero de plaquetas ou com a identifica\u00e7\u00e3o de blastos (c\u00e9lulas doentes) no sangue, h\u00e1 a suspeita de leucemia. Nesse caso, o pr\u00f3ximo passo \u00e9 realizar o exame de medula \u00f3ssea (mielograma), em que \u00e9 retirado um mililitro do material esponjoso de dentro do osso para examinar as c\u00e9lulas presentes na regi\u00e3o.<\/p>\n<p class=\"my-5 break-words group-[.isActiveSource]:text-xl\">Confirmada a leucemia, \u00e9 realizada a imunofenotipagem, um exame que avalia o fen\u00f3tipo das c\u00e9lulas doentes, ou seja, as suas caracter\u00edsticas, para entender qual \u00e9 o tipo de c\u00e2ncer presente no sangue.<\/p>\n<p class=\"my-5 break-words group-[.isActiveSource]:text-xl\">No caso da leucemia mieloide aguda, o diagn\u00f3stico requer a identifica\u00e7\u00e3o de 20% ou mais de blastos no sangue, ou na medula \u00f3ssea, de acordo com a Associa\u00e7\u00e3o Brasileira de Linfoma e Leucemia (Abrale).<\/p>\n<p>Tratamento<\/p>\n<p class=\"my-5 break-words group-[.isActiveSource]:text-xl\">O tratamento para leucemia varia de acordo com o tipo do <a href=\"https:\/\/www.cnnbrasil.com.br\/saude\/cancer-renal-deve-crescer-quase-80-no-brasil-e-na-america-latina-ate-2050\/\" target=\"_blank\" rel=\"noopener noreferrer nofollow\" class=\"text-red-600 underline hover:text-red-500 font-medium break-words group-[.isActiveSource]:text-xl\">c\u00e2ncer<\/a>. No geral, o objetivo \u00e9 destruir as c\u00e9lulas anormais para que a medula volte a produzir c\u00e9lulas saud\u00e1veis. No caso da leucemia mieloide, as possibilidades s\u00e3o:<\/p>\n<ul class=\"list-none [li&gt;&amp;]:pl-5\">\n<li class=\"[ul&gt;&amp;]:indent-5 mb-3 break-words [ul&gt;&amp;]:relative [ul&gt;&amp;]:before:absolute [ul&gt;&amp;]:before:left-1 [ul&gt;&amp;]:before:top-2 [ul&gt;&amp;]:before:w-2 [ul&gt;&amp;]:before:h-2 [ul&gt;&amp;]:before:bg-red-600 [ul&gt;&amp;]:before:rounded-full marker:inline group-[.isActiveSource]:text-xl\"><strong class=\"group-[.isActiveSource]:text-xl group-[.isActiveSource]:font-bold\">Leucemia Mieloide Aguda<\/strong>: indu\u00e7\u00e3o de remiss\u00e3o com <a href=\"https:\/\/www.cnnbrasil.com.br\/saude\/riscos-da-quimioterapia-quando-o-tratamento-pode-ser-fatal\/\" target=\"_blank\" rel=\"noopener noreferrer nofollow\" class=\"text-red-600 underline hover:text-red-500 font-medium break-words group-[.isActiveSource]:text-xl\">quimioterapia<\/a> e consolida\u00e7\u00e3o com quimioter\u00e1picos n\u00e3o utilizados anteriormente, com manuten\u00e7\u00e3o feita em casos espec\u00edficos;<\/li>\n<li class=\"[ul&gt;&amp;]:indent-5 mb-3 break-words [ul&gt;&amp;]:relative [ul&gt;&amp;]:before:absolute [ul&gt;&amp;]:before:left-1 [ul&gt;&amp;]:before:top-2 [ul&gt;&amp;]:before:w-2 [ul&gt;&amp;]:before:h-2 [ul&gt;&amp;]:before:bg-red-600 [ul&gt;&amp;]:before:rounded-full marker:inline group-[.isActiveSource]:text-xl\"><strong class=\"group-[.isActiveSource]:text-xl group-[.isActiveSource]:font-bold\">Leucemia Mieloide Cr\u00f4nica<\/strong>: o tratamento \u00e9 feito com terapia-alvo, que inibe uma prote\u00edna chamada tirosina quinase, que est\u00e1 envolvida no desenvolvimento desse tipo de leucemia.<\/li>\n<\/ul>\n<p class=\"my-5 break-words group-[.isActiveSource]:text-xl\">Vale ressaltar que as leucemias agudas requerem interna\u00e7\u00e3o hospitalar, j\u00e1 que possuem evolu\u00e7\u00e3o r\u00e1pida. Em alguns casos com maior risco de complica\u00e7\u00f5es graves, pode ser necess\u00e1rio o transplante de medula \u00f3ssea.<\/p>\n","protected":false},"excerpt":{"rendered":"Em &#8220;Vale Tudo&#8220;, a vida de Afonso Roitman (Humberto Carr\u00e3o) ganhou uma nova reviravolta: o herdeiro de Odete&hellip;\n","protected":false},"author":2,"featured_media":51110,"comment_status":"","ping_status":"","sticky":false,"template":"","format":"standard","meta":{"footnotes":""},"categories":[142],"tags":[114,115,32,33,151],"class_list":{"0":"post-51109","1":"post","2":"type-post","3":"status-publish","4":"format-standard","5":"has-post-thumbnail","7":"category-tv","8":"tag-entertainment","9":"tag-entretenimento","10":"tag-portugal","11":"tag-pt","12":"tag-tv"},"share_on_mastodon":{"url":"","error":""},"_links":{"self":[{"href":"https:\/\/www.europesays.com\/pt\/wp-json\/wp\/v2\/posts\/51109","targetHints":{"allow":["GET"]}}],"collection":[{"href":"https:\/\/www.europesays.com\/pt\/wp-json\/wp\/v2\/posts"}],"about":[{"href":"https:\/\/www.europesays.com\/pt\/wp-json\/wp\/v2\/types\/post"}],"author":[{"embeddable":true,"href":"https:\/\/www.europesays.com\/pt\/wp-json\/wp\/v2\/users\/2"}],"replies":[{"embeddable":true,"href":"https:\/\/www.europesays.com\/pt\/wp-json\/wp\/v2\/comments?post=51109"}],"version-history":[{"count":0,"href":"https:\/\/www.europesays.com\/pt\/wp-json\/wp\/v2\/posts\/51109\/revisions"}],"wp:featuredmedia":[{"embeddable":true,"href":"https:\/\/www.europesays.com\/pt\/wp-json\/wp\/v2\/media\/51110"}],"wp:attachment":[{"href":"https:\/\/www.europesays.com\/pt\/wp-json\/wp\/v2\/media?parent=51109"}],"wp:term":[{"taxonomy":"category","embeddable":true,"href":"https:\/\/www.europesays.com\/pt\/wp-json\/wp\/v2\/categories?post=51109"},{"taxonomy":"post_tag","embeddable":true,"href":"https:\/\/www.europesays.com\/pt\/wp-json\/wp\/v2\/tags?post=51109"}],"curies":[{"name":"wp","href":"https:\/\/api.w.org\/{rel}","templated":true}]}}