{"id":511113,"date":"2026-09-03T23:53:28","date_gmt":"2026-09-03T23:53:28","guid":{"rendered":"https:\/\/www.europesays.com\/pt\/511113\/"},"modified":"2026-09-03T23:53:28","modified_gmt":"2026-09-03T23:53:28","slug":"oficial-marcos-llorente-retira-se-da-selecao-de-espanha-aos-31-anos","status":"publish","type":"post","link":"https:\/\/www.europesays.com\/pt\/511113\/","title":{"rendered":"OFICIAL: Marcos Llorente retira-se da sele\u00e7\u00e3o de Espanha aos 31 anos"},"content":{"rendered":"<p>Marcos Llorente decidiu colocar um ponto final na sua caminhada ao servi\u00e7o da sele\u00e7\u00e3o de Espanha.<\/p>\n<p>Atrav\u00e9s das redes sociais, o defesa de 31 anos partilhou uma mensagem emotiva e explica os motivos desta ren\u00fancia, sendo que se trata de uma decis\u00e3o \u00abpessoal e ponderada\u00bb, tomada pouco tempo ap\u00f3s se ter tornado campe\u00e3o do mundo.<\/p>\n<p>\u00abIndependentemente de ter ido ao Mundial 2026 ou n\u00e3o, de termos conquistado o t\u00edtulo ou n\u00e3o, esta decis\u00e3o j\u00e1 estava tomada. S\u00f3 posso estar agradecido a todas as pessoas com quem me cruzei durante estes anos e que fizeram com que eu e a minha fam\u00edlia pud\u00e9ssemos viver momentos \u00fanicos e inesquec\u00edveis\u00bb, pode ler-se.<\/p>\n<p>Al\u00e9m do Campeonato do Mundo, Marcos Llorente conquistou tamb\u00e9m uma Liga das Na\u00e7\u00f5es pela \u00abLa Roja\u00bb, tendo representado o pa\u00eds num total de 27 ocasi\u00f5es.<\/p>\n<p><strong>Leia aqui a mensagem de Llorente na \u00edntegra:<\/strong>\u00a0<\/p>\n<blockquote class=\"instagram-media\" data-instgrm-captioned=\"\" data-instgrm-permalink=\"https:\/\/www.instagram.com\/p\/Dc1PF8pioqd\/?utm_source=ig_embed&amp;utm_campaign=loading\" data-instgrm-version=\"14\" style=\" background:#FFF; border:0; border-radius:3px; box-shadow:0 0 1px 0 rgba(0,0,0,0.5),0 1px 10px 0 rgba(0,0,0,0.15); margin: 1px; max-width:540px; min-width:326px; padding:0; width:99.375%; width:-webkit-calc(100% - 2px); width:calc(100% - 2px);\">\n<\/blockquote>\n<p>(em atualiza\u00e7\u00e3o)\u00a0<\/p>\n<p>                                <script async src=\"\/\/www.instagram.com\/embed.js\"><\/script><\/p>\n","protected":false},"excerpt":{"rendered":"Marcos Llorente decidiu colocar um ponto final na sua caminhada ao servi\u00e7o da sele\u00e7\u00e3o de Espanha. Atrav\u00e9s das&hellip;\n","protected":false},"author":2,"featured_media":511114,"comment_status":"","ping_status":"","sticky":false,"template":"","format":"standard","meta":{"footnotes":"","_share_on_mastodon":"0"},"categories":[87],"tags":[1318,135,640,82,46,81855,12632,729,32,33,47,548,81856,134],"class_list":["post-511113","post","type-post","status-publish","format-standard","has-post-thumbnail","category-desporto","tag-comunicado","tag-desporto","tag-espanha","tag-internacional","tag-maisfutebol","tag-marcos-llorente","tag-mundial-2026","tag-oficial","tag-portugal","tag-pt","tag-pura-paixao","tag-redes-sociais","tag-renuncia","tag-sports"],"share_on_mastodon":{"url":"https:\/\/pubeurope.com\/@pt\/117209806682973951","error":""},"_links":{"self":[{"href":"https:\/\/www.europesays.com\/pt\/wp-json\/wp\/v2\/posts\/511113","targetHints":{"allow":["GET"]}}],"collection":[{"href":"https:\/\/www.europesays.com\/pt\/wp-json\/wp\/v2\/posts"}],"about":[{"href":"https:\/\/www.europesays.com\/pt\/wp-json\/wp\/v2\/types\/post"}],"author":[{"embeddable":true,"href":"https:\/\/www.europesays.com\/pt\/wp-json\/wp\/v2\/users\/2"}],"replies":[{"embeddable":true,"href":"https:\/\/www.europesays.com\/pt\/wp-json\/wp\/v2\/comments?post=511113"}],"version-history":[{"count":0,"href":"https:\/\/www.europesays.com\/pt\/wp-json\/wp\/v2\/posts\/511113\/revisions"}],"wp:featuredmedia":[{"embeddable":true,"href":"https:\/\/www.europesays.com\/pt\/wp-json\/wp\/v2\/media\/511114"}],"wp:attachment":[{"href":"https:\/\/www.europesays.com\/pt\/wp-json\/wp\/v2\/media?parent=511113"}],"wp:term":[{"taxonomy":"category","embeddable":true,"href":"https:\/\/www.europesays.com\/pt\/wp-json\/wp\/v2\/categories?post=511113"},{"taxonomy":"post_tag","embeddable":true,"href":"https:\/\/www.europesays.com\/pt\/wp-json\/wp\/v2\/tags?post=511113"}],"curies":[{"name":"wp","href":"https:\/\/api.w.org\/{rel}","templated":true}]}}