{"id":511119,"date":"2026-09-03T23:58:15","date_gmt":"2026-09-03T23:58:15","guid":{"rendered":"https:\/\/www.europesays.com\/pt\/511119\/"},"modified":"2026-09-03T23:58:15","modified_gmt":"2026-09-03T23:58:15","slug":"putin-muda-de-ideias-e-propoe-negociacoes-diretas-com-kiev","status":"publish","type":"post","link":"https:\/\/www.europesays.com\/pt\/511119\/","title":{"rendered":"Putin muda de ideias e prop\u00f5e negocia\u00e7\u00f5es diretas com Kiev"},"content":{"rendered":"<p>Negocia\u00e7\u00f5es anteriores ru\u00edram devido \u00e0 posi\u00e7\u00e3o inflex\u00edvel de Putin sobre os territ\u00f3rios invadidos.EPA\/VYACHESLAV PROKOFYEV\/SPUTNIK\/KREMLIN POOL <\/p>\n<p><a class=\"arrow-component arr--section-name\" aria-label=\"section-name\" href=\"https:\/\/www.dn.pt\/internacional\" rel=\"nofollow noopener\" target=\"_blank\">Internacional<\/a><\/p>\n<p>L\u00edder russo em sintonia com Trump sobre conversa\u00e7\u00f5es sem intermedi\u00e1rios. Horas antes recusara \u201cnegociar com terroristas\u201d.<\/p>\n<p>Publicado a:\u00a0<\/p>\n<p>03 Set 2026, 20:07<\/p>\n<p>Atualizado a:\u00a0<\/p>\n<p>03 Set 2026, 20:07<\/p>\n<p>Loading content, please wait&#8230;<\/p>\n","protected":false},"excerpt":{"rendered":"Negocia\u00e7\u00f5es anteriores ru\u00edram devido \u00e0 posi\u00e7\u00e3o inflex\u00edvel de Putin sobre os territ\u00f3rios invadidos.EPA\/VYACHESLAV PROKOFYEV\/SPUTNIK\/KREMLIN POOL Internacional L\u00edder russo&hellip;\n","protected":false},"author":2,"featured_media":511120,"comment_status":"","ping_status":"","sticky":false,"template":"","format":"standard","meta":{"footnotes":"","_share_on_mastodon":"0"},"categories":[50],"tags":[27,28,15,16,830,14,4167,25,26,21,22,62,2967,12,13,19,20,23,24,3813,839,8270,17,18,2183,840,29,30,31,81742,63,64,65,3814],"class_list":["post-511119","post","type-post","status-publish","format-standard","has-post-thumbnail","category-mundo","tag-breaking-news","tag-breakingnews","tag-featured-news","tag-featurednews","tag-guerra","tag-headlines","tag-kiev","tag-latest-news","tag-latestnews","tag-main-news","tag-mainnews","tag-mundo","tag-negociacoes","tag-news","tag-noticias","tag-noticias-principais","tag-noticiasprincipais","tag-principais-noticias","tag-principaisnoticias","tag-putin","tag-russia","tag-terrorismo","tag-top-stories","tag-topstories","tag-trump","tag-ucrania","tag-ultimas","tag-ultimas-noticias","tag-ultimasnoticias","tag-vladivostok","tag-world","tag-world-news","tag-worldnews","tag-zelensky"],"share_on_mastodon":{"url":"https:\/\/pubeurope.com\/@pt\/117209825641441179","error":""},"_links":{"self":[{"href":"https:\/\/www.europesays.com\/pt\/wp-json\/wp\/v2\/posts\/511119","targetHints":{"allow":["GET"]}}],"collection":[{"href":"https:\/\/www.europesays.com\/pt\/wp-json\/wp\/v2\/posts"}],"about":[{"href":"https:\/\/www.europesays.com\/pt\/wp-json\/wp\/v2\/types\/post"}],"author":[{"embeddable":true,"href":"https:\/\/www.europesays.com\/pt\/wp-json\/wp\/v2\/users\/2"}],"replies":[{"embeddable":true,"href":"https:\/\/www.europesays.com\/pt\/wp-json\/wp\/v2\/comments?post=511119"}],"version-history":[{"count":0,"href":"https:\/\/www.europesays.com\/pt\/wp-json\/wp\/v2\/posts\/511119\/revisions"}],"wp:featuredmedia":[{"embeddable":true,"href":"https:\/\/www.europesays.com\/pt\/wp-json\/wp\/v2\/media\/511120"}],"wp:attachment":[{"href":"https:\/\/www.europesays.com\/pt\/wp-json\/wp\/v2\/media?parent=511119"}],"wp:term":[{"taxonomy":"category","embeddable":true,"href":"https:\/\/www.europesays.com\/pt\/wp-json\/wp\/v2\/categories?post=511119"},{"taxonomy":"post_tag","embeddable":true,"href":"https:\/\/www.europesays.com\/pt\/wp-json\/wp\/v2\/tags?post=511119"}],"curies":[{"name":"wp","href":"https:\/\/api.w.org\/{rel}","templated":true}]}}