{"id":511161,"date":"2026-09-04T01:02:33","date_gmt":"2026-09-04T01:02:33","guid":{"rendered":"https:\/\/www.europesays.com\/pt\/511161\/"},"modified":"2026-09-04T01:02:33","modified_gmt":"2026-09-04T01:02:33","slug":"assista-a-integra-do-jornal-da-record-24","status":"publish","type":"post","link":"https:\/\/www.europesays.com\/pt\/511161\/","title":{"rendered":"Assista \u00e0 \u00edntegra do Jornal da Record"},"content":{"rendered":"<p class=\"jarvics:base-text-neutral-high-400 xovem:base-text-dark-high-400 base-text-[calc(theme(fontSize.xs)_*_var(--font-size,_1))] base-font-normal base-font-primary base-text-neutral-low-500 base-text-left\">Confira na edi\u00e7\u00e3o do Jornal da Record desta quarta-feira (2): Na primeira sess\u00e3o do STF depois da divulga\u00e7\u00e3o das mensagens entre Vorcaro e Alexandre de Moraes, ministros ignoram relat\u00f3rio da PF. Tribunal est\u00e1 dividido sobre abertura de investiga\u00e7\u00e3o contra Moraes no caso do Banco Master. Taxa das blusinhas e fim da escala 6 por 1 passam em comiss\u00f5es e agora seguem para o plen\u00e1rio. Pre\u00e7o da carne no Brasil cai por causa de tarifa da China e boicote da Uni\u00e3o Europeia. Golpista se passa por treinador do Gr\u00eamio e engana at\u00e9 jogadores do time. China testa drone para combater inc\u00eandios. Equipamento consegue levar \u00e1gua a quase 200 metros de altura.<\/p>\n","protected":false},"excerpt":{"rendered":"Confira na edi\u00e7\u00e3o do Jornal da Record desta quarta-feira (2): Na primeira sess\u00e3o do STF depois da divulga\u00e7\u00e3o&hellip;\n","protected":false},"author":2,"featured_media":511162,"comment_status":"","ping_status":"","sticky":false,"template":"","format":"standard","meta":{"footnotes":"","_share_on_mastodon":"0"},"categories":[142],"tags":[81817,114,115,43806,4286,32,33,151],"class_list":["post-511161","post","type-post","status-publish","format-standard","has-post-thumbnail","category-tv","tag-02-09-2026","tag-entertainment","tag-entretenimento","tag-integra","tag-jornal-da-record","tag-portugal","tag-pt","tag-tv"],"share_on_mastodon":{"url":"https:\/\/pubeurope.com\/@pt\/117210077105963640","error":""},"_links":{"self":[{"href":"https:\/\/www.europesays.com\/pt\/wp-json\/wp\/v2\/posts\/511161","targetHints":{"allow":["GET"]}}],"collection":[{"href":"https:\/\/www.europesays.com\/pt\/wp-json\/wp\/v2\/posts"}],"about":[{"href":"https:\/\/www.europesays.com\/pt\/wp-json\/wp\/v2\/types\/post"}],"author":[{"embeddable":true,"href":"https:\/\/www.europesays.com\/pt\/wp-json\/wp\/v2\/users\/2"}],"replies":[{"embeddable":true,"href":"https:\/\/www.europesays.com\/pt\/wp-json\/wp\/v2\/comments?post=511161"}],"version-history":[{"count":0,"href":"https:\/\/www.europesays.com\/pt\/wp-json\/wp\/v2\/posts\/511161\/revisions"}],"wp:featuredmedia":[{"embeddable":true,"href":"https:\/\/www.europesays.com\/pt\/wp-json\/wp\/v2\/media\/511162"}],"wp:attachment":[{"href":"https:\/\/www.europesays.com\/pt\/wp-json\/wp\/v2\/media?parent=511161"}],"wp:term":[{"taxonomy":"category","embeddable":true,"href":"https:\/\/www.europesays.com\/pt\/wp-json\/wp\/v2\/categories?post=511161"},{"taxonomy":"post_tag","embeddable":true,"href":"https:\/\/www.europesays.com\/pt\/wp-json\/wp\/v2\/tags?post=511161"}],"curies":[{"name":"wp","href":"https:\/\/api.w.org\/{rel}","templated":true}]}}