{"id":511185,"date":"2026-09-04T01:36:32","date_gmt":"2026-09-04T01:36:32","guid":{"rendered":"https:\/\/www.europesays.com\/pt\/511185\/"},"modified":"2026-09-04T01:36:32","modified_gmt":"2026-09-04T01:36:32","slug":"tatiana-boa-nova-vive-momento-dificil-com-o-filho-bebe-coracao-apertado-big-brother-verao-2026-ultimas-noticias-videos-e-diretos","status":"publish","type":"post","link":"https:\/\/www.europesays.com\/pt\/511185\/","title":{"rendered":"Tatiana Boa Nova vive momento dif\u00edcil com o filho beb\u00e9: \u00abCora\u00e7\u00e3o apertado\u00bb &#8211; Big Brother Ver\u00e3o 2026: \u00daltimas Not\u00edcias, V\u00eddeos e Diretos"},"content":{"rendered":"<p><a target=\"_self\" rel=\"noopener noreferrer nofollow\" href=\"https:\/\/tvi.iol.pt\/bigbrother\/tatiana-boa-nova\/transformacao\/transformacao-historica-esta-iconica-ex-concorrente-do-secret-story-parece-outra-pessoa\">Tatiana Boa Nova est\u00e1 a viver <\/a>uma nova fase da maternidade e admite que n\u00e3o est\u00e1 a ser f\u00e1cil deixar o filho Rodrigo na creche. A ex-concorrente do Secret Story recorreu ao Instagram para partilhar com os seguidores o aperto no cora\u00e7\u00e3o que sentiu neste momento de separa\u00e7\u00e3o.<\/p>\n<p>\u00abOntem vim com o Rodrigo \u00e0 creche e n\u00e3o o deixei ficar, entrei, estive um pouquinho com ele a brincar e viemos embora\u00bb, contou.<\/p>\n<p>Esta quinta-feira, contudo, chegou o momento de deixar o beb\u00e9 pela primeira vez. \u00abHoje deixo-o e com ele ficou o meu cora\u00e7\u00e3o de m\u00e3e apertado\u00bb, confessou Tatiana, explicando que Rodrigo iria ficar apenas uma hora, naquele que \u00e9 \u00abum ambiente completamente desconhecido e diferente\u00bb.<\/p>\n<p> <img loading=\"lazy\" decoding=\"async\" id=\"6a99b97d0cf2b42132dbffe7\" width=\"1000\" height=\"1750\" src=\"https:\/\/www.europesays.com\/pt\/wp-content\/uploads\/2026\/09\/6a99b97d0cf2b42132dbffe7.webp\" alt=\"Tatiana Boa Nova\" class=\"internal-pic\"\/> <\/p>\n<p>Para a m\u00e3e, este momento \u00e9 particularmente dif\u00edcil por deixar de conseguir acompanhar o filho ao minuto. Ainda assim, reconhece que esta nova etapa \u00e9 importante para o seu desenvolvimento e tamb\u00e9m para que possa regressar ao trabalho com maior disponibilidade.<\/p>\n<p>Apesar das emo\u00e7\u00f5es, Tatiana revelou que Rodrigo ficou \u00absuper bem, sorridente e a <a target=\"_self\" rel=\"noopener noreferrer nofollow\" href=\"https:\/\/tvi.iol.pt\/bigbrother\/tatiana-boanova\/declaracao-de-amor\/sao-o-casal-mais-acarinhado-do-mundo-dos-realities-e-esta-declaracao-de-amor-esta-a-comover-a-internet\">brincar\u00bb. \u00abCustou-me mais a mim do que a ele!\u00bb, admitiu.<\/a><\/p>\n<p><a target=\"_self\" rel=\"noopener noreferrer nofollow\" href=\"https:\/\/tvi.iol.pt\/bigbrother\/tatiana-boanova\/declaracao-de-amor\/sao-o-casal-mais-acarinhado-do-mundo-dos-realities-e-esta-declaracao-de-amor-esta-a-comover-a-internet\">A mulher de R\u00faben Boa Nova<\/a> mostra-se, por isso, confiante de que o filho est\u00e1 bem entregue e preparado para esta nova fase. \u00abTenho a certeza que est\u00e1 bem entregue e que ser\u00e1 muito feliz nesta nova etapa\u00bb, garantiu.<\/p>\n","protected":false},"excerpt":{"rendered":"Tatiana Boa Nova est\u00e1 a viver uma nova fase da maternidade e admite que n\u00e3o est\u00e1 a ser&hellip;\n","protected":false},"author":2,"featured_media":511186,"comment_status":"","ping_status":"","sticky":false,"template":"","format":"standard","meta":{"footnotes":"","_share_on_mastodon":"0"},"categories":[85],"tags":[331,48,333,328,335,24224,336,114,115,334,332,330,338,13,32,33,14016,1315,2630,162,227],"class_list":["post-511185","post","type-post","status-publish","format-standard","has-post-thumbnail","category-entretenimento","tag-big","tag-big-brother","tag-comentadores","tag-concorrentes","tag-confrontos","tag-creche","tag-discussoes","tag-entertainment","tag-entretenimento","tag-exclusivos","tag-expulso","tag-gala","tag-maria-botelho-moniz","tag-noticias","tag-portugal","tag-pt","tag-rodrigo","tag-secret-story","tag-tatiana-boa-nova","tag-tvi","tag-videos"],"share_on_mastodon":{"url":"https:\/\/pubeurope.com\/@pt\/117210211220014237","error":""},"_links":{"self":[{"href":"https:\/\/www.europesays.com\/pt\/wp-json\/wp\/v2\/posts\/511185","targetHints":{"allow":["GET"]}}],"collection":[{"href":"https:\/\/www.europesays.com\/pt\/wp-json\/wp\/v2\/posts"}],"about":[{"href":"https:\/\/www.europesays.com\/pt\/wp-json\/wp\/v2\/types\/post"}],"author":[{"embeddable":true,"href":"https:\/\/www.europesays.com\/pt\/wp-json\/wp\/v2\/users\/2"}],"replies":[{"embeddable":true,"href":"https:\/\/www.europesays.com\/pt\/wp-json\/wp\/v2\/comments?post=511185"}],"version-history":[{"count":0,"href":"https:\/\/www.europesays.com\/pt\/wp-json\/wp\/v2\/posts\/511185\/revisions"}],"wp:featuredmedia":[{"embeddable":true,"href":"https:\/\/www.europesays.com\/pt\/wp-json\/wp\/v2\/media\/511186"}],"wp:attachment":[{"href":"https:\/\/www.europesays.com\/pt\/wp-json\/wp\/v2\/media?parent=511185"}],"wp:term":[{"taxonomy":"category","embeddable":true,"href":"https:\/\/www.europesays.com\/pt\/wp-json\/wp\/v2\/categories?post=511185"},{"taxonomy":"post_tag","embeddable":true,"href":"https:\/\/www.europesays.com\/pt\/wp-json\/wp\/v2\/tags?post=511185"}],"curies":[{"name":"wp","href":"https:\/\/api.w.org\/{rel}","templated":true}]}}