{"id":511237,"date":"2026-09-04T03:01:13","date_gmt":"2026-09-04T03:01:13","guid":{"rendered":"https:\/\/www.europesays.com\/pt\/511237\/"},"modified":"2026-09-04T03:01:13","modified_gmt":"2026-09-04T03:01:13","slug":"globo-demite-tres-diretores-e-fara-reformulacao-total-03-09-2026-outro-canal","status":"publish","type":"post","link":"https:\/\/www.europesays.com\/pt\/511237\/","title":{"rendered":"Globo demite tr\u00eas diretores e far\u00e1 reformula\u00e7\u00e3o total &#8211; 03\/09\/2026 &#8211; Outro Canal"},"content":{"rendered":"<p>\n<strong class=\"c-signature__location\">Aracaju <\/strong>\n<\/p>\n<p>A <a href=\"https:\/\/www1.folha.uol.com.br\/folha-topicos\/globo\/\" rel=\"nofollow noopener\" target=\"_blank\">Globo<\/a> vai anunciar nesta sexta-feira (4) a maior reformula\u00e7\u00e3o em sua dire\u00e7\u00e3o na d\u00e9cada. Paulo Marinho, presidente da companhia, confirmar\u00e1 as sa\u00eddas de tr\u00eas diretores.<a href=\"https:\/\/f5.folha.uol.com.br\/colunistas\/outro-canal\/2025\/04\/dez-anos-apos-lancamento-globoplay-vai-deixar-de-dar-prejuizo-diz-diretor-da-globo.shtml\" rel=\"nofollow noopener\" target=\"\"> S\u00e3o eles: Manuel Belmar, diretor de finan\u00e7as e estrutura<\/a>; Manuel Falc\u00e3o, diretor de marca e comunica\u00e7\u00e3o institucional; e Pedro Garcia, diretor de direitos esportivos.<\/p>\n<p>  <a href=\"https:\/\/f5.folha.uol.com.br\/colunistas\/outro-canal\/\" rel=\"nofollow noopener\" target=\"_blank\"><br \/>\n    <img decoding=\"async\" src=\"https:\/\/www.europesays.com\/pt\/wp-content\/uploads\/2026\/09\/1788490873_751_172599691166e09f6f54fe2_1725996911_1x1_xs.jpg\" alt=\"Foto de Outro Canal\" class=\"img-responsive c-lazyload\"\/><\/p>\n<p>  <\/a><\/p>\n<p class=\"author__description\">\n    Cobre diariamente os bastidores das novelas, do telejornalismo e da m\u00eddia esportiva. Tem como titular o jornalista Gabriel Vaquer\n  <\/p>\n","protected":false},"excerpt":{"rendered":"Aracaju A Globo vai anunciar nesta sexta-feira (4) a maior reformula\u00e7\u00e3o em sua dire\u00e7\u00e3o na d\u00e9cada. Paulo Marinho,&hellip;\n","protected":false},"author":2,"featured_media":511238,"comment_status":"","ping_status":"","sticky":false,"template":"","format":"standard","meta":{"footnotes":"","_share_on_mastodon":"0"},"categories":[142],"tags":[219,211,43888,223,17809,46161,114,115,224,225,2698,226,524,753,221,220,222,32,33,81875,2566,218,228,151,227],"class_list":["post-511237","post","type-post","status-publish","format-standard","has-post-thumbnail","category-tv","tag-bichos","tag-celebridades","tag-claro","tag-colunistas","tag-copa-do-mundo","tag-copa-do-mundo-2026","tag-entertainment","tag-entretenimento","tag-estranho","tag-eu-amo","tag-fifa","tag-fofices","tag-futebol","tag-globo","tag-horoscopo","tag-humanos","tag-humor","tag-portugal","tag-pt","tag-roberto-marinho","tag-televiso","tag-televisao","tag-tudo","tag-tv","tag-videos"],"share_on_mastodon":{"url":"https:\/\/pubeurope.com\/@pt\/117210545727516810","error":""},"_links":{"self":[{"href":"https:\/\/www.europesays.com\/pt\/wp-json\/wp\/v2\/posts\/511237","targetHints":{"allow":["GET"]}}],"collection":[{"href":"https:\/\/www.europesays.com\/pt\/wp-json\/wp\/v2\/posts"}],"about":[{"href":"https:\/\/www.europesays.com\/pt\/wp-json\/wp\/v2\/types\/post"}],"author":[{"embeddable":true,"href":"https:\/\/www.europesays.com\/pt\/wp-json\/wp\/v2\/users\/2"}],"replies":[{"embeddable":true,"href":"https:\/\/www.europesays.com\/pt\/wp-json\/wp\/v2\/comments?post=511237"}],"version-history":[{"count":0,"href":"https:\/\/www.europesays.com\/pt\/wp-json\/wp\/v2\/posts\/511237\/revisions"}],"wp:featuredmedia":[{"embeddable":true,"href":"https:\/\/www.europesays.com\/pt\/wp-json\/wp\/v2\/media\/511238"}],"wp:attachment":[{"href":"https:\/\/www.europesays.com\/pt\/wp-json\/wp\/v2\/media?parent=511237"}],"wp:term":[{"taxonomy":"category","embeddable":true,"href":"https:\/\/www.europesays.com\/pt\/wp-json\/wp\/v2\/categories?post=511237"},{"taxonomy":"post_tag","embeddable":true,"href":"https:\/\/www.europesays.com\/pt\/wp-json\/wp\/v2\/tags?post=511237"}],"curies":[{"name":"wp","href":"https:\/\/api.w.org\/{rel}","templated":true}]}}