{"id":511379,"date":"2026-09-04T08:14:28","date_gmt":"2026-09-04T08:14:28","guid":{"rendered":"https:\/\/www.europesays.com\/pt\/511379\/"},"modified":"2026-09-04T08:14:28","modified_gmt":"2026-09-04T08:14:28","slug":"musico-de-38-anos-encontrado-morto-em-casa-com-a-mulher-gravida-filha-e-ama-filho-de-seis-anos-foi-o-unico-sobrevivente","status":"publish","type":"post","link":"https:\/\/www.europesays.com\/pt\/511379\/","title":{"rendered":"M\u00fasico de 38 anos encontrado morto em casa com a mulher gr\u00e1vida, filha e ama. Filho, de seis anos, foi o \u00fanico sobrevivente"},"content":{"rendered":"<p>Jonathan Mel\u00e9ndez, teclista da banda mexicana de rock alternativo Camilo S\u00e9ptimo, foi encontrado morto na passada ter\u00e7a-feira, aos 38 anos, na sua resid\u00eancia, nos arredores da Cidade do M\u00e9xico. No local foram ainda encontrados os corpos da mulher, de 35 anos e gr\u00e1vida de quatro meses, da filha de tr\u00eas anos, da ama, de 21, e do c\u00e3o da fam\u00edlia.<\/p>\n<p>O \u00fanico sobrevivente foi o filho do m\u00fasico, um rapaz de seis anos.<\/p>\n<p> <img loading=\"lazy\" decoding=\"async\" id=\"6a9983b4d34ed0733ba83394\" width=\"1000\" height=\"1499\" src=\"https:\/\/www.europesays.com\/pt\/wp-content\/uploads\/2026\/09\/6a9983b4d34ed0733ba83394.webp\" alt=\"Jonathan Mel\u00e9ndez\" class=\"internal-pic\"\/> <\/p>\n<p>As autoridades confirmaram as mortes e anunciaram a deten\u00e7\u00e3o, no dia seguinte, de dois homens alegadamente relacionados com o crime. Diego Sebasti\u00e1n \u00abN\u00bb, associado de Jonathan Mel\u00e9ndez, \u00e9 apontado como o principal suspeito de ter cometido os homic\u00eddios. J\u00e1 Gerardo \u00abN\u00bb est\u00e1 a ser investigado pelo seu alegado envolvimento no caso.<\/p>\n<p>De acordo com informa\u00e7\u00f5es avan\u00e7adas pela CNN, tr\u00eas das v\u00edtimas ter\u00e3o sido baleadas na cabe\u00e7a. O c\u00e3o da fam\u00edlia foi tamb\u00e9m encontrado com as patas amarradas.<\/p>\n<p>As autoridades acreditam que o crime ter\u00e1 ocorrido entre as 17h30 e as 19h40. Um dos suspeitos ter\u00e1 conseguido entrar na resid\u00eancia atrav\u00e9s da rela\u00e7\u00e3o que mantinha com uma das v\u00edtimas.<\/p>\n<p>Banda despede-se do m\u00fasico <\/p>\n<p>Jonathan Mel\u00e9ndez fazia parte dos Camilo S\u00e9ptimo, trio formado na Cidade do M\u00e9xico em 2013 e que come\u00e7ou a ganhar notoriedade no ano seguinte, com os singles \u00abPortales\u00bb e \u00abNo Conf\u00edes en M\u00ed\u00bb. Os temas acabariam por integrar o EP Maya.<\/p>\n<p>Ao longo da carreira, a banda lan\u00e7ou quatro \u00e1lbuns, sendo Jard\u00edn de Las Almas, editado em 2023, o mais recente. Nos \u00faltimos dois anos, os Camilo S\u00e9ptimo lan\u00e7aram ainda os EPs Mapas e Mapas II.<\/p>\n<p>Ap\u00f3s a morte do m\u00fasico e dos restantes familiares, a banda partilhou uma mensagem de pesar nas redes sociais, na qual se despediu de Jonathan Mel\u00e9ndez e da sua fam\u00edlia.<\/p>\n<p>\u00ab\u00c9 com profunda dor que nos despedimos do nosso querido irm\u00e3o Jonathan Samuel Mel\u00e9ndez Ochoa, da sua esposa, Ana Paula, e da sua filha, Sofia. Viver\u00e3o para sempre nos nossos cora\u00e7\u00f5es\u00bb, pode ler-se na publica\u00e7\u00e3o.<\/p>\n<p>\u00abHonas, celebramos a tua m\u00fasica, a tua vida e a tua luz. Descansem em paz\u00bb, acrescentou a banda.<\/p>\n<p>Recorde o teclista e veja ainda a partilha da banda, na galeria em cima.<\/p>\n","protected":false},"excerpt":{"rendered":"Jonathan Mel\u00e9ndez, teclista da banda mexicana de rock alternativo Camilo S\u00e9ptimo, foi encontrado morto na passada ter\u00e7a-feira, aos&hellip;\n","protected":false},"author":2,"featured_media":511380,"comment_status":"","ping_status":"","sticky":false,"template":"","format":"standard","meta":{"footnotes":"","_share_on_mastodon":"0"},"categories":[50],"tags":[73,72,66,27,28,81744,77,69,15,16,14,81743,25,26,75,21,22,62,12,13,19,20,71,67,23,24,76,74,70,17,18,35,29,30,31,78,68,63,64,65],"class_list":["post-511379","post","type-post","status-publish","format-standard","has-post-thumbnail","category-mundo","tag-a-jornada","tag-bate-bola","tag-bom-dia-alegria","tag-breaking-news","tag-breakingnews","tag-camilo-septimo","tag-estudio-estadio","tag-fanaticos","tag-featured-news","tag-featurednews","tag-headlines","tag-jonathan-melendez","tag-latest-news","tag-latestnews","tag-livre-e-direto","tag-main-news","tag-mainnews","tag-mundo","tag-news","tag-noticias","tag-noticias-principais","tag-noticiasprincipais","tag-nova-geracao","tag-para-si","tag-principais-noticias","tag-principaisnoticias","tag-segredos-do-prazer","tag-segue-o-jogo","tag-super-craques","tag-top-stories","tag-topstories","tag-transferencias","tag-ultimas","tag-ultimas-noticias","tag-ultimasnoticias","tag-v-fama","tag-var-aberto","tag-world","tag-world-news","tag-worldnews"],"share_on_mastodon":{"url":"","error":"Validation failed: Text character limit of 500 exceeded"},"_links":{"self":[{"href":"https:\/\/www.europesays.com\/pt\/wp-json\/wp\/v2\/posts\/511379","targetHints":{"allow":["GET"]}}],"collection":[{"href":"https:\/\/www.europesays.com\/pt\/wp-json\/wp\/v2\/posts"}],"about":[{"href":"https:\/\/www.europesays.com\/pt\/wp-json\/wp\/v2\/types\/post"}],"author":[{"embeddable":true,"href":"https:\/\/www.europesays.com\/pt\/wp-json\/wp\/v2\/users\/2"}],"replies":[{"embeddable":true,"href":"https:\/\/www.europesays.com\/pt\/wp-json\/wp\/v2\/comments?post=511379"}],"version-history":[{"count":0,"href":"https:\/\/www.europesays.com\/pt\/wp-json\/wp\/v2\/posts\/511379\/revisions"}],"wp:featuredmedia":[{"embeddable":true,"href":"https:\/\/www.europesays.com\/pt\/wp-json\/wp\/v2\/media\/511380"}],"wp:attachment":[{"href":"https:\/\/www.europesays.com\/pt\/wp-json\/wp\/v2\/media?parent=511379"}],"wp:term":[{"taxonomy":"category","embeddable":true,"href":"https:\/\/www.europesays.com\/pt\/wp-json\/wp\/v2\/categories?post=511379"},{"taxonomy":"post_tag","embeddable":true,"href":"https:\/\/www.europesays.com\/pt\/wp-json\/wp\/v2\/tags?post=511379"}],"curies":[{"name":"wp","href":"https:\/\/api.w.org\/{rel}","templated":true}]}}